{"id":40397,"date":"2025-01-19T20:17:49","date_gmt":"2025-01-19T18:17:49","guid":{"rendered":"https:\/\/edublog.educastur.es\/ixuxu\/?p=40397"},"modified":"2025-01-20T20:38:51","modified_gmt":"2025-01-20T18:38:51","slug":"vii-carrera-cuerre-con-galban","status":"publish","type":"post","link":"https:\/\/edublog.educastur.es\/ixuxu\/2025\/01\/vii-carrera-cuerre-con-galban\/","title":{"rendered":"VII Carrera \u00abCuerre con Galb\u00e1n\u00bb"},"content":{"rendered":"<div class=\"_aasi\">\n<div class=\"x9f619 xjbqb8w x78zum5 x168nmei x13lgxp2 x5pf9jr xo71vjh x1n2onr6 x1plvlek xryxfnj x1c4vz4f x2lah0s x1q0g3np xqjyukv x6s0dn4 x1oa3qoh x1qughib\">\n<header class=\"_aaqw\">\n<div class=\"_aaqy _aaqz\">\n<div class=\"_aar0 _aar1\">\n<div class=\"x78zum5\">\n<div class=\"_aaqt\">\n<div class=\"x9f619 xjbqb8w x78zum5 x168nmei x13lgxp2 x5pf9jr xo71vjh x1n2onr6 x1plvlek xryxfnj x1c4vz4f x2lah0s x1q0g3np xqjyukv x6s0dn4 x1oa3qoh x1nhvcw1\">\n<ul>\n<li aria-describedby=\":r1c:\"><a class=\"x1i10hfl xjbqb8w x1ejq31n xd10rxx x1sy0etr x17r0tee x972fbf xcfux6l x1qhh985 xm0m39n x9f619 x1ypdohk xt0psk2 xe8uvvx xdj266r x11i5rnm xat24cr x1mh8g0r xexx8yu x4uap5 x18d9i69 xkhd6sd x16tdsg8 x1hl2dhg xggy1nq x1a2a7pz _acan _acao _acat _acaw _aj1- _ap30 _a6hd\" role=\"link\" href=\"https:\/\/www.instagram.com\/aytoviedo\/\">aytoviedo<\/a><\/li>\n<\/ul>\n<p style=\"text-align: center\">\n<!-- iframe plugin v.6.0 wordpress.org\/plugins\/iframe\/ -->\n<iframe loading=\"lazy\" src=\"https:\/\/www.instagram.com\/reel\/DFAhCduMJ0k\/embed\" width=\"460\" height=\"660\" 0=\"\/iframe\" scrolling=\"yes\" class=\"iframe-class\" frameborder=\"0\"><\/iframe>\n<\/p>\n<div class=\"x9f619 xjbqb8w x78zum5 x168nmei x13lgxp2 x5pf9jr xo71vjh xsgj6o6 x1n2onr6 x1plvlek xryxfnj x1c4vz4f x2lah0s xdt5ytf xqjyukv x1qjc9v5 x1oa3qoh x1nhvcw1\">Uvi\u00e9u va acoyer el pr\u00f3ximu 16 de febreru, la <strong>VII Carrera \u00abCuerre con Galb\u00e1n\u00bb<\/strong> que nesta edici\u00f3n <strong>va celebrase, per primer vegada, en tolos conceyos asturianos<\/strong>. Recuerda que la recaldaci\u00f3n va dir destinada a la investigaci\u00f3n biom\u00e9dica. ?\u200d\u2640\ufe0f?Inscripciones: 6\u20ac<\/div>\n<\/div>\n<\/div>\n<\/div>\n<\/div>\n<\/div>\n<\/header>\n<\/div>\n<\/div>\n<div class=\"x78zum5 xdt5ytf x1q2y9iw x1n2onr6 xh8yej3 x9f619 x1iyjqo2 x18l3tf1 x26u7qi xy80clv xexx8yu x4uap5 x18d9i69 xkhd6sd\">\n<div class=\"x78zum5 xdt5ytf x1iyjqo2 xs83m0k x2lwn1j x1odjw0f x1n2onr6 x9ek82g x6ikm8r xdj266r x11i5rnm x4ii5y1 x1mh8g0r xexx8yu x1pi30zi x18d9i69 x1swvt13\">\n<div class=\"x1qjc9v5 x972fbf xcfux6l x1qhh985 xm0m39n x9f619 x78zum5 xdt5ytf x2lah0s xk390pu xdj266r x11i5rnm xat24cr x1mh8g0r xexx8yu x4uap5 x18d9i69 xkhd6sd x1n2onr6 xggy1nq x11njtxf\" role=\"button\">\n<div class=\"_a9zm\">\n<div class=\"_a9zn _a9zo\">\n<div class=\"_a9zr\">\n<div class=\"xt0psk2\">\n<ul>\n<li class=\"_ap3a _aaco _aacu _aacx _aad7 _aade\" dir=\"auto\">?\u200d\u2640\ufe0f?<a href=\"https:\/\/asociaciongalban.org\/corre-con-galban\/\"> asociaciongalban.org\/corre-con-galban<\/a><\/li>\n<li dir=\"auto\"><strong><a href=\"mailto:info@correcongalban.org.\">info@correcongalban.org.<\/a><\/strong><\/li>\n<\/ul>\n<p><!--more--><\/p>\n<p style=\"text-align: center\"><a href=\"https:\/\/api.321go.es\/Uploads\/Image\/Carrera\/133747571482156773.jpg\"><img loading=\"lazy\" decoding=\"async\" class=\"aligncenter size-large\" src=\"https:\/\/api.321go.es\/Uploads\/Image\/Carrera\/133747571482156773.jpg\" width=\"1000\" height=\"556\" \/><\/a><\/p>\n<ul>\n<li>La VII Carrera \u201cCuerre con Galb\u00e1n\u201d <strong>va celebrase, simult\u00e1neamente, el domingu 16 de febreru de 2025 a les 12:00 hores nos 78 conceyos del Princip\u00e1u d&#8217;Asturies.<\/strong><\/li>\n<li>Los percorr\u00edos van tener una distancia d&#8217;ente dos y cinco kil\u00f3metros (dependiendo de les caracter\u00edstiques y posibilidaes de cada conceyu)<\/li>\n<li><strong>Ye un eventu deportivu con calter solidariu<\/strong> que tien como fines sopelexar los beneficios del deporte y del exerciciu f\u00edsicu moder\u00e1u na sal\u00fa, tanto de los ne\u00f1os como de los adultos sanos o enfermos- y la recaldaci\u00f3n de fondos, que se van destinar na so totalid\u00e1 a la investigaci\u00f3n d&#8217;enfermedaes onco-hematol\u00f3xiques de menores y nueves.<\/li>\n<li><strong>La Carrera tien, en tolos casos, un calter l\u00fadicu-saludable y non competitivu<\/strong>, puede faese corriendo o andando y ta abierta a la participaci\u00f3n de persones de cualquier ed\u00e1.<\/li>\n<li>Ye un eventu solidariu que ta promov\u00edu pola Asociaci\u00f3n Galb\u00e1n cola organizaci\u00f3n t\u00e9cnica de les empreses asturianes \u201c321 Go\u201d y \u201cGimpei Asturies\u201d y cuenta cola collaboraci\u00f3n de los 78 conceyos del Princip\u00e1u d&#8217;Asturies.<\/li>\n<li>El tel\u00e9fonu 634 459 359 ta a disposici\u00f3n de tolos participantes n&#8217;horariu de 10 a 20 hores de llunes a vienres.<\/li>\n<\/ul>\n<\/div>\n<\/div>\n<\/div>\n<\/div>\n<\/div>\n<\/div>\n<\/div>\n<p>&nbsp;<\/p>\n","protected":false},"excerpt":{"rendered":"<p>aytoviedo Uvi\u00e9u va acoyer el pr\u00f3ximu 16 de febreru, la VII Carrera \u00abCuerre con Galb\u00e1n\u00bb que nesta edici\u00f3n va celebrase, per primer vegada, en tolos conceyos asturianos. Recuerda que la recaldaci\u00f3n va dir destinada a la investigaci\u00f3n biom\u00e9dica. ?\u200d\u2640\ufe0f?Inscripciones: 6\u20ac ?\u200d\u2640\ufe0f? asociaciongalban.org\/corre-con-galban info@correcongalban.org.<\/p>\n","protected":false},"author":117,"featured_media":0,"comment_status":"open","ping_status":"open","sticky":false,"template":"","format":"standard","meta":{"footnotes":""},"categories":[222],"tags":[],"class_list":["post-40397","post","type-post","status-publish","format-standard","hentry","category-carreres"],"_links":{"self":[{"href":"https:\/\/edublog.educastur.es\/ixuxu\/wp-json\/wp\/v2\/posts\/40397","targetHints":{"allow":["GET"]}}],"collection":[{"href":"https:\/\/edublog.educastur.es\/ixuxu\/wp-json\/wp\/v2\/posts"}],"about":[{"href":"https:\/\/edublog.educastur.es\/ixuxu\/wp-json\/wp\/v2\/types\/post"}],"author":[{"embeddable":true,"href":"https:\/\/edublog.educastur.es\/ixuxu\/wp-json\/wp\/v2\/users\/117"}],"replies":[{"embeddable":true,"href":"https:\/\/edublog.educastur.es\/ixuxu\/wp-json\/wp\/v2\/comments?post=40397"}],"version-history":[{"count":6,"href":"https:\/\/edublog.educastur.es\/ixuxu\/wp-json\/wp\/v2\/posts\/40397\/revisions"}],"predecessor-version":[{"id":40430,"href":"https:\/\/edublog.educastur.es\/ixuxu\/wp-json\/wp\/v2\/posts\/40397\/revisions\/40430"}],"wp:attachment":[{"href":"https:\/\/edublog.educastur.es\/ixuxu\/wp-json\/wp\/v2\/media?parent=40397"}],"wp:term":[{"taxonomy":"category","embeddable":true,"href":"https:\/\/edublog.educastur.es\/ixuxu\/wp-json\/wp\/v2\/categories?post=40397"},{"taxonomy":"post_tag","embeddable":true,"href":"https:\/\/edublog.educastur.es\/ixuxu\/wp-json\/wp\/v2\/tags?post=40397"}],"curies":[{"name":"wp","href":"https:\/\/api.w.org\/{rel}","templated":true}]}}