{"id":40432,"date":"2025-01-20T11:36:17","date_gmt":"2025-01-20T09:36:17","guid":{"rendered":"https:\/\/edublog.educastur.es\/ixuxu\/?p=40432"},"modified":"2025-01-23T12:38:11","modified_gmt":"2025-01-23T10:38:11","slug":"revolucion-na-mina-darnao-estes-son-les-novedaes-del-museu-mas-visitau-de-castrillon","status":"publish","type":"post","link":"https:\/\/edublog.educastur.es\/ixuxu\/2025\/01\/revolucion-na-mina-darnao-estes-son-les-novedaes-del-museu-mas-visitau-de-castrillon\/","title":{"rendered":"Revoluci\u00f3n na Mina d&#8217;Arnao: estes son les novedaes del mus\u00e9u m\u00e1s visit\u00e1u de Castrill\u00f3n"},"content":{"rendered":"<p style=\"text-align: center\"><a href=\"https:\/\/estaticos-cdn.prensaiberica.es\/clip\/76cd6a46-ea2c-4d71-a646-59fc7869f970_16-9-discover-aspect-ratio_default_0_x1032y633.webp\"><img loading=\"lazy\" decoding=\"async\" class=\"aligncenter size-large\" src=\"https:\/\/estaticos-cdn.prensaiberica.es\/clip\/76cd6a46-ea2c-4d71-a646-59fc7869f970_16-9-discover-aspect-ratio_default_0_x1032y633.webp\" width=\"1200\" height=\"675\" \/><\/a><\/p>\n<p style=\"text-align: left\">El mus\u00e9u va abrir dos nueves galer\u00edes que van dexar crear una ruta circular. Tami\u00e9n se va crear una tienda y una cafeter\u00eda. El proyectu present\u00e1u para l&#8217;ampliaci\u00f3n de la Mina d&#8217;Arnao contempla l&#8217;apertura de nueves galer\u00edes, con un percorr\u00edu d&#8217;aprosimao 62,5 metros de llargor y otra de 120, coles que se conformar\u00eda una ruta circular en forma d&#8217;ocho, que dexar\u00eda que l&#8217;antigua esplotaci\u00f3n acoyera les visites de m\u00e1s d&#8217;un grupu de forma simult\u00e1nea y ensin atayase.<\/p>\n<ul>\n<li>Fonte<a href=\"https:\/\/www.lne.es\/aviles\/2025\/01\/19\/revolucion-mina-arnao-son-novedades-113511984.html?utm_campaign=Echobox&amp;utm_medium=Social&amp;utm_source=Facebook&amp;fbclid=IwY2xjawH691NleHRuA2FlbQIxMQABHRoSgxO1E0Nng9pRkp9zkLpMgd8dO3-sH7nGAb13PHkwdYw9-CG0Z7fqJw_aem_2d3ctmjTJc8bHtP1vgYBdQ#Echobox=1737292411\">: LNE<\/a> \/<a href=\"https:\/\/www.museominadearnao.es\/\"> Mina d&#8217;Arnao: web<\/a> \/ <a href=\"https:\/\/es.wikipedia.org\/wiki\/Mina_de_Arnao\"><strong>wiki\u00a0<\/strong> <\/a>\/ <a href=\"https:\/\/www.turismoasturias.es\/descubre\/cultura\/museos-y-espacios-culturales\/otros-espacios\/museo-de-la-mina-de-arnao\">Turismu Asturies<\/a> \/<a href=\"https:\/\/verasturies.com\/la-unica-mina-de-carbon-submarina-de-europa-esta-en-asturies\/?fbclid=IwY2xjawH90TBleHRuA2FlbQIxMQABHSjJFQQl5natyyEVCBHqjVfw0kimj0k3fKaxn_5_FJw9tqFayXvbW9SGiQ_aem_y193lYezolt-HfVh3tKbRg\"><strong> Ver Asturies<\/strong><\/a> \/<\/li>\n<\/ul>\n<p><!--more--><\/p>\n<p style=\"text-align: center\"><span style=\"font-size: 20px\"><em><span style=\"color: #008080\"><strong>La \u00fanica mina de carb\u00f3n submarino d&#8217;Europa ta n&#8217;Asturies <\/strong><\/span><\/em><\/span><\/p>\n<p>La hestoria moderna d&#8217;Asturies esta intr\u00ednsecamente rellacionada cola industria minero. Dende&#8217;l sieglu XIX, cola implantaci\u00f3n nel territoriu de les primeres compa\u00f1\u00edes mineres, esta industria moldi\u00f3&#8217;l paisaxe asturiano, seg\u00fan la forma de vida de los sos habitantes. Foi, sobremanera, nel centru de la comunid\u00e1, pero nun tenemos d&#8217;escaecer nos del suroccidente. Conceyos como Dega\u00f1a o Cangas, ente otros, tami\u00e9n vivieron de la miner\u00eda hasta nun fai muncho tiempu.<\/p>\n<p>Tou esto da llugar a que n&#8217;Asturies cuntemos con una verdadera xoya industrial que se caltien angua\u00f1o de manera musealizada. Tr\u00e1tase de <strong>la Mina d&#8217;Arn\u00e1u, considerada la mina de carb\u00f3n mineral m\u00e1s antigua de tola Pen\u00ednsula Ib\u00e9rica.<\/strong> Asitiada nun privilex\u00e1u paisaxe costero, ye&#8217;l pozu vertical m\u00e1s antiguu d&#8217;Asturies y l&#8217;\u00fanica mina submarina d&#8217;Europa. Zarrada en 1915, el so castillete de madera, que mereci\u00f3 la calificaci\u00f3n de <strong>Bien d&#8217;Inter\u00e9s Cultural<\/strong>, y les sos galer\u00edes soterra\u00f1es, con barganal de doscientos a\u00f1os, dexen alicar l&#8217;ambiente d&#8217;una mina primitiva.<\/p>\n<p style=\"text-align: center\"><a href=\"https:\/\/verasturies.com\/wp-content\/uploads\/2025\/01\/mina-arnau.jpg\"><img loading=\"lazy\" decoding=\"async\" class=\"aligncenter size-large\" src=\"https:\/\/verasturies.com\/wp-content\/uploads\/2025\/01\/mina-arnau.jpg\" width=\"1250\" height=\"833\" \/><\/a><\/p>\n<p><strong>La hestoria de la \u00fanica mina submarina n&#8217;Asturies<\/strong>. La sablera d&#8217;Arn\u00e1u ye xuna aut\u00e9ntica xoya xeol\u00f3xica de gran valor. Los sos cantiles alluguen el xacimientu de f\u00f3siles del Dev\u00f3nicu m\u00e1s destac\u00e1u d&#8217;Europa, con restos que revelen les buelgues d&#8217;animales y plantes qu&#8217;apoderaron el planeta fai 415 millones d&#8217;a\u00f1os. Am\u00e1s, nes sos roques pueden atopase tueros f\u00f3siles \u00fanicos del Carbon\u00edferu, dataos en 300 millones d&#8217;a\u00f1os.<\/p>\n<p>En 1591, Fray Agust\u00edn Montero top\u00f3 xuna piedra negra nos cantiles d&#8217;Arn\u00e1u y escribi\u00f3 al rei Felipe II solicitando autorizaci\u00f3n pa la so estracci\u00f3n. Esta curtia esplotaci\u00f3n, visionaria pal so tiempu, convirtiose na primer mina de carb\u00f3n mineral document\u00e1 na Pen\u00ednsula Ib\u00e9rica.<\/p>\n<p>En 1833, la creaci\u00f3n de la Real Compa\u00f1\u00eda Asturiana de Mines de Carb\u00f3n por Ferrer, Riera y Lesoinne marc\u00f3 un finxu crucial na industrializaci\u00f3n d&#8217;Espa\u00f1a. La mina d&#8217;Arn\u00e1u foi pionera n&#8217;introducir munches de les t\u00e9cniques d&#8217;esplotaci\u00f3n que s&#8217;emplegar\u00eden darr\u00e9u n&#8217;Asturies, am\u00e1s d&#8217;impulsar constantes meyores tecnol\u00f3xiques, como l&#8217;usu de la p\u00f3lvora p&#8217;abarren\u00e1u, la estracci\u00f3n sistem\u00e1tica del carb\u00f3n y la construcci\u00f3n de caminos de fierro. Ente les sos innovaciones destaca&#8217;l primer pozu vertical, conoc\u00edu como&#8217;l pozu g\u00fcelu\u201d de la miner\u00eda asturiana. Les sos galer\u00edes, escavaes sol mar, fixeron d&#8217;esta mina la \u00fanica submarina d&#8217;Europa.<\/p>\n<p>A empiezos del sieglu XX, el mar invade les galer\u00edes mineres. Los trabayadores, con gran esfuerzu, llevanten tabiques pa contenelo. A pesar del peligru y l&#8217;incertidume, la estracci\u00f3n nun se detien. Sicas\u00ed, en 1915, nueves filtraciones, xuntu con problemes granibles y sociales, lleven a la direcci\u00f3n a clausurar la mina, que dende ent\u00f3s permaneci\u00f3 cerrada nes coraes de la tierra. Un sieglu marc\u00e1u pol silenciu y l&#8217;olvidu.<\/p>\n<p><strong>Una segunda vida pa la mina d&#8217;Arn\u00e1u<\/strong><\/p>\n<p>En 2007, gracies a un proyectu promoviu pol conceyu de Castrill\u00f3n y sofit\u00e1u por un ampliu sofitu popular, empez\u00f3 la recuperaci\u00f3n del conxuntu. Per primer vegada dende&#8217;l so abandonu en 1915, el pozu foi reabiertu y empecipi\u00e1ronse los trabayos de rehabilitaci\u00f3n de les primeres galer\u00edes mineres, un esfuerzu qu&#8217;ent\u00e1 persiste. Esti trabayosu y complexu trabayu ye un verdaderu milagru patrimonial qu&#8217;alic\u00f3 l&#8217;antigua mina onde dio los sos primeros pasos la estracci\u00f3n de carb\u00f3n.<\/p>\n<p>Agora, cola musealizaci\u00f3n, puedes ver l&#8217;antigua mina en tol so esplendor. Estes son los sos tarifes:<\/p>\n<p>Adultu individual (a partir de 15 a\u00f1os) 4,50 \u20ac<br \/>\nNe\u00f1u individual (de 4 a 14 a\u00f1os) 2,50 \u20ac<br \/>\nAdultu grupu (m\u00ednimu 12 persones) 3,50 \u20ac<br \/>\nNe\u00f1u grupu (m\u00ednimu 12 persones) 2,00 \u20ac<\/p>\n<p>&nbsp;<\/p>\n","protected":false},"excerpt":{"rendered":"<p>El mus\u00e9u va abrir dos nueves galer\u00edes que van dexar crear una ruta circular. Tami\u00e9n se va crear una tienda y una cafeter\u00eda. El proyectu present\u00e1u para l&#8217;ampliaci\u00f3n de la Mina d&#8217;Arnao contempla l&#8217;apertura de nueves galer\u00edes, con un percorr\u00edu d&#8217;aprosimao 62,5 metros de llargor y otra de 120, coles que se conformar\u00eda una ruta [&hellip;]<\/p>\n","protected":false},"author":117,"featured_media":0,"comment_status":"open","ping_status":"open","sticky":false,"template":"","format":"standard","meta":{"footnotes":""},"categories":[320,15,112],"tags":[],"class_list":["post-40432","post","type-post","status-publish","format-standard","hentry","category-mina","category-museos","category-ver-asturies"],"_links":{"self":[{"href":"https:\/\/edublog.educastur.es\/ixuxu\/wp-json\/wp\/v2\/posts\/40432","targetHints":{"allow":["GET"]}}],"collection":[{"href":"https:\/\/edublog.educastur.es\/ixuxu\/wp-json\/wp\/v2\/posts"}],"about":[{"href":"https:\/\/edublog.educastur.es\/ixuxu\/wp-json\/wp\/v2\/types\/post"}],"author":[{"embeddable":true,"href":"https:\/\/edublog.educastur.es\/ixuxu\/wp-json\/wp\/v2\/users\/117"}],"replies":[{"embeddable":true,"href":"https:\/\/edublog.educastur.es\/ixuxu\/wp-json\/wp\/v2\/comments?post=40432"}],"version-history":[{"count":5,"href":"https:\/\/edublog.educastur.es\/ixuxu\/wp-json\/wp\/v2\/posts\/40432\/revisions"}],"predecessor-version":[{"id":40646,"href":"https:\/\/edublog.educastur.es\/ixuxu\/wp-json\/wp\/v2\/posts\/40432\/revisions\/40646"}],"wp:attachment":[{"href":"https:\/\/edublog.educastur.es\/ixuxu\/wp-json\/wp\/v2\/media?parent=40432"}],"wp:term":[{"taxonomy":"category","embeddable":true,"href":"https:\/\/edublog.educastur.es\/ixuxu\/wp-json\/wp\/v2\/categories?post=40432"},{"taxonomy":"post_tag","embeddable":true,"href":"https:\/\/edublog.educastur.es\/ixuxu\/wp-json\/wp\/v2\/tags?post=40432"}],"curies":[{"name":"wp","href":"https:\/\/api.w.org\/{rel}","templated":true}]}}