{"id":40450,"date":"2025-01-20T13:00:45","date_gmt":"2025-01-20T11:00:45","guid":{"rendered":"https:\/\/edublog.educastur.es\/ixuxu\/?p=40450"},"modified":"2025-01-20T13:17:35","modified_gmt":"2025-01-20T11:17:35","slug":"el-fotografu-asturianu-damaneceres-quafayo-la-lluna-de-llobu","status":"publish","type":"post","link":"https:\/\/edublog.educastur.es\/ixuxu\/2025\/01\/el-fotografu-asturianu-damaneceres-quafayo-la-lluna-de-llobu\/","title":{"rendered":"El fot\u00f3grafu asturianu d&#8217;amaneceres qu&#8217;afay\u00f3 la \u00abLluna de Llobu\u00bb"},"content":{"rendered":"<p>El fot\u00f3grafu asturianu d&#8217;amaneceres qu&#8217;afay\u00f3 la Lluna (y una bien especial). El maliay\u00e9s Alfonso Tom\u00e1s, aficion\u00e1u a les semeyes de paisaxe, siempres madruga para llograr los sos meyores trabayos, anque va unos d\u00edes capt\u00f3 de nueche una instant\u00e1nea de postal: la Lluna de Llobu\u00bb coronando&#8217;l faru de Llastres. <a href=\"https:\/\/www.lne.es\/villaviciosa\/2025\/01\/20\/fotografo-asturiano-amaneceres-descubrio-luna-113535297.html\">Fonte: LNE<\/a> \/<\/p>\n<p style=\"text-align: center\"><a href=\"https:\/\/estaticos-cdn.prensaiberica.es\/clip\/88a58171-f394-4c1e-8a31-5d71bc91089f_16-9-aspect-ratio_default_0.webp\"><img loading=\"lazy\" decoding=\"async\" class=\"aligncenter size-large\" src=\"https:\/\/estaticos-cdn.prensaiberica.es\/clip\/88a58171-f394-4c1e-8a31-5d71bc91089f_16-9-aspect-ratio_default_0.webp\" width=\"880\" height=\"495\" \/><\/a><em>Primer lluna llena de 2025, denominada \u00abLluna de Llobu\u00bb,<br \/>\n\u00abpos\u00e1ndose\u00bb sobro&#8217;l faru de Llastres.<\/em><\/p>\n<p><!--more-->El maliay\u00e9s Alfonso Tom\u00e1s def\u00ednese como un fot\u00f3grafu <strong>\u00abd&#8217;amaneceres\u00bb<\/strong>. Sicas\u00ed, esta pasada selmana venci\u00f3 a los encantos de la Lluna. En concretu a la Lluna de Llobu, como se conoz a la primera llena del a\u00f1u seg\u00fan los ind\u00edxenas americanos. Xuna lluna que-y dex\u00f3 prindar esi momentu \u00fanicu nel que paez posase y coronar sobro&#8217;l faru de Llastres.<\/p>\n<p>Una preciosa instant\u00e1nea que tom\u00f3 fai xusto xuna selmana y que forma parte d&#8217;una llarga secuencia de 396 semeyes, una cada dos segundos, cubriendo la trayectoria del sat\u00e9lite hasta dexa-y crear un v\u00eddeu final (\u00abtime lapse\u00bb) cola lluna movi\u00e9ndose acelerada.<\/p>\n<p>Tan bona result\u00f3-y esa incursi\u00f3n, qu&#8217;a otru d\u00eda \u2013qu&#8217;ent\u00e1 hab\u00eda lluna llena\u2013 volvi\u00f3 intentar semeya y \u00abtime lapse\u00bb na ermita de Ribesella. \u00abNun result\u00f3 tan bien porque salieron les nubes, daqu\u00e9 que n&#8217;Asturies ye bien propiu, y la semeya paez otra\u00bb, rellata Tom\u00e1s.<\/p>\n","protected":false},"excerpt":{"rendered":"<p>El fot\u00f3grafu asturianu d&#8217;amaneceres qu&#8217;afay\u00f3 la Lluna (y una bien especial). El maliay\u00e9s Alfonso Tom\u00e1s, aficion\u00e1u a les semeyes de paisaxe, siempres madruga para llograr los sos meyores trabayos, anque va unos d\u00edes capt\u00f3 de nueche una instant\u00e1nea de postal: la Lluna de Llobu\u00bb coronando&#8217;l faru de Llastres. Fonte: LNE \/ Primer lluna llena de [&hellip;]<\/p>\n","protected":false},"author":117,"featured_media":0,"comment_status":"open","ping_status":"open","sticky":false,"template":"","format":"standard","meta":{"footnotes":""},"categories":[223,17],"tags":[],"class_list":["post-40450","post","type-post","status-publish","format-standard","hentry","category-astronomia","category-semeyes"],"_links":{"self":[{"href":"https:\/\/edublog.educastur.es\/ixuxu\/wp-json\/wp\/v2\/posts\/40450","targetHints":{"allow":["GET"]}}],"collection":[{"href":"https:\/\/edublog.educastur.es\/ixuxu\/wp-json\/wp\/v2\/posts"}],"about":[{"href":"https:\/\/edublog.educastur.es\/ixuxu\/wp-json\/wp\/v2\/types\/post"}],"author":[{"embeddable":true,"href":"https:\/\/edublog.educastur.es\/ixuxu\/wp-json\/wp\/v2\/users\/117"}],"replies":[{"embeddable":true,"href":"https:\/\/edublog.educastur.es\/ixuxu\/wp-json\/wp\/v2\/comments?post=40450"}],"version-history":[{"count":2,"href":"https:\/\/edublog.educastur.es\/ixuxu\/wp-json\/wp\/v2\/posts\/40450\/revisions"}],"predecessor-version":[{"id":40453,"href":"https:\/\/edublog.educastur.es\/ixuxu\/wp-json\/wp\/v2\/posts\/40450\/revisions\/40453"}],"wp:attachment":[{"href":"https:\/\/edublog.educastur.es\/ixuxu\/wp-json\/wp\/v2\/media?parent=40450"}],"wp:term":[{"taxonomy":"category","embeddable":true,"href":"https:\/\/edublog.educastur.es\/ixuxu\/wp-json\/wp\/v2\/categories?post=40450"},{"taxonomy":"post_tag","embeddable":true,"href":"https:\/\/edublog.educastur.es\/ixuxu\/wp-json\/wp\/v2\/tags?post=40450"}],"curies":[{"name":"wp","href":"https:\/\/api.w.org\/{rel}","templated":true}]}}