{"id":40464,"date":"2025-01-20T20:30:03","date_gmt":"2025-01-20T18:30:03","guid":{"rendered":"https:\/\/edublog.educastur.es\/ixuxu\/?p=40464"},"modified":"2025-01-22T14:43:38","modified_gmt":"2025-01-22T12:43:38","slug":"catalogu-del-club-de-llectura-nasturianu-2024-2025","status":"publish","type":"post","link":"https:\/\/edublog.educastur.es\/ixuxu\/2025\/01\/catalogu-del-club-de-llectura-nasturianu-2024-2025\/","title":{"rendered":"Cat\u00e1logu del Club de Llectura n&#8217;asturianu 2024-2025"},"content":{"rendered":"<div id=\"p_p_id_com_liferay_journal_content_web_portlet_JournalContentPortlet_INSTANCE_kHjbujxq4eWU_\" class=\"portlet-boundary portlet-boundary_com_liferay_journal_content_web_portlet_JournalContentPortlet_ portlet-static portlet-static-end portlet-barebone portlet-journal-content \">\n<section id=\"portlet_com_liferay_journal_content_web_portlet_JournalContentPortlet_INSTANCE_kHjbujxq4eWU\" class=\"portlet\">\n<div class=\"portlet-content\">\n<div class=\" portlet-content-container\">\n<div class=\"portlet-body\">\n<div class=\"\" data-fragments-editor-item-id=\"20501-496325\" data-fragments-editor-item-type=\"fragments-editor-mapped-item\">\n<div class=\"journal-content-article \" data-analytics-asset-id=\"496323\" data-analytics-asset-title=\"T\u00edtulo p\u00e1gina. Asturiano. Club de llectura\" data-analytics-asset-type=\"web-content\">\n<p><a href=\"https:\/\/www.educastur.es\/documents\/34868\/41113\/2022-06-actividades-ast-club-lectura-1060x320.jpg\/77407f71-3373-d3dc-6f40-7abb294ebed9?t=1658995368832\"><img loading=\"lazy\" decoding=\"async\" class=\"aligncenter size-large\" src=\"https:\/\/www.educastur.es\/documents\/34868\/41113\/2022-06-actividades-ast-club-lectura-1060x320.jpg\/77407f71-3373-d3dc-6f40-7abb294ebed9?t=1658995368832\" width=\"1060\" height=\"320\" \/><\/a><\/p>\n<\/div>\n<\/div>\n<\/div>\n<\/div>\n<\/div>\n<\/section>\n<\/div>\n<div id=\"p_p_id_com_liferay_journal_content_web_portlet_JournalContentPortlet_INSTANCE_bI8TofisuVZZ_\" class=\"portlet-boundary portlet-boundary_com_liferay_journal_content_web_portlet_JournalContentPortlet_ portlet-static portlet-static-end portlet-barebone portlet-journal-content fondo-blanco\">\n<section id=\"portlet_com_liferay_journal_content_web_portlet_JournalContentPortlet_INSTANCE_bI8TofisuVZZ\" class=\"portlet\">\n<div class=\"portlet-content\">\n<div class=\" portlet-content-container\">\n<div class=\"portlet-body\">\n<div class=\"\" data-fragments-editor-item-id=\"20501-736084\" data-fragments-editor-item-type=\"fragments-editor-mapped-item\">\n<div class=\"journal-content-article \" data-analytics-asset-id=\"736082\" data-analytics-asset-title=\"Imagen cabecera. Asturiano. Lectura\" data-analytics-asset-type=\"web-content\">\n<p style=\"text-align: center\"><strong>Biblia de Danila\u00a0<\/strong>(Abad\u00eda S.\u00a0Trinidad,\u00a0Cava dei Tirreni,\u00a0Italia). Miniatura. Fol 222r.<br \/>\nDetalle. Consejer\u00eda de Cultura, P. Lling\u00fc\u00edstica y Turismo.\u00a0<u><em><a href=\"http:\/\/www.prerromanicoasturiano.es\/es\/agenda\/467\/exposicin-virtual-relieves.html\" target=\"_blank\" rel=\"noopener\">Relieves<\/a><\/em><\/u>\u00a0(2016).<\/p>\n<\/div>\n<\/div>\n<\/div>\n<\/div>\n<\/div>\n<\/section>\n<\/div>\n<div id=\"p_p_id_com_liferay_asset_publisher_web_portlet_AssetPublisherPortlet_INSTANCE_clfta7hbRjfP_\" class=\"portlet-boundary portlet-boundary_com_liferay_asset_publisher_web_portlet_AssetPublisherPortlet_ portlet-static portlet-static-end portlet-barebone portlet-asset-publisher listado-articulos-columna\">\n<section id=\"portlet_com_liferay_asset_publisher_web_portlet_AssetPublisherPortlet_INSTANCE_clfta7hbRjfP\" class=\"portlet\">\n<div class=\"portlet-content\">\n<div class=\" portlet-content-container\">\n<div class=\"portlet-body\">\n<div class=\"asset-full-content clearfix mb-5 default-asset-publisher no-title \" data-fragments-editor-item-id=\"20501-17824590\" data-fragments-editor-item-type=\"fragments-editor-mapped-item\">\n<div class=\"asset-content mb-3\">\n<div class=\"journal-content-article \" data-analytics-asset-id=\"17824588\" data-analytics-asset-title=\"Cat\u00e1logu del Club de Llectura n\u00b4asturianu 2024-2025\" data-analytics-asset-type=\"web-content\">\n<div class=\"articulo\">\n<div class=\"articulo-block\">\n<div class=\"articulo-block-content\">\n<ul>\n<li><a href=\"https:\/\/educastur-my.sharepoint.com\/:f:\/g\/personal\/llinguastur_educastur_org\/EvAbkCotZrxDs-P8y4MDs5YBRwr-hSix4Tx8mO7MuTdncA\" target=\"_blank\" rel=\"noopener\">Documentos\u00a0disponibles en carpeta 365<\/a>: <a href=\"https:\/\/educastur-my.sharepoint.com\/:b:\/r\/personal\/llinguastur_educastur_org\/Documents\/CLUB_DE_LLECTURA\/2024-2025\/Qu%C3%A9%20ye%27l%20Club%20de%20Llectura%20-%20Qu%C3%A9%20%C3%A9%20el%20Club%20de%20Llectura.pdf?csf=1&amp;web=1&amp;e=4BA7QA\">\u00bfQu\u00e9 ye\u2019l Club de Llectura? Asturianu-Eonaviegu<\/a> (pdf) \/ <a href=\"https:\/\/educastur-my.sharepoint.com\/:b:\/r\/personal\/llinguastur_educastur_org\/Documents\/CLUB_DE_LLECTURA\/2024-2025\/Cat%C3%A1logu%20Club%20Llectura%202024-2025.pdf?csf=1&amp;web=1&amp;e=SHRL8J\">Cat\u00e1logu 2024-2025<\/a> (pdf) \/<strong><a href=\"https:\/\/educastur-my.sharepoint.com\/:b:\/r\/personal\/llinguastur_educastur_org\/Documents\/CLUB_DE_LLECTURA\/2024-2025\/Cat%C3%A1logu%20Club%20Llectura%202024-2025.pdf?csf=1&amp;web=1&amp;e=SHRL8J\">\u00a0Solicit\u00fa de llibros Asturiano<\/a><\/strong> (pdf)<\/li>\n<\/ul>\n<p>Y\u00e1 ta equ\u00ed&#8217;l cat\u00e1logu nuevu del Club de Llectura n\u2019asturianu y n\u2019eonaviegu o gallego-asturiano con un fexe de llibros nuevos pa emprestar. Consulta embaxo les rese\u00f1es de les obres d&#8217;esti a\u00f1u.<\/p>\n<p><strong>Novedaes\u00a02025<\/strong><\/p>\n<ul>\n<li><span style=\"color: #008080\"><strong><em>Contando colos deos<\/em> <\/strong>(Recomend\u00e1u 1er y 2u ciclu de primaria)<\/span>.\u00a0 Esti llibru trai una docena de cuentinos simp\u00e1ticos que son la cuenta pa compartir, onde les manes convi\u00e9rtense en marionetes que nos van dexar dar vida a los personaxes (un gallu, un gatu, una bombera, un camellu, una ara\u00f1a, etc.)<\/li>\n<li><span style=\"color: #008080\"><strong><em>James y el piescu xigante<\/em><\/strong> (Recomend\u00e1u 2u y 3er ciclu primaria)<\/span>.\u00a0 James, un ne\u00f1u g\u00fc\u00e9rfanu, m\u00e9tese dientro d\u2019un piescu xigante y descubre\u2019l mundu m\u00e1xicu qu\u2019hai n\u00e9l: un garrapiellu d\u2019insectos que paecen persones. James emb\u00e1rcase nun viaxe incre\u00edble al travi\u00e9s del Oc\u00e9anu Atl\u00e1nticu, que pasa a ser la mayor aventura de la so vida.<\/li>\n<\/ul>\n<p>&nbsp;<\/p>\n<p>&nbsp;<\/p>\n<\/div>\n<\/div>\n<\/div>\n<\/div>\n<\/div>\n<\/div>\n<\/div>\n<\/div>\n<\/div>\n<\/section>\n<\/div>\n","protected":false},"excerpt":{"rendered":"<p>Biblia de Danila\u00a0(Abad\u00eda S.\u00a0Trinidad,\u00a0Cava dei Tirreni,\u00a0Italia). Miniatura. Fol 222r. Detalle. Consejer\u00eda de Cultura, P. Lling\u00fc\u00edstica y Turismo.\u00a0Relieves\u00a0(2016). Documentos\u00a0disponibles en carpeta 365: \u00bfQu\u00e9 ye\u2019l Club de Llectura? Asturianu-Eonaviegu (pdf) \/ Cat\u00e1logu 2024-2025 (pdf) \/\u00a0Solicit\u00fa de llibros Asturiano (pdf) Y\u00e1 ta equ\u00ed&#8217;l cat\u00e1logu nuevu del Club de Llectura n\u2019asturianu y n\u2019eonaviegu o gallego-asturiano con un fexe de [&hellip;]<\/p>\n","protected":false},"author":117,"featured_media":0,"comment_status":"open","ping_status":"open","sticky":false,"template":"","format":"standard","meta":{"footnotes":""},"categories":[132,66],"tags":[],"class_list":["post-40464","post","type-post","status-publish","format-standard","hentry","category-educastur","category-politica-llinguistica"],"_links":{"self":[{"href":"https:\/\/edublog.educastur.es\/ixuxu\/wp-json\/wp\/v2\/posts\/40464","targetHints":{"allow":["GET"]}}],"collection":[{"href":"https:\/\/edublog.educastur.es\/ixuxu\/wp-json\/wp\/v2\/posts"}],"about":[{"href":"https:\/\/edublog.educastur.es\/ixuxu\/wp-json\/wp\/v2\/types\/post"}],"author":[{"embeddable":true,"href":"https:\/\/edublog.educastur.es\/ixuxu\/wp-json\/wp\/v2\/users\/117"}],"replies":[{"embeddable":true,"href":"https:\/\/edublog.educastur.es\/ixuxu\/wp-json\/wp\/v2\/comments?post=40464"}],"version-history":[{"count":6,"href":"https:\/\/edublog.educastur.es\/ixuxu\/wp-json\/wp\/v2\/posts\/40464\/revisions"}],"predecessor-version":[{"id":40632,"href":"https:\/\/edublog.educastur.es\/ixuxu\/wp-json\/wp\/v2\/posts\/40464\/revisions\/40632"}],"wp:attachment":[{"href":"https:\/\/edublog.educastur.es\/ixuxu\/wp-json\/wp\/v2\/media?parent=40464"}],"wp:term":[{"taxonomy":"category","embeddable":true,"href":"https:\/\/edublog.educastur.es\/ixuxu\/wp-json\/wp\/v2\/categories?post=40464"},{"taxonomy":"post_tag","embeddable":true,"href":"https:\/\/edublog.educastur.es\/ixuxu\/wp-json\/wp\/v2\/tags?post=40464"}],"curies":[{"name":"wp","href":"https:\/\/api.w.org\/{rel}","templated":true}]}}