{"id":40490,"date":"2025-01-20T21:08:03","date_gmt":"2025-01-20T19:08:03","guid":{"rendered":"https:\/\/edublog.educastur.es\/ixuxu\/?p=40490"},"modified":"2025-01-20T21:36:47","modified_gmt":"2025-01-20T19:36:47","slug":"camin-via-de-la-plata","status":"publish","type":"post","link":"https:\/\/edublog.educastur.es\/ixuxu\/2025\/01\/camin-via-de-la-plata\/","title":{"rendered":"Cam\u00edn \u00abV\u00eda de la Plata\u00bb"},"content":{"rendered":"<p style=\"text-align: center\">\n<!-- iframe plugin v.6.0 wordpress.org\/plugins\/iframe\/ -->\n<iframe loading=\"lazy\" src=\"https:\/\/www.instagram.com\/reel\/DEo87b3M_My\/embed\" width=\"460\" height=\"700\" 0=\"\/iframe\" scrolling=\"yes\" class=\"iframe-class\" frameborder=\"0\"><\/iframe>\n<\/p>\n<div class=\"x1emribx\">\n<div class=\"\">\n<ul>\n<li><a class=\"x1i10hfl xjbqb8w x1ejq31n xd10rxx x1sy0etr x17r0tee x972fbf xcfux6l x1qhh985 xm0m39n x9f619 x1ypdohk xt0psk2 xe8uvvx xdj266r x11i5rnm xat24cr x1mh8g0r xexx8yu x4uap5 x18d9i69 xkhd6sd x16tdsg8 x1hl2dhg xggy1nq x1a2a7pz _acan _acao _acat _acaw _aj1- _ap30 _a6hd\" role=\"link\" href=\"https:\/\/www.instagram.com\/a_caminosviadelaplata\/\">a_caminosviadelaplata<\/a><\/li>\n<\/ul>\n<div>\n<div class=\"_aasi\">\n<div class=\"x9f619 xjbqb8w x78zum5 x168nmei x13lgxp2 x5pf9jr xo71vjh x1n2onr6 x1plvlek xryxfnj x1c4vz4f x2lah0s x1q0g3np xqjyukv x6s0dn4 x1oa3qoh x1qughib\">\n<header class=\"_aaqw\">\n<div class=\"_aaqy _aaqz\">\n<div class=\"_aaql\">\n<div class=\"x78zum5\">\n<div class=\"_aaqm\">\n<ul>\n<li class=\"_ap3a _aacn _aacu _aacy _aada _aade\" dir=\"auto\"><a class=\"x1i10hfl xjbqb8w x1ejq31n xd10rxx x1sy0etr x17r0tee x972fbf xcfux6l x1qhh985 xm0m39n x9f619 x1ypdohk xt0psk2 xe8uvvx xdj266r x11i5rnm xat24cr x1mh8g0r xexx8yu x4uap5 x18d9i69 xkhd6sd x16tdsg8 x1hl2dhg xggy1nq x1a2a7pz _aaqk _a6hd\" role=\"link\" href=\"https:\/\/www.instagram.com\/explore\/locations\/1613741615530676\/el-camino-de-santiago\/?e=ceeac28d-0a85-4c62-a510-92eb22028281&amp;g=5\">El Camino de Santiago<\/a><\/li>\n<\/ul>\n<\/div>\n<\/div>\n<\/div>\n<\/div>\n<\/header>\n<\/div>\n<\/div>\n<\/div>\n<\/div>\n<\/div>\n<p><!--more--><\/p>\n<p style=\"text-align: center\"><a href=\"https:\/\/calzadasromanas.wordpress.com\/wp-content\/uploads\/2016\/05\/mapa-rp-todosmunicipios-peqsep2013.jpg\"><img loading=\"lazy\" decoding=\"async\" class=\"aligncenter size-large\" src=\"https:\/\/calzadasromanas.wordpress.com\/wp-content\/uploads\/2016\/05\/mapa-rp-todosmunicipios-peqsep2013.jpg\" width=\"524\" height=\"448\" \/><\/a><\/p>\n<p><em><span style=\"color: #008080\"><strong><span style=\"font-size: 20px\">La importancia de la v\u00eda de la Plata\u00a0<\/span><\/strong><\/span><\/em><\/p>\n<p><em><span style=\"font-size: 20px\">La V\u00eda de la Plata, foi dende la prehistoria, <span style=\"color: #008080\">la exa organizadora de toos aquellos territorios ib\u00e9ricos tan ricos en metales, como oru y esta\u00f1u, y tami\u00e9n en gan\u00e1u.<\/span> Esta v\u00eda, por tanto, supon\u00eda un gran recursu econ\u00f3micu. Gracies a ella pod\u00edase realizar una gran movilid\u00e1 de metales, que suponen intercambiu, y de gan\u00e1u.<\/span><\/em><\/p>\n<p><em><span style=\"font-size: 20px\">Para Roma, la V\u00eda de la plata foi un elementu estrat\u00e9xicu fundamental, gracies a elles p\u00fadose conquistar a los p\u00fanicos, y polla enfus\u00f3 nes sos dures lluches contra los lusitanos.<\/span><\/em><\/p>\n<p><em><span style=\"font-size: 20px\">En d\u00f3mina romana, la v\u00eda de la Plata cumpli\u00f3 un papel vital na introducci\u00f3n y estensi\u00f3n del complexu fen\u00f3menu de tresformaci\u00f3n de les primitives estructures socioecon\u00f3miques y culturales ind\u00edxenes, que conocimos sol t\u00e9rminu de romanizaci\u00f3n. Tami\u00e9n foi importante por inter\u00e9s comercial.<\/span><\/em><\/p>\n<p><em><span style=\"font-size: 20px\">Anque&#8217;l dominiu romanu derrumbarse n&#8217;Hispania, en del sieglu V, <span style=\"color: #008080\">sigui\u00f3 siendo l&#8217;\u00fanicu cam\u00edn xeneral por tol oeste de la pen\u00ednsula hasta tiempos relativamente reci\u00e9n.<\/span> El so traz\u00e1u marc\u00f3 la meyora de reconquistes y repoblaciones de la Estremadura lleonesa y sirvi\u00f3 pa delimitar t\u00e9rminos.<\/span><\/em><\/p>\n<p style=\"text-align: center\"><a href=\"https:\/\/www.caminandocontigo.com\/wp-content\/uploads\/2022\/11\/VIA-DE-LA-PLATA-MAPA-1.jpg\"><img loading=\"lazy\" decoding=\"async\" class=\"aligncenter size-large\" src=\"https:\/\/www.caminandocontigo.com\/wp-content\/uploads\/2022\/11\/VIA-DE-LA-PLATA-MAPA-1.jpg\" width=\"1080\" height=\"823\" \/><\/a><\/p>\n<p style=\"text-align: center\">\n","protected":false},"excerpt":{"rendered":"<p>a_caminosviadelaplata El Camino de Santiago<\/p>\n","protected":false},"author":117,"featured_media":0,"comment_status":"open","ping_status":"open","sticky":false,"template":"","format":"standard","meta":{"footnotes":""},"categories":[232],"tags":[],"class_list":["post-40490","post","type-post","status-publish","format-standard","hentry","category-tresportes"],"_links":{"self":[{"href":"https:\/\/edublog.educastur.es\/ixuxu\/wp-json\/wp\/v2\/posts\/40490","targetHints":{"allow":["GET"]}}],"collection":[{"href":"https:\/\/edublog.educastur.es\/ixuxu\/wp-json\/wp\/v2\/posts"}],"about":[{"href":"https:\/\/edublog.educastur.es\/ixuxu\/wp-json\/wp\/v2\/types\/post"}],"author":[{"embeddable":true,"href":"https:\/\/edublog.educastur.es\/ixuxu\/wp-json\/wp\/v2\/users\/117"}],"replies":[{"embeddable":true,"href":"https:\/\/edublog.educastur.es\/ixuxu\/wp-json\/wp\/v2\/comments?post=40490"}],"version-history":[{"count":7,"href":"https:\/\/edublog.educastur.es\/ixuxu\/wp-json\/wp\/v2\/posts\/40490\/revisions"}],"predecessor-version":[{"id":40497,"href":"https:\/\/edublog.educastur.es\/ixuxu\/wp-json\/wp\/v2\/posts\/40490\/revisions\/40497"}],"wp:attachment":[{"href":"https:\/\/edublog.educastur.es\/ixuxu\/wp-json\/wp\/v2\/media?parent=40490"}],"wp:term":[{"taxonomy":"category","embeddable":true,"href":"https:\/\/edublog.educastur.es\/ixuxu\/wp-json\/wp\/v2\/categories?post=40490"},{"taxonomy":"post_tag","embeddable":true,"href":"https:\/\/edublog.educastur.es\/ixuxu\/wp-json\/wp\/v2\/tags?post=40490"}],"curies":[{"name":"wp","href":"https:\/\/api.w.org\/{rel}","templated":true}]}}