{"id":40500,"date":"2025-01-14T21:22:47","date_gmt":"2025-01-14T19:22:47","guid":{"rendered":"https:\/\/edublog.educastur.es\/ixuxu\/?p=40500"},"modified":"2025-01-20T21:36:29","modified_gmt":"2025-01-20T19:36:29","slug":"40500","status":"publish","type":"post","link":"https:\/\/edublog.educastur.es\/ixuxu\/2025\/01\/40500\/","title":{"rendered":"Axenda Cultural del Conceyu de Mieres"},"content":{"rendered":"<div class=\"html-div xdj266r x11i5rnm xat24cr x1mh8g0r xexx8yu x1a8lsjc x1swvt13 x1pi30zi\">\n<div class=\"html-div xdj266r x11i5rnm xat24cr x1mh8g0r xexx8yu x4uap5 x18d9i69 xkhd6sd x1jx94hy x78zum5 x1q0g3np\">\n<div class=\"x78zum5 xdt5ytf xz62fqu x16ldp7u\">\n<div class=\"xu06os2 x1ok221b\">\n<div class=\"html-div xdj266r x11i5rnm xat24cr x1mh8g0r xexx8yu x4uap5 x18d9i69 xkhd6sd\" data-ad-rendering-role=\"profile_name\">\n<ul>\n<li class=\"html-h3 x11i5rnm xat24cr x1mh8g0r xexx8yu x4uap5 x18d9i69 xkhd6sd x1vvkbs x1heor9g x1qlqyl8 x1pd3egz x1a2a7pz x1gslohp x1yc453h\"><span class=\"x1lliihq x6ikm8r x10wlt62 x1n2onr6\"><span class=\"xt0psk2\"><a class=\"x1i10hfl xjbqb8w x1ejq31n xd10rxx x1sy0etr x17r0tee x972fbf xcfux6l x1qhh985 xm0m39n x9f619 x1ypdohk xt0psk2 xe8uvvx xdj266r x11i5rnm xat24cr x1mh8g0r xexx8yu x4uap5 x18d9i69 xkhd6sd x16tdsg8 x1hl2dhg xggy1nq x1a2a7pz x1sur9pj xkrqix3 xzsf02u x1s688f\" role=\"link\" href=\"https:\/\/www.facebook.com\/ayuntamientodemieres?__cft__[0]=AZWXBEWvvRkvVzE3yD7UXWSGePSOdnf1CRhdBP7rnj3MKyf8J67c9aNjHU_ncSkEHRfoVSbfuRvyu8PyoIoQzjJTFeytqzBW6ELqALWwSpAsQdpC5OmVgSLZdRFPGxaq4FmEDPVxHd8tyGbNud8DlwuL8qcWeoe4F0mNPvZvds6rrXwe2WpnVkLIHhMQkv22mVHSSlP9Nl42t2K3vwz04iaZ8KI_JLEF6sppXWh-F9TW6A&amp;__tn__=-UC%2CP-y-R\" aria-describedby=\":r391:\"><strong class=\"html-strong xdj266r x11i5rnm xat24cr x1mh8g0r xexx8yu x4uap5 x18d9i69 xkhd6sd x1hl2dhg x16tdsg8 x1vvkbs x1s688f\"><span class=\"html-span xdj266r x11i5rnm xat24cr x1mh8g0r xexx8yu x4uap5 x18d9i69 xkhd6sd x1hl2dhg x16tdsg8 x1vvkbs\">Ayuntamiento de Mieres<\/span><\/strong><\/a><\/span><\/span><span style=\"font-size: 16px\">\/\u00a0 \/ <\/span><span class=\"html-span xdj266r x11i5rnm xat24cr x1mh8g0r xexx8yu x4uap5 x18d9i69 xkhd6sd x1hl2dhg x16tdsg8 x1vvkbs\"><a class=\"x1i10hfl xjbqb8w x1ejq31n xd10rxx x1sy0etr x17r0tee x972fbf xcfux6l x1qhh985 xm0m39n x9f619 x1ypdohk xt0psk2 xe8uvvx xdj266r x11i5rnm xat24cr x1mh8g0r xexx8yu x4uap5 x18d9i69 xkhd6sd x16tdsg8 x1hl2dhg xggy1nq x1a2a7pz x1sur9pj xkrqix3 x1fey0fg x1s688f\" role=\"link\" href=\"https:\/\/l.facebook.com\/l.php?u=https%3A%2F%2Fwww.mieres.es%2Fwp-content%2Fuploads%2F2025%2F01%2Faxenda-xineru_marzu-2025.pdf%3Ffbclid%3DIwZXh0bgNhZW0CMTAAAR39XdGmZc1G2m33dNTf_nQrGLolGrRJZTd16YiVtQY5GHosrj77FORF8eg_aem_YKeyOp6BPlO_nzc5D9MmbQ&amp;h=AT0VGb77YvBYZLhAH1N6VimiFpUAUDXjCJ131gpCxMZwnAswIu5lggADkqYdh5x3GbLXAne_tUxYiUxbsDBUs7bXCHtoDqS8jWJXM2TO22GqW5nSCnGLWs1x4GsHE-fdXA&amp;__tn__=-UK-y-R&amp;c[0]=AT0OKRgmKNHtwUHiyKbcWTj0vkj2F_0zzdLUo3o5RfN2I0vVl_pN8-_JVhia4lp3VODXr4jKJHZHq1_Xurfw5VyfPt7ER0Amo4B1mMJbJzPGKI4aJUSgoiop5zNIwMYV8sF_BUZPQA5AIz_6jvHklZRLLIYPdVqloDJ_WhIeUf-Z4o7WdlLV8pAJvIyGOMWIlXynEyIBALHSap8cG1u_byn8tFedLd0VeDImUUTpzNMpUmAHCA\" target=\"_blank\" rel=\"nofollow noopener noreferrer\">https:\/\/www.mieres.es\/&#8230;\/01\/axenda-xineru_marzu-2025.pdf<\/a><\/span><\/li>\n<\/ul>\n<p style=\"text-align: center\">\n<!-- iframe plugin v.6.0 wordpress.org\/plugins\/iframe\/ -->\n<iframe loading=\"lazy\" src=\"https:\/\/www.facebook.com\/plugins\/post.php?href=https%3A%2F%2Fwww.facebook.com%2Fphoto.php%3Ffbid%3D1063938325768331%26set%3Da.449684137193756%26type%3D3&#038;show_text=false&#038;width=500\" width=\"500\" height=\"787\" style=\"border:none;overflow:hidden\" scrolling=\"no\" frameborder=\"0\" allowfullscreen=\"true\" allow=\"autoplay; clipboard-write; encrypted-media; picture-in-picture; web-share\" 0=\"\/iframe\" class=\"iframe-class\"><\/iframe>\n<\/p>\n<div class=\"xdj266r x11i5rnm xat24cr x1mh8g0r x1vvkbs x126k92a\">\n<blockquote>\n<div dir=\"auto\"><em> Empezamos el martes cola axenda cultural del primer trimestre del a\u00f1u reci\u00e9n salida del fornu por que nun perd\u00e1is nenguna de les cites destacaes para esti entamu del a\u00f1u. Nun va faltar de nada nun trimestre con m\u00fasica, rises, artes esc\u00e9niques, alderiques, cine, esposiciones, actividaes infantiles, lliteratura\u2026 De too y para tolos gustos ya intereses. Y por si fora poco, arregl\u00e1u poles ilustraciones de Patricia Pascual que falen de n\u00f3s y n\u00f3s, del nuesu territoriu, de lo que fuimos y lo que somos, cola Estatua de Teodoro Cuesta na portada coincidiendo col 130 aniversariu del so fallecimientu. Anim\u00e1mosvos a consultar l&#8217;axenda y a esfrutar de tola programaci\u00f3n que nos espera estos meses en Mieres.<\/em><\/div>\n<\/blockquote>\n<\/div>\n<\/div>\n<\/div>\n<\/div>\n<\/div>\n<\/div>\n","protected":false},"excerpt":{"rendered":"<p>Ayuntamiento de Mieres\/\u00a0 \/ https:\/\/www.mieres.es\/&#8230;\/01\/axenda-xineru_marzu-2025.pdf Empezamos el martes cola axenda cultural del primer trimestre del a\u00f1u reci\u00e9n salida del fornu por que nun perd\u00e1is nenguna de les cites destacaes para esti entamu del a\u00f1u. Nun va faltar de nada nun trimestre con m\u00fasica, rises, artes esc\u00e9niques, alderiques, cine, esposiciones, actividaes infantiles, lliteratura\u2026 De too y [&hellip;]<\/p>\n","protected":false},"author":117,"featured_media":0,"comment_status":"open","ping_status":"open","sticky":false,"template":"","format":"standard","meta":{"footnotes":""},"categories":[1],"tags":[],"class_list":["post-40500","post","type-post","status-publish","format-standard","hentry","category-sin-categoria"],"_links":{"self":[{"href":"https:\/\/edublog.educastur.es\/ixuxu\/wp-json\/wp\/v2\/posts\/40500","targetHints":{"allow":["GET"]}}],"collection":[{"href":"https:\/\/edublog.educastur.es\/ixuxu\/wp-json\/wp\/v2\/posts"}],"about":[{"href":"https:\/\/edublog.educastur.es\/ixuxu\/wp-json\/wp\/v2\/types\/post"}],"author":[{"embeddable":true,"href":"https:\/\/edublog.educastur.es\/ixuxu\/wp-json\/wp\/v2\/users\/117"}],"replies":[{"embeddable":true,"href":"https:\/\/edublog.educastur.es\/ixuxu\/wp-json\/wp\/v2\/comments?post=40500"}],"version-history":[{"count":4,"href":"https:\/\/edublog.educastur.es\/ixuxu\/wp-json\/wp\/v2\/posts\/40500\/revisions"}],"predecessor-version":[{"id":40513,"href":"https:\/\/edublog.educastur.es\/ixuxu\/wp-json\/wp\/v2\/posts\/40500\/revisions\/40513"}],"wp:attachment":[{"href":"https:\/\/edublog.educastur.es\/ixuxu\/wp-json\/wp\/v2\/media?parent=40500"}],"wp:term":[{"taxonomy":"category","embeddable":true,"href":"https:\/\/edublog.educastur.es\/ixuxu\/wp-json\/wp\/v2\/categories?post=40500"},{"taxonomy":"post_tag","embeddable":true,"href":"https:\/\/edublog.educastur.es\/ixuxu\/wp-json\/wp\/v2\/tags?post=40500"}],"curies":[{"name":"wp","href":"https:\/\/api.w.org\/{rel}","templated":true}]}}