{"id":40530,"date":"2025-01-10T21:00:22","date_gmt":"2025-01-10T19:00:22","guid":{"rendered":"https:\/\/edublog.educastur.es\/ixuxu\/?p=40530"},"modified":"2025-01-20T21:56:13","modified_gmt":"2025-01-20T19:56:13","slug":"40530","status":"publish","type":"post","link":"https:\/\/edublog.educastur.es\/ixuxu\/2025\/01\/40530\/","title":{"rendered":"NIA (Nosoutras Ideamos Arte)"},"content":{"rendered":"<div class=\"html-div xdj266r x11i5rnm xat24cr x1mh8g0r xsag5q8 xz9dl7a x1pi30zi x1swvt13 x1jx94hy\">\n<div class=\"html-div xdj266r x11i5rnm xat24cr x1mh8g0r xexx8yu x4uap5 x18d9i69 xkhd6sd x78zum5 x1q0g3np x1ba4aug\">\n<div class=\"html-div xdj266r x11i5rnm xat24cr x1mh8g0r xexx8yu x4uap5 x18d9i69 xkhd6sd x1iyjqo2\">\n<div class=\"x78zum5 xdt5ytf xz62fqu x16ldp7u\">\n<div class=\"xu06os2 x1ok221b\">\n<ul>\n<li class=\"html-h3 x11i5rnm xat24cr x1mh8g0r xexx8yu x4uap5 x18d9i69 xkhd6sd x1vvkbs x1heor9g x1qlqyl8 x1pd3egz x1a2a7pz x1gslohp x1yc453h\"><span class=\"xt0psk2\"><a class=\"x1i10hfl xjbqb8w x1ejq31n xd10rxx x1sy0etr x17r0tee x972fbf xcfux6l x1qhh985 xm0m39n x9f619 x1ypdohk xt0psk2 xe8uvvx xdj266r x11i5rnm xat24cr x1mh8g0r xexx8yu x4uap5 x18d9i69 xkhd6sd x16tdsg8 x1hl2dhg xggy1nq x1a2a7pz x1sur9pj xkrqix3 xzsf02u x1s688f\" role=\"link\" href=\"https:\/\/www.facebook.com\/niamuyeresarte?__cft__[0]=AZWA_8DV72LS0C6LMbUapfXcPhhlHo_YSsWtO7J0oiriI7wl7ch-UGB_KI6Gmob8p0_yS8izgw_lyieG7GgDIsUw6vGqLr44lYjdrZMl3K1sk0d7PjvdiY4AUOyRqYu8j4MxeyCMFhwx804VPjmeMZDmgmSL7vv1TYFQ1Wci76VfwRecaEvHB_Mbw60XCxDQwk2_RRIM6VpIyjEyouxRd5__WNH8P_aUIGAF2l0F6idmfg&amp;__tn__=-UC%2CP-y-R\" aria-describedby=\":r3s4:\"><strong class=\"html-strong xdj266r x11i5rnm xat24cr x1mh8g0r xexx8yu x4uap5 x18d9i69 xkhd6sd x1hl2dhg x16tdsg8 x1vvkbs x1s688f\"><span class=\"html-span xdj266r x11i5rnm xat24cr x1mh8g0r xexx8yu x4uap5 x18d9i69 xkhd6sd x1hl2dhg x16tdsg8 x1vvkbs\">N\u00eda, Nosoutras Ideamos Arte<\/span><\/strong><\/a><\/span>\/<a href=\"https:\/\/fusionasturias.com\/otras-secciones\/asociaciones\/nia-arte-y-feminismo-en-el-occidente-asturiano.htm?fbclid=IwY2xjawH7iQZleHRuA2FlbQIxMQABHShkzarwH9ovfty7l-X3fJ7zscNspGKn5oQ9sQ8fLp6R1vBguemRnmAoug_aem_Ky7Wf7YQN95Je1OkeZ-Dpw\"> art\u00edculu Fusi\u00f3n Asturias<\/a> \/<\/li>\n<\/ul>\n<\/div>\n<\/div>\n<\/div>\n<\/div>\n<\/div>\n<div class=\"html-div xdj266r x11i5rnm xat24cr x1mh8g0r xexx8yu x4uap5 x18d9i69 xkhd6sd\" dir=\"auto\">\n<div class=\"html-div xdj266r x11i5rnm xat24cr x1mh8g0r xexx8yu x4uap5 x18d9i69 xkhd6sd\" dir=\"auto\">\n<div class=\"html-div xdj266r x11i5rnm xat24cr x1mh8g0r xexx8yu x4uap5 x18d9i69 xkhd6sd\" data-ad-rendering-role=\"story_message\">\n<div class=\"x1l90r2v x1iorvi4 x1ye3gou xn6708d\" data-ad-comet-preview=\"message\" data-ad-preview=\"message\">\n<div class=\"x78zum5 xdt5ytf xz62fqu x16ldp7u\">\n<div class=\"xu06os2 x1ok221b\">\n<div class=\"xdj266r x11i5rnm xat24cr x1mh8g0r x1vvkbs x126k92a\">\n<blockquote>\n<div dir=\"auto\">A <span class=\"html-span xdj266r x11i5rnm xat24cr x1mh8g0r xexx8yu x4uap5 x18d9i69 xkhd6sd x1hl2dhg x16tdsg8 x1vvkbs\"><a class=\"x1i10hfl xjbqb8w x1ejq31n xd10rxx x1sy0etr x17r0tee x972fbf xcfux6l x1qhh985 xm0m39n x9f619 x1ypdohk xt0psk2 xe8uvvx xdj266r x11i5rnm xat24cr x1mh8g0r xexx8yu x4uap5 x18d9i69 xkhd6sd x16tdsg8 x1hl2dhg xggy1nq x1a2a7pz x1sur9pj xkrqix3 x1fey0fg x1s688f\" role=\"link\" href=\"https:\/\/www.facebook.com\/FusionAsturias?__cft__[0]=AZWA_8DV72LS0C6LMbUapfXcPhhlHo_YSsWtO7J0oiriI7wl7ch-UGB_KI6Gmob8p0_yS8izgw_lyieG7GgDIsUw6vGqLr44lYjdrZMl3K1sk0d7PjvdiY4AUOyRqYu8j4MxeyCMFhwx804VPjmeMZDmgmSL7vv1TYFQ1Wci76VfwRecaEvHB_Mbw60XCxDQwk2_RRIM6VpIyjEyouxRd5__WNH8P_aUIGAF2l0F6idmfg&amp;__tn__=-]K-y-R\"><span class=\"xt0psk2\"><span class=\"xjp7ctv\"><span aria-describedby=\":r3s9:\">Revista Fusi\u00f3n Asturias<\/span><\/span><\/span><\/a><\/span> public\u00f3u este repor tan chulo sobre a nosa iniciativa. Muitas gracias a Isabel por cuidarnos tanto y tan ben <span class=\"html-span xexx8yu x4uap5 x18d9i69 xkhd6sd x1hl2dhg x16tdsg8 x1vvkbs x3nfvp2 x1j61x8r x1fcty0u xdj266r xat24cr xgzva0m xhhsvwb xxymvpz xlup9mm x1kky2od\"><img loading=\"lazy\" decoding=\"async\" class=\"xz74otr\" src=\"https:\/\/static.xx.fbcdn.net\/images\/emoji.php\/v9\/tea\/1\/16\/1f970.png\" alt=\"?\" width=\"16\" height=\"16\" \/><\/span><\/div>\n<\/blockquote>\n<div dir=\"auto\"><\/div>\n<div dir=\"auto\" style=\"text-align: center\"><a href=\"https:\/\/fusionasturias.com\/wp-content\/uploads\/2025\/01\/nia-nosoutras-ideamos-arte-min-1068x919.jpg.webp\"><img loading=\"lazy\" decoding=\"async\" class=\"aligncenter \" src=\"https:\/\/fusionasturias.com\/wp-content\/uploads\/2025\/01\/nia-nosoutras-ideamos-arte-min-1068x919.jpg.webp\" width=\"743\" height=\"639\" \/><\/a><\/div>\n<div dir=\"auto\">\n<p>&nbsp;<\/p>\n<p>Las integrantes de NIA (Nosoutras Ideamos Arte) trabajan tejiendo redes vinculadas a su territorio natal y orgullosas de su lengua materna (la fala o eonaviego). Esta asociaci\u00f3n cultural y de corte feminista, ha arraigado en el noroccidente asturiano. Su reciente documental es una perfecta carta de presentaci\u00f3n del colectivo.<\/p>\n<p><!--more--><\/p>\n<p>La historia oficial de NIA se remonta dos a\u00f1os y medio atr\u00e1s cuando se gest\u00f3 la formaci\u00f3n del colectivo, pero hay que retroceder un poco m\u00e1s en el tiempo para entender de d\u00f3nde parte esta iniciativa y, sobre todo, de qu\u00e9 se alimenta. Hay que mencionar el retorno a su tierra, a Boal, y en particular a la aldea de Serandinas, la aldea de\u00a0<strong>Lola Cancio<\/strong>, una mujer que dej\u00f3 el occidente asturiano para formarse en materia de Derecho e Igualdad, y que, a su regreso, decidi\u00f3 volcar en la comarca su energ\u00eda y conocimientos.<\/p>\n<div class=\"code-block code-block-7\">\n<p>&nbsp;<\/p>\n<div id=\"beacon_886392d745\"><img loading=\"lazy\" decoding=\"async\" src=\"https:\/\/publi.fusionasturias.com\/www\/delivery\/lg.php?bannerid=0&amp;campaignid=0&amp;zoneid=10&amp;loc=https%3A%2F%2Ffusionasturias.com%2Fotras-secciones%2Fasociaciones%2Fnia-arte-y-feminismo-en-el-occidente-asturiano.htm%3Ffbclid%3DIwY2xjawH7iQZleHRuA2FlbQIxMQABHShkzarwH9ovfty7l-X3fJ7zscNspGKn5oQ9sQ8fLp6R1vBguemRnmAoug_aem_Ky7Wf7YQN95Je1OkeZ-Dpw&amp;referer=https%3A%2F%2Fl.facebook.com%2F&amp;cb=886392d745\" alt=\"\" width=\"0\" height=\"0\" \/><\/div>\n<p>&nbsp;<\/p>\n<\/div>\n<div class=\"wp-block-image\">\n<figure class=\"alignright size-full\"><img loading=\"lazy\" decoding=\"async\" class=\"wp-image-69069\" title=\"NIA, arte y feminismo en el occidente asturiano 1\" src=\"https:\/\/fusionasturias.com\/wp-content\/uploads\/2025\/01\/lola-nia-min.jpg\" alt=\"Lola Cancio, coordinadora de la Asociaci\u00f3n N\u00eda\" width=\"350\" height=\"446\" \/><figcaption class=\"wp-element-caption\">Lola Cancio, coordinadora de la Asociaci\u00f3n N\u00eda<\/figcaption><\/figure>\n<\/div>\n<p>Esta zona de Asturias tiene mucha experiencia en lo que a retornar al territorio se refiere. Para los m\u00e1s ancianos del lugar las expectativas de futuro deseables se encontraban siempre a kil\u00f3metros de distancia y su mayor deseo era enviar a sus hijos e hijas a estudiar a la ciudad lo antes posible. Quienes luego volvieron al pueblo lo hicieron haciendo valer sus ra\u00edces, y en gran parte de los casos, implic\u00e1ndose en el territorio. Es el caso de Lola, que, junto con otras personas del occidente con inquietudes sociales y art\u00edsticas, quiso hacer algo en la zona que visibilizara el aporte de las mujeres al sostenimiento de la vida. \u201cEn colaboraci\u00f3n con Javier Herrera, que hace producci\u00f3n audiovisual, y con Abel P\u00e9rez, que es gestor cultural, planteamos a cuatro concejos de la comarca la posibilidad de organizar unas jornadas enfocadas a este tema, porque las mujeres seguimos siendo \u2013y antes mucho m\u00e1s\u2013 las cuidadoras de las personas de la casa, de los animales, del campo, y quer\u00edamos dar valor a esta realidad. En paralelo a esto, lanzamos una propuesta en redes sociales para recopilar fotos de mujeres. No ped\u00edamos expresamente que fueran mayores, que fueran abuelas, pero la gente respondi\u00f3 envi\u00e1ndonos este tipo de fotos porque es un poco lo que sent\u00edan\u201d.<\/p>\n<p>La iniciativa destinada a mejorar la autoestima individual de las mujeres dio lugar a una exposici\u00f3n colectiva de fotograf\u00edas que recorri\u00f3 varios municipios de la comarca. A trav\u00e9s de testimonios gr\u00e1ficos aportados por sus protagonistas, la muestra daba visibilidad a los saberes populares, las tareas y conocimientos de las mujeres rurales, y todo ello apoy\u00e1ndose en el gallego-asturiano, su lengua de cuna. Tras esta primera acci\u00f3n, lo siguiente fue constituirse oficialmente como colectivo. \u201cCon el convencimiento de que el feminismo puede ser un eje transformador de la sociedad, decidimos dar un paso m\u00e1s y montamos N\u00eda con otra serie de mujeres tambi\u00e9n interesadas en sacar adelante proyectos culturales enfocados en el territorio. Es una asociaci\u00f3n de desarrollo comunitario con perspectiva de g\u00e9nero que utiliza la cultura como herramienta\u201d, explica la coordinadora de N\u00eda.<\/p>\n<blockquote class=\"wp-block-quote is-layout-flow wp-block-quote-is-layout-flow\">\n<p class=\"has-text-color has-link-color wp-elements-ef1672b727b36be3ff51f00ca8557822\">El t\u00e9rmino \u2018N\u00eda\u2019 es una expresi\u00f3n eonaviega que hace referencia a c\u00f3mo se llaman coloquialmente a ni\u00f1as y mujeres en la comarca del eo \u2013 navia.<\/p>\n<\/blockquote>\n<p>A pesar de su corta edad, la organizaci\u00f3n ya est\u00e1 dando mucho de qu\u00e9 hablar gracias a su \u00faltimo trabajo, un documental que cuenta en \u2018fala\u2019 (gallego-asturiano) la historia de seis mujeres de diferentes puntos del Occidente acompa\u00f1ada de la m\u00fasica de Vero Rubio. \u201cLo que quer\u00edamos mostrar es que hay futuro en el medio rural para las mujeres, lo hay para todo el medio rural. El docu presenta tres historias a trav\u00e9s de tres parejas de mujeres, dos formadas por madre e hija y la otra por vecinas de generaciones diferentes. Y est\u00e1 muy poco dirigido en el sentido de que les dimos mucha libertad para que eligiesen qu\u00e9 quer\u00edan contar y d\u00f3nde lo quer\u00edan contar. Nos parec\u00eda muy importante que ellas tomasen parte, no quer\u00edamos un guion cerrado\u201d, a\u00f1ade Cancio.<\/p>\n<div class=\"wp-block-image\">\n<figure class=\"aligncenter size-full\"><img loading=\"lazy\" decoding=\"async\" class=\"wp-image-69070\" title=\"NIA, arte y feminismo en el occidente asturiano 2\" src=\"https:\/\/fusionasturias.com\/wp-content\/uploads\/2025\/01\/nia-cartel-docu-min.jpg\" alt=\"Cartel del documental &quot;NIA, Nosoutras Ideamos Arte&quot;\" width=\"500\" height=\"707\" \/><\/figure>\n<\/div>\n<blockquote class=\"wp-block-quote is-layout-flow wp-block-quote-is-layout-flow\">\n<p class=\"has-text-color has-link-color wp-elements-fa33150c5509d09500deb52ea26924ea\">\u201cCon el convencimiento de que el feminismo puede ser un eje transformador de la sociedad, decidimos dar un paso m\u00e1s y montamos N\u00eda\u201d<br \/>\n(Lola Cancio, consultora de g\u00e9nero y coordinadora de N\u00cdA)<\/p>\n<\/blockquote>\n<p><strong>Matilde D\u00edaz<\/strong>, de As Figueiras, no confiesa su edad al espectador en ning\u00fan momento, pero ella es la decana de las mujeres que participan en el documental; algo que no resta ni un \u00e1pice de energ\u00eda a su relato. Desde la ventana de su casa contempla la llegada de los barcos a un puerto que ella frecuent\u00f3 en numerosas ocasiones, dada su dedicaci\u00f3n a oficios vinculados a la r\u00eda. Fue pescantina, redera y, con la libertad que dan los a\u00f1os, confiesa abiertamente fuera de la grabaci\u00f3n que tambi\u00e9n fue mariscadora sin tener papeles para ello. Su hija<strong>\u00a0Jacinta Mart\u00edn<\/strong>\u00a0es el claro ejemplo de quien se marcha a estudiar lejos del pueblo, pero luego regresa. Ligada al \u00e1mbito esc\u00e9nico, sabe muy bien c\u00f3mo hacer re\u00edr y disfrutar a los m\u00e1s peque\u00f1os y por eso es f\u00e1cil encontrarla como dinamizadora en eventos y actividades infantiles organizados por ayuntamientos y otras entidades.<\/p>\n<p><strong>Amparo Iglesias<\/strong>, natural de Revoqueira pero vecina de Villanueva de Oscos, tambi\u00e9n vivi\u00f3 lejos del ala occidental, aunque su actividad profesional como veterinaria le permiti\u00f3 regresar a su tierra. Y lo ha hecho con ganas de volcarse en la comarca, entre otras cosas, como gestora cultural de un festival conocido como Festa dos Frailes. Su amiga,\u00a0<strong>Dolores Mart\u00ednez<\/strong>, de Santa Eulalia de Oscos estuvo vinculada profesionalmente a la hosteler\u00eda, y durante mucho tiempo confi\u00f3 en poder regresar, como finalmente hizo.<\/p>\n<p>Otra mujer que participa en el documental es\u00a0<strong>Carmen Si\u00f1eriz<\/strong>, de Boal. Ella, como fil\u00f3loga especialista en gallego-asturiano, es la primera que invita a hablar en fala y a sentir orgullo por la lengua materna. Precisamente esta docente boalesa es una de las personas que est\u00e1 preparando para la Academia de la Llingua Asturiana el primer diccionario de gallego-asturiano. En la filmaci\u00f3n Carmen est\u00e1 acompa\u00f1ada por su progenitora,\u00a0<strong>Argelina<\/strong>, que naci\u00f3 en X\u00edo, en Illano, y que relata momentos de su infancia en los que acompa\u00f1aba al reba\u00f1o de ovejas de su familia.<\/p>\n<p>El documental\u00a0<em>N\u00eda, Nosoutras ideamos arte<\/em>, producido por Mialma Produci\u00f3is Creativas y realizado por Barenta Report, reconoce lo que hicieron mujeres de generaciones anteriores a la vez que transporta una mirada al futuro. \u201cPartimos de esta visibilizaci\u00f3n, de un reconocimiento de la tradici\u00f3n, pero no pod\u00edamos quedarnos s\u00f3lo en eso, tambi\u00e9n hay que mirar al futuro porque ahora hay mujeres haciendo cosas muy interesantes y que apuestan por el territorio. Algo que transmite muy bien el documental es que en esta zona puedes hacer casi lo que quieras a nivel de ocio y cultura. Creemos que tenemos muchos h\u00e1ndicaps, pero en realidad tambi\u00e9n tenemos muchas oportunidades, hay cercan\u00eda con instituciones y entre la gente\u201d, explica la coordinadora de la Asociaci\u00f3n.<\/p>\n<blockquote class=\"wp-block-quote is-layout-flow wp-block-quote-is-layout-flow\">\n<p class=\"has-text-color has-link-color wp-elements-7ca7a12791dabf4a30d278e377a2f993\">Dispuestas a seguir luchando por el territorio y por la igualdad entre mujeres y hombres, las integrantes de la Asociaci\u00f3n ya tienen en mente un pr\u00f3ximo proyecto: la creaci\u00f3n de podcast N\u00eda.<\/p>\n<\/blockquote>\n<p>El lenguaje gallego-asturiano a trav\u00e9s del que se conduce todo el relato documental es tambi\u00e9n una insignia del proyecto, y para su desarrollo ha contado con el asesoramiento de Carmen Si\u00f1eriz. \u201cTodas las protagonistas lo hablan y hay que pensar que aqu\u00ed la lengua estaba muy desprestigiada \u2013a\u00f1ade Cancio\u2013. El hecho de estar en una zona de monta\u00f1a, con malas comunicaciones y con una poblaci\u00f3n de edad muy avanzada provocaba un sentimiento incluso de ocultaci\u00f3n entre la propia poblaci\u00f3n \u2018falante\u2019. Y creemos que esto tiene que ver tambi\u00e9n con el patriarcado, porque, al final, el castellano era el idioma que hablaban los hombres, el que se hablaba fuera en el espacio p\u00fablico y con la gente. El otro era la lengua materna, la de la casa, la de los cuidados y por eso ahora lo queremos visibilizar\u201d.<\/p>\n<p>El reportaje documental ha tenido muy buena acogida en la zona. Se present\u00f3 oficialmente en la Casa de Cultura de Castropol el pasado 28 de noviembre y, seg\u00fan explica la consultora de g\u00e9nero de Serandinas, \u201cnos ha sorprendido muy gratamente ver que estaba la sala llena y que incluso hab\u00eda personas de pie. Ahora tenemos a mucha gente de diferentes concejos contact\u00e1ndonos y preguntando cu\u00e1ndo lo pueden ver, ciertamente ha generado mucho inter\u00e9s. Y aunque no tenemos fechas cerradas, hay tres lugares obligados en los que s\u00ed se va a poder ver: en Sampol (Boal), en Los Oscos y en As Figueiras (Castropol) porque fueron los sitios en los que se grab\u00f3, fueron las puertas de entrada al documental\u201d.<\/p>\n<p>Dispuestas a seguir luchando por el territorio y por la igualdad entre mujeres y hombres, las integrantes de la Asociaci\u00f3n ya tienen en mente un pr\u00f3ximo proyecto: la creaci\u00f3n de podcast N\u00eda. \u201cTenemos algunas cosas grabadas desde hace mucho tiempo \u2013comenta Lola\u2013 porque hemos ido contactando con mujeres mayores que nos interesaban con la idea de conservar ese material. Al final, un podcast es una herramienta muy cercana y tambi\u00e9n adecuada porque sirve para seguir trabajando ese fomento de la autoestima individual y colectiva\u201d.<\/p>\n<\/div>\n<\/div>\n<\/div>\n<\/div>\n<\/div>\n<\/div>\n<\/div>\n<\/div>\n<p>&nbsp;<\/p>\n","protected":false},"excerpt":{"rendered":"<p>N\u00eda, Nosoutras Ideamos Arte\/ art\u00edculu Fusi\u00f3n Asturias \/ A Revista Fusi\u00f3n Asturias public\u00f3u este repor tan chulo sobre a nosa iniciativa. Muitas gracias a Isabel por cuidarnos tanto y tan ben &nbsp; Las integrantes de NIA (Nosoutras Ideamos Arte) trabajan tejiendo redes vinculadas a su territorio natal y orgullosas de su lengua materna (la fala [&hellip;]<\/p>\n","protected":false},"author":117,"featured_media":0,"comment_status":"open","ping_status":"open","sticky":false,"template":"","format":"standard","meta":{"footnotes":""},"categories":[393],"tags":[],"class_list":["post-40530","post","type-post","status-publish","format-standard","hentry","category-eonaviego"],"_links":{"self":[{"href":"https:\/\/edublog.educastur.es\/ixuxu\/wp-json\/wp\/v2\/posts\/40530","targetHints":{"allow":["GET"]}}],"collection":[{"href":"https:\/\/edublog.educastur.es\/ixuxu\/wp-json\/wp\/v2\/posts"}],"about":[{"href":"https:\/\/edublog.educastur.es\/ixuxu\/wp-json\/wp\/v2\/types\/post"}],"author":[{"embeddable":true,"href":"https:\/\/edublog.educastur.es\/ixuxu\/wp-json\/wp\/v2\/users\/117"}],"replies":[{"embeddable":true,"href":"https:\/\/edublog.educastur.es\/ixuxu\/wp-json\/wp\/v2\/comments?post=40530"}],"version-history":[{"count":5,"href":"https:\/\/edublog.educastur.es\/ixuxu\/wp-json\/wp\/v2\/posts\/40530\/revisions"}],"predecessor-version":[{"id":40535,"href":"https:\/\/edublog.educastur.es\/ixuxu\/wp-json\/wp\/v2\/posts\/40530\/revisions\/40535"}],"wp:attachment":[{"href":"https:\/\/edublog.educastur.es\/ixuxu\/wp-json\/wp\/v2\/media?parent=40530"}],"wp:term":[{"taxonomy":"category","embeddable":true,"href":"https:\/\/edublog.educastur.es\/ixuxu\/wp-json\/wp\/v2\/categories?post=40530"},{"taxonomy":"post_tag","embeddable":true,"href":"https:\/\/edublog.educastur.es\/ixuxu\/wp-json\/wp\/v2\/tags?post=40530"}],"curies":[{"name":"wp","href":"https:\/\/api.w.org\/{rel}","templated":true}]}}