{"id":40564,"date":"2025-01-25T10:26:47","date_gmt":"2025-01-25T08:26:47","guid":{"rendered":"https:\/\/edublog.educastur.es\/ixuxu\/?p=40564"},"modified":"2025-01-25T22:59:41","modified_gmt":"2025-01-25T20:59:41","slug":"asturies-va-realizar-el-dia-28-un-simulacro-demerxencia-unviando-pel-movil-avisu-de-neve","status":"publish","type":"post","link":"https:\/\/edublog.educastur.es\/ixuxu\/2025\/01\/asturies-va-realizar-el-dia-28-un-simulacro-demerxencia-unviando-pel-movil-avisu-de-neve\/","title":{"rendered":"Asturies va realizar el d\u00eda 28 un simulacro d&#8217;emerxencia unviando pel m\u00f3vil avisu de \u00f1eve"},"content":{"rendered":"<p style=\"text-align: center\">\n<!-- iframe plugin v.6.0 wordpress.org\/plugins\/iframe\/ -->\n<iframe loading=\"lazy\" src=\"https:\/\/www.facebook.com\/plugins\/video.php?height=315&#038;href=https%3A%2F%2Fwww.facebook.com%2Faitanacd%2Fvideos%2F9834717533209159%2F&#038;show_text=false&#038;width=560&#038;t=0\" width=\"560\" height=\"315\" style=\"border:none;overflow:hidden\" scrolling=\"no\" frameborder=\"0\" allowfullscreen=\"true\" allow=\"autoplay; clipboard-write; encrypted-media; picture-in-picture; web-share\" 0=\"\/iframe\" class=\"iframe-class\"><\/iframe>\n<\/p>\n<p><em><strong>Asturies va realizar el d\u00eda 28 un simulacro d&#8217;emerxencia<\/strong> por aciu la unviada d&#8217;un mensaxe a los tel\u00e9fonos m\u00f3viles de la poblaci\u00f3n. El Princip\u00e1u va utilizar el sistema <strong>Es-Alert<\/strong> para informar a la ciudadan\u00eda de les mid\u00edes d&#8217;actuaci\u00f3n \u00e9nte un <strong>avisu color\u00e1u por nieve<\/strong>, col fin de dar a conocer esta ferramienta y ameyorar los protocolos de comunicaci\u00f3n y respuesta \u00e9nte graves riesgos. Les persones que s&#8217;atopen nos conceyos afectaos <strong>van recibir un mensaxe de prueba acompa\u00f1\u00e1u d&#8217;un pit\u00edu sobro les 10:30 hores.<\/strong><\/em><\/p>\n<p><!--more--><\/p>\n<p style=\"text-align: center\"><a href=\"https:\/\/actualidad.asturias.es\/documents\/537115\/2335962\/2025_01_20+Simulacro+emergencia+secuencia.jpg\/d0d63950-fbf6-c2db-6a17-6d9334ab7e6d?t=1737371342013\"><img loading=\"lazy\" decoding=\"async\" class=\"aligncenter size-large\" src=\"https:\/\/actualidad.asturias.es\/documents\/537115\/2335962\/2025_01_20+Simulacro+emergencia+secuencia.jpg\/d0d63950-fbf6-c2db-6a17-6d9334ab7e6d?t=1737371342013\" width=\"1920\" height=\"1080\" \/><\/a>Fonte: <a href=\"https:\/\/actualidad.asturias.es\/-\/asturias-realizar%C3%A1-el-d%C3%ADa-28-un-simulacro-de-emergencia-mediante-el-env%C3%ADo-de-un-mensaje-a-los-tel%C3%A9fonos-m%C3%B3viles-de-la-poblaci%C3%B3n?redirect=%2Fnoticias\"><em>Actualid\u00e1 Asturies<\/em><\/a><\/p>\n<p><em><span style=\"text-decoration: underline\">Les \u00e1rees a les que va llegar son les siguientes (23 conceyos):<\/span><\/em><\/p>\n<ul>\n<li><em><strong>\u00c1rea central y valles mineros<\/strong>: Balmonte, Bimenes, Cabranes, Candamo, Grau, Llangr\u00e9u, Llaviana, Llanera, Mieres, Morc\u00edn, Nava, Nore\u00f1a, Uvi\u00e9u, Proaza, Les Regueres, La Ribera, Riosa, Salas, Samart\u00edn del Rei Aurelio, Santo Adriano, Sariegu, Siero y Yernes y Tameza<\/em><\/li>\n<li><em><strong>Cordal y Picos d&#8217;Europa<\/strong>: Ayer, Amieva, Cabrales, Cangues d&#8217;On\u00eds, Casu, L.lena, On\u00eds, Parres, Pe\u00f1amellera Baxa, Pe\u00f1amellera Alta, Pilo\u00f1a, Ponga, Quir\u00f3s, Sobrescobiu, Somiedu y Teberga.<\/em><\/li>\n<\/ul>\n<p>Los usuarios de tel\u00e9fonos intelixentes (smartphones) conectaos a les antenes de telefon\u00eda m\u00f3vil asitiaes nos 23 conceyos afectaos<strong> van recibir esta notificaci\u00f3n<\/strong>, que se va visualizar de forma similar a <strong>un mensaxe de testu<\/strong>, ocupando tola pantalla, y va venir acompa\u00f1ada d&#8217;<strong>un pit\u00edu y una vibraci\u00f3n de dellos segundos.<\/strong><\/p>\n","protected":false},"excerpt":{"rendered":"<p>Asturies va realizar el d\u00eda 28 un simulacro d&#8217;emerxencia por aciu la unviada d&#8217;un mensaxe a los tel\u00e9fonos m\u00f3viles de la poblaci\u00f3n. El Princip\u00e1u va utilizar el sistema Es-Alert para informar a la ciudadan\u00eda de les mid\u00edes d&#8217;actuaci\u00f3n \u00e9nte un avisu color\u00e1u por nieve, col fin de dar a conocer esta ferramienta y ameyorar los [&hellip;]<\/p>\n","protected":false},"author":117,"featured_media":0,"comment_status":"open","ping_status":"open","sticky":false,"template":"","format":"standard","meta":{"footnotes":""},"categories":[417],"tags":[],"class_list":["post-40564","post","type-post","status-publish","format-standard","hentry","category-simulacru"],"_links":{"self":[{"href":"https:\/\/edublog.educastur.es\/ixuxu\/wp-json\/wp\/v2\/posts\/40564","targetHints":{"allow":["GET"]}}],"collection":[{"href":"https:\/\/edublog.educastur.es\/ixuxu\/wp-json\/wp\/v2\/posts"}],"about":[{"href":"https:\/\/edublog.educastur.es\/ixuxu\/wp-json\/wp\/v2\/types\/post"}],"author":[{"embeddable":true,"href":"https:\/\/edublog.educastur.es\/ixuxu\/wp-json\/wp\/v2\/users\/117"}],"replies":[{"embeddable":true,"href":"https:\/\/edublog.educastur.es\/ixuxu\/wp-json\/wp\/v2\/comments?post=40564"}],"version-history":[{"count":5,"href":"https:\/\/edublog.educastur.es\/ixuxu\/wp-json\/wp\/v2\/posts\/40564\/revisions"}],"predecessor-version":[{"id":40793,"href":"https:\/\/edublog.educastur.es\/ixuxu\/wp-json\/wp\/v2\/posts\/40564\/revisions\/40793"}],"wp:attachment":[{"href":"https:\/\/edublog.educastur.es\/ixuxu\/wp-json\/wp\/v2\/media?parent=40564"}],"wp:term":[{"taxonomy":"category","embeddable":true,"href":"https:\/\/edublog.educastur.es\/ixuxu\/wp-json\/wp\/v2\/categories?post=40564"},{"taxonomy":"post_tag","embeddable":true,"href":"https:\/\/edublog.educastur.es\/ixuxu\/wp-json\/wp\/v2\/tags?post=40564"}],"curies":[{"name":"wp","href":"https:\/\/api.w.org\/{rel}","templated":true}]}}