{"id":40569,"date":"2025-01-21T14:33:44","date_gmt":"2025-01-21T12:33:44","guid":{"rendered":"https:\/\/edublog.educastur.es\/ixuxu\/?p=40569"},"modified":"2025-01-22T10:31:11","modified_gmt":"2025-01-22T08:31:11","slug":"40569","status":"publish","type":"post","link":"https:\/\/edublog.educastur.es\/ixuxu\/2025\/01\/40569\/","title":{"rendered":"Asturies aterriza en Madrid con una campa\u00f1a sobro la cultura sidrera como patrimoniu Inmaterial de la Humanid\u00e1"},"content":{"rendered":"<p style=\"text-align: center\"><img loading=\"lazy\" decoding=\"async\" class=\"aligncenter size-large\" src=\"https:\/\/s3.ppllstatics.com\/elcomercio\/www\/multimedia\/2025\/01\/21\/cartel-asturias-fitur-madrid-kl5G-U230601820318gvC-1200x840@El%20Comercio.jpeg\" width=\"1200\" height=\"840\" \/><\/p>\n<p>? ? Una espectacular pancarta con un escanci\u00e1u de sidra, na c\u00e9ntrica cai Alcal\u00e1, va ser el s\u00edmbolu d&#8217;esta promoci\u00f3n mientres l&#8217;eventu en Fitur.<\/p>\n<ul>\n<li>Fonte: <a href=\"https:\/\/www.elcomercio.es\/asturias\/espectacular-cartel-centro-madrid-asturias-presume-cultura-sidrera-fitur-20250121192254-nt.html?fbclid=IwY2xjawH9i0BleHRuA2FlbQIxMQABHYk3raa4IQR7tZZmRyuwSJHH2wi14Lrj-fuKwG_m5buWaM7c4zMOgYF_bQ_aem_Vx_oDvVS-Aqb6s-d3taqFQ\">El Comercio<\/a> \/<\/li>\n<\/ul>\n<p><!--more--><\/p>\n<p style=\"text-align: center\">\n<!-- iframe plugin v.6.0 wordpress.org\/plugins\/iframe\/ -->\n<iframe loading=\"lazy\" src=\"https:\/\/www.facebook.com\/plugins\/post.php?href=https%3A%2F%2Fwww.facebook.com%2Fphoto.php%3Ffbid%3D912865987685235%26set%3Da.228420442796463%26type%3D3&#038;show_text=false&#038;width=500\" width=\"500\" height=\"728\" style=\"border:none;overflow:hidden\" scrolling=\"no\" frameborder=\"0\" allowfullscreen=\"true\" allow=\"autoplay; clipboard-write; encrypted-media; picture-in-picture; web-share\" 0=\"\/iframe\" class=\"iframe-class\"><\/iframe>\n<\/p>\n","protected":false},"excerpt":{"rendered":"<p>? ? Una espectacular pancarta con un escanci\u00e1u de sidra, na c\u00e9ntrica cai Alcal\u00e1, va ser el s\u00edmbolu d&#8217;esta promoci\u00f3n mientres l&#8217;eventu en Fitur. Fonte: El Comercio \/<\/p>\n","protected":false},"author":117,"featured_media":0,"comment_status":"open","ping_status":"open","sticky":false,"template":"","format":"standard","meta":{"footnotes":""},"categories":[11,167,388,156,18],"tags":[],"class_list":["post-40569","post","type-post","status-publish","format-standard","hentry","category-campanes","category-feries","category-patrimoniu-de-la-humanida","category-sidre","category-turismu"],"_links":{"self":[{"href":"https:\/\/edublog.educastur.es\/ixuxu\/wp-json\/wp\/v2\/posts\/40569","targetHints":{"allow":["GET"]}}],"collection":[{"href":"https:\/\/edublog.educastur.es\/ixuxu\/wp-json\/wp\/v2\/posts"}],"about":[{"href":"https:\/\/edublog.educastur.es\/ixuxu\/wp-json\/wp\/v2\/types\/post"}],"author":[{"embeddable":true,"href":"https:\/\/edublog.educastur.es\/ixuxu\/wp-json\/wp\/v2\/users\/117"}],"replies":[{"embeddable":true,"href":"https:\/\/edublog.educastur.es\/ixuxu\/wp-json\/wp\/v2\/comments?post=40569"}],"version-history":[{"count":5,"href":"https:\/\/edublog.educastur.es\/ixuxu\/wp-json\/wp\/v2\/posts\/40569\/revisions"}],"predecessor-version":[{"id":40595,"href":"https:\/\/edublog.educastur.es\/ixuxu\/wp-json\/wp\/v2\/posts\/40569\/revisions\/40595"}],"wp:attachment":[{"href":"https:\/\/edublog.educastur.es\/ixuxu\/wp-json\/wp\/v2\/media?parent=40569"}],"wp:term":[{"taxonomy":"category","embeddable":true,"href":"https:\/\/edublog.educastur.es\/ixuxu\/wp-json\/wp\/v2\/categories?post=40569"},{"taxonomy":"post_tag","embeddable":true,"href":"https:\/\/edublog.educastur.es\/ixuxu\/wp-json\/wp\/v2\/tags?post=40569"}],"curies":[{"name":"wp","href":"https:\/\/api.w.org\/{rel}","templated":true}]}}