{"id":40581,"date":"2025-01-21T09:00:40","date_gmt":"2025-01-21T07:00:40","guid":{"rendered":"https:\/\/edublog.educastur.es\/ixuxu\/?p=40581"},"modified":"2025-01-21T15:39:27","modified_gmt":"2025-01-21T13:39:27","slug":"feliz-dia-del-abrazu","status":"publish","type":"post","link":"https:\/\/edublog.educastur.es\/ixuxu\/2025\/01\/feliz-dia-del-abrazu\/","title":{"rendered":"\u00a1Feliz D\u00eda del Abrazu!"},"content":{"rendered":"<p style=\"text-align: center\"><a href=\"https:\/\/encrypted-tbn0.gstatic.com\/images?q=tbn:ANd9GcTZ8vUc98z_vEeQnawrj3xI_GOw-SHWfXKEyw&amp;s\"><img loading=\"lazy\" decoding=\"async\" class=\"aligncenter size-large\" src=\"https:\/\/encrypted-tbn0.gstatic.com\/images?q=tbn:ANd9GcTZ8vUc98z_vEeQnawrj3xI_GOw-SHWfXKEyw&amp;s\" width=\"310\" height=\"162\" \/><\/a><\/p>\n<p>G\u00fcei recordamos qu&#8217;un xestu tan senciellu y cotidianu ye una de les coses m\u00e1s importantes. Los abrazos f\u00e1ennos sentir protex\u00edos, con ellos notamos que crez el nuesu enfotu, aumenta la segurid\u00e1, xenera fortaleza, mengua&#8217;l estr\u00e9s\u2026 \u00a1A esfrutar del poder de los abrazos!<\/p>\n","protected":false},"excerpt":{"rendered":"<p>G\u00fcei recordamos qu&#8217;un xestu tan senciellu y cotidianu ye una de les coses m\u00e1s importantes. Los abrazos f\u00e1ennos sentir protex\u00edos, con ellos notamos que crez el nuesu enfotu, aumenta la segurid\u00e1, xenera fortaleza, mengua&#8217;l estr\u00e9s\u2026 \u00a1A esfrutar del poder de los abrazos!<\/p>\n","protected":false},"author":117,"featured_media":0,"comment_status":"open","ping_status":"open","sticky":false,"template":"","format":"standard","meta":{"footnotes":""},"categories":[6],"tags":[],"class_list":["post-40581","post","type-post","status-publish","format-standard","hentry","category-dia-de"],"_links":{"self":[{"href":"https:\/\/edublog.educastur.es\/ixuxu\/wp-json\/wp\/v2\/posts\/40581","targetHints":{"allow":["GET"]}}],"collection":[{"href":"https:\/\/edublog.educastur.es\/ixuxu\/wp-json\/wp\/v2\/posts"}],"about":[{"href":"https:\/\/edublog.educastur.es\/ixuxu\/wp-json\/wp\/v2\/types\/post"}],"author":[{"embeddable":true,"href":"https:\/\/edublog.educastur.es\/ixuxu\/wp-json\/wp\/v2\/users\/117"}],"replies":[{"embeddable":true,"href":"https:\/\/edublog.educastur.es\/ixuxu\/wp-json\/wp\/v2\/comments?post=40581"}],"version-history":[{"count":3,"href":"https:\/\/edublog.educastur.es\/ixuxu\/wp-json\/wp\/v2\/posts\/40581\/revisions"}],"predecessor-version":[{"id":40584,"href":"https:\/\/edublog.educastur.es\/ixuxu\/wp-json\/wp\/v2\/posts\/40581\/revisions\/40584"}],"wp:attachment":[{"href":"https:\/\/edublog.educastur.es\/ixuxu\/wp-json\/wp\/v2\/media?parent=40581"}],"wp:term":[{"taxonomy":"category","embeddable":true,"href":"https:\/\/edublog.educastur.es\/ixuxu\/wp-json\/wp\/v2\/categories?post=40581"},{"taxonomy":"post_tag","embeddable":true,"href":"https:\/\/edublog.educastur.es\/ixuxu\/wp-json\/wp\/v2\/tags?post=40581"}],"curies":[{"name":"wp","href":"https:\/\/api.w.org\/{rel}","templated":true}]}}