{"id":40596,"date":"2025-01-22T10:34:04","date_gmt":"2025-01-22T08:34:04","guid":{"rendered":"https:\/\/edublog.educastur.es\/ixuxu\/?p=40596"},"modified":"2025-01-22T10:38:05","modified_gmt":"2025-01-22T08:38:05","slug":"les-primeres-muyeres-en-xubir-a-la-cima-del-naranxo-de-bulnes","status":"publish","type":"post","link":"https:\/\/edublog.educastur.es\/ixuxu\/2025\/01\/les-primeres-muyeres-en-xubir-a-la-cima-del-naranxo-de-bulnes\/","title":{"rendered":"Les primeres muyeres en xubir a la cima del Naranxo de Bulnes"},"content":{"rendered":"<p style=\"text-align: center\"><a href=\"https:\/\/www.diariodevalderrueda.es\/images\/showid2\/7143863?w=1200&amp;zc=4\"><img loading=\"lazy\" decoding=\"async\" class=\"aligncenter size-large\" src=\"https:\/\/www.diariodevalderrueda.es\/images\/showid2\/7143863?w=1200&amp;zc=4\" width=\"1200\" height=\"900\" \/><\/a><\/p>\n<p>Mar\u00eda Isabel P\u00e9rez y Te\u00f3fila Gao, les primeres muyeres en xubir al visu de la Naranxo de Bulnes. Les lleoneses, nietes de &#8216;El Cainejo&#8217;, fueron les primeres n&#8217;alzase lo m\u00e1s alto de la hist\u00f3rica zona de Picos d&#8217;Europa y, por ello, Valde\u00f3n prepara una serie d&#8217;homenaxes para conmemorar el 90 aniversariu.<\/p>\n<ul>\n<li>Fonte: <a href=\"https:\/\/www.diariodevalderrueda.es\/texto-diario\/mostrar\/5145210\/maria-isabel-perez-teofila-gao-primeras-mujeres-subir-cima-naranjo-bulnes\">Diarodevalderrueda<\/a> \/<\/li>\n<\/ul>\n<p><!--more--><\/p>\n<p>El pas\u00e1u a\u00f1u de 2024, Mar\u00eda Isabel P\u00e9rez y Te\u00f3fila Gao, y\u00e1 finaes, fueron estremaes col<span style=\"color: #008080\"> Premiu 2024 conced\u00edu pola vocal\u00eda d&#8217;Iguald\u00e1-Muyer de Pioneres nel Monte pola <strong>Federaci\u00f3n Espa\u00f1ola de los Deportes de Monte y Esguilada (FEDME)<\/strong><\/span>, y am\u00e1s, l&#8217;Asociaci\u00f3n d&#8217;Escaladores Hest\u00f3ricos del Picu Urriellu, como tami\u00e9n se-y conoz a la Naranxo de Bulnes, nos premios a la Excelencia nel Monte qu&#8217;angua\u00f1o va tener la so primer edici\u00f3n n&#8217;Uvi\u00e9u, igualmente concedi\u00f3-yos el galard\u00f3n de <strong>Les Pioneres.<\/strong><\/p>\n<p>&nbsp;<\/p>\n<p style=\"text-align: center\"><a href=\"https:\/\/www.diariodevalderrueda.es\/images\/showid2\/7143864?w=1200&amp;zc=4\"><img loading=\"lazy\" decoding=\"async\" class=\"aligncenter size-large\" src=\"https:\/\/www.diariodevalderrueda.es\/images\/showid2\/7143864?w=1200&amp;zc=4\" width=\"1200\" height=\"900\" \/><\/a><\/p>\n<p style=\"text-align: center\"><a href=\"https:\/\/www.diariodevalderrueda.es\/images\/showid2\/7143866?w=1200&amp;zc=4\"><img loading=\"lazy\" decoding=\"async\" class=\"aligncenter size-large\" src=\"https:\/\/www.diariodevalderrueda.es\/images\/showid2\/7143866?w=1200&amp;zc=4\" width=\"1199\" height=\"797\" \/><\/a><\/p>\n","protected":false},"excerpt":{"rendered":"<p>Mar\u00eda Isabel P\u00e9rez y Te\u00f3fila Gao, les primeres muyeres en xubir al visu de la Naranxo de Bulnes. Les lleoneses, nietes de &#8216;El Cainejo&#8217;, fueron les primeres n&#8217;alzase lo m\u00e1s alto de la hist\u00f3rica zona de Picos d&#8217;Europa y, por ello, Valde\u00f3n prepara una serie d&#8217;homenaxes para conmemorar el 90 aniversariu. Fonte: Diarodevalderrueda \/<\/p>\n","protected":false},"author":117,"featured_media":0,"comment_status":"open","ping_status":"open","sticky":false,"template":"","format":"standard","meta":{"footnotes":""},"categories":[1],"tags":[],"class_list":["post-40596","post","type-post","status-publish","format-standard","hentry","category-sin-categoria"],"_links":{"self":[{"href":"https:\/\/edublog.educastur.es\/ixuxu\/wp-json\/wp\/v2\/posts\/40596","targetHints":{"allow":["GET"]}}],"collection":[{"href":"https:\/\/edublog.educastur.es\/ixuxu\/wp-json\/wp\/v2\/posts"}],"about":[{"href":"https:\/\/edublog.educastur.es\/ixuxu\/wp-json\/wp\/v2\/types\/post"}],"author":[{"embeddable":true,"href":"https:\/\/edublog.educastur.es\/ixuxu\/wp-json\/wp\/v2\/users\/117"}],"replies":[{"embeddable":true,"href":"https:\/\/edublog.educastur.es\/ixuxu\/wp-json\/wp\/v2\/comments?post=40596"}],"version-history":[{"count":5,"href":"https:\/\/edublog.educastur.es\/ixuxu\/wp-json\/wp\/v2\/posts\/40596\/revisions"}],"predecessor-version":[{"id":40601,"href":"https:\/\/edublog.educastur.es\/ixuxu\/wp-json\/wp\/v2\/posts\/40596\/revisions\/40601"}],"wp:attachment":[{"href":"https:\/\/edublog.educastur.es\/ixuxu\/wp-json\/wp\/v2\/media?parent=40596"}],"wp:term":[{"taxonomy":"category","embeddable":true,"href":"https:\/\/edublog.educastur.es\/ixuxu\/wp-json\/wp\/v2\/categories?post=40596"},{"taxonomy":"post_tag","embeddable":true,"href":"https:\/\/edublog.educastur.es\/ixuxu\/wp-json\/wp\/v2\/tags?post=40596"}],"curies":[{"name":"wp","href":"https:\/\/api.w.org\/{rel}","templated":true}]}}