{"id":40602,"date":"2025-01-22T10:42:51","date_gmt":"2025-01-22T08:42:51","guid":{"rendered":"https:\/\/edublog.educastur.es\/ixuxu\/?p=40602"},"modified":"2025-01-22T10:47:13","modified_gmt":"2025-01-22T08:47:13","slug":"40602","status":"publish","type":"post","link":"https:\/\/edublog.educastur.es\/ixuxu\/2025\/01\/40602\/","title":{"rendered":"Perendi, Premiu Nel Amaro de Teatru, esti vienres na Casa de Cultura de Lluanco"},"content":{"rendered":"<div class=\"html-div xdj266r xexx8yu x4uap5 x18d9i69 xkhd6sd x1n2onr6 x1mh8g0r x11i5rnm xod5an3\">\n<div class=\"html-div xdj266r x11i5rnm xat24cr x1mh8g0r xexx8yu x4uap5 x18d9i69 xkhd6sd x6ikm8r x10wlt62\" style=\"text-align: center\"><a href=\"http:\/\/www.asturiesculturaenrede.es\/uploads\/fotos\/Nx2jFmVXNZPRFrDpPsgkp6LHCvbkgXW6.jpg\"><img loading=\"lazy\" decoding=\"async\" class=\"aligncenter size-large\" src=\"http:\/\/www.asturiesculturaenrede.es\/uploads\/fotos\/Nx2jFmVXNZPRFrDpPsgkp6LHCvbkgXW6.jpg\" width=\"1150\" height=\"750\" \/><\/a><\/div>\n<\/div>\n<div class=\"xu06os2 x1ok221b\">\n<div class=\"html-div xdj266r x11i5rnm xat24cr x1mh8g0r xexx8yu x4uap5 x18d9i69 xkhd6sd\" data-ad-rendering-role=\"profile_name\">\n<ul>\n<li class=\"html-h3 x11i5rnm xat24cr x1mh8g0r xexx8yu x4uap5 x18d9i69 xkhd6sd x1vvkbs x1heor9g x1qlqyl8 x1pd3egz x1a2a7pz x1gslohp x1yc453h\"><span class=\"x1lliihq x6ikm8r x10wlt62 x1n2onr6\"><span class=\"xt0psk2\"><span class=\"xjp7ctv\"><a class=\"x1i10hfl xjbqb8w x1ejq31n xd10rxx x1sy0etr x17r0tee x972fbf xcfux6l x1qhh985 xm0m39n x9f619 x1ypdohk xt0psk2 xe8uvvx xdj266r x11i5rnm xat24cr x1mh8g0r xexx8yu x4uap5 x18d9i69 xkhd6sd x16tdsg8 x1hl2dhg xggy1nq x1a2a7pz x1sur9pj xkrqix3 xzsf02u x1s688f\" role=\"link\" href=\"https:\/\/www.facebook.com\/AsturiesCulturaenRede?__cft__[0]=AZWyt6PJ0McY_f5pVEeJaNfcUEK9VDjgCZKF7_pg3hQPhqmpV5A-wKtD-Z5iAsdqjdXOp1g6o68VCssVFZxIrorecu4hoHOg6YcEGD3Bvv4UbX6Qp52Iugaj-0sOjPLyQWSmipKTJ4xaBu1sIlF5s2rYJcULQeehEDLH5e1s-7a8UyzUDn8r3rGPApsp1FM4FhVzWD1V4uNo4q9ow3S7sQRLu29uOenRdoaqikNXWfC0-w&amp;__tn__=-UC%2CP-y-R\" aria-describedby=\":rpq:\"><strong class=\"html-strong xdj266r x11i5rnm xat24cr x1mh8g0r xexx8yu x4uap5 x18d9i69 xkhd6sd x1hl2dhg x16tdsg8 x1vvkbs x1s688f\"><span class=\"html-span xdj266r x11i5rnm xat24cr x1mh8g0r xexx8yu x4uap5 x18d9i69 xkhd6sd x1hl2dhg x16tdsg8 x1vvkbs\">Asturies Cultura en Rede<\/span><\/strong><\/a><\/span><\/span><\/span><\/li>\n<\/ul>\n<\/div>\n<\/div>\n<div class=\"html-div xdj266r x11i5rnm xat24cr x1mh8g0r xexx8yu x4uap5 x18d9i69 xkhd6sd\" dir=\"auto\">\n<div class=\"html-div xdj266r x11i5rnm xat24cr x1mh8g0r xexx8yu x4uap5 x18d9i69 xkhd6sd\" dir=\"auto\">\n<div class=\"html-div xdj266r x11i5rnm xat24cr x1mh8g0r xexx8yu x4uap5 x18d9i69 xkhd6sd\" data-ad-rendering-role=\"story_message\">\n<div class=\"x1l90r2v x1iorvi4 x1ye3gou xn6708d\" data-ad-comet-preview=\"message\" data-ad-preview=\"message\">\n<div class=\"x78zum5 xdt5ytf xz62fqu x16ldp7u\">\n<div class=\"xu06os2 x1ok221b\">\n<div class=\"x11i5rnm xat24cr x1mh8g0r x1vvkbs xtlvy1s x126k92a\">\n<div dir=\"auto\"><strong>Perendi<\/strong> de La Compa\u00f1\u00eda del Alba ye la obra ganadora del Premiu Nel Amaro de Teatru Profesional n&#8217;Asturianu del a\u00f1u 2024, y que esti vienres vamos poder esfrutar na Casa de Cultura de Lluanco a les 19 h.<span class=\"html-span xdj266r x11i5rnm xat24cr x1mh8g0r xexx8yu x4uap5 x18d9i69 xkhd6sd x1hl2dhg x16tdsg8 x1vvkbs\"><a class=\"x1i10hfl xjbqb8w x1ejq31n xd10rxx x1sy0etr x17r0tee x972fbf xcfux6l x1qhh985 xm0m39n x9f619 x1ypdohk xt0psk2 xe8uvvx xdj266r x11i5rnm xat24cr x1mh8g0r xexx8yu x4uap5 x18d9i69 xkhd6sd x16tdsg8 x1hl2dhg xggy1nq x1a2a7pz x1sur9pj xkrqix3 x1fey0fg x1s688f\" role=\"link\" href=\"https:\/\/www.facebook.com\/lacompaniadelalba?__cft__[0]=AZWyt6PJ0McY_f5pVEeJaNfcUEK9VDjgCZKF7_pg3hQPhqmpV5A-wKtD-Z5iAsdqjdXOp1g6o68VCssVFZxIrorecu4hoHOg6YcEGD3Bvv4UbX6Qp52Iugaj-0sOjPLyQWSmipKTJ4xaBu1sIlF5s2rYJcULQeehEDLH5e1s-7a8UyzUDn8r3rGPApsp1FM4FhVzWD1V4uNo4q9ow3S7sQRLu29uOenRdoaqikNXWfC0-w&amp;__tn__=-]K-y-R\"><span class=\"xt0psk2\"><span class=\"xjp7ctv\"><span aria-describedby=\":rq4:\">La Compa\u00f1\u00eda del Alba<\/span><\/span><\/span><\/a><\/span><\/div>\n<\/div>\n<div dir=\"auto\">\n<div class=\"clear\"><!--more--><\/div>\n<div class=\"col_full\">\n<p>La Compa\u00f1\u00eda del Alba recibi\u00f3 nel 2024 el Premiu Nel Amaro de Teatru Profesional en llingua asturiana y eonaviegu cola obra <em>Perendi.<\/em><\/p>\n<p>La compa\u00f1\u00eda del Alba ye\u2019l proyeutu teatral del actor, narrador\u00a0y creador esc\u00e9nicu Carlos Alba. Na estaya de les artes esc\u00e9niques, recibi\u00f3\u2019l premiu FETEN a la meyor adaptaci\u00f3n del testu por <em>Juan Soldado <\/em>nel 2015, y gan\u00f3\u2019l Premiu Nel Amaro del teatru profesional n\u2019asturianu en dos ocasiones anteriores, con <em>Ll\u00e1zaro de Tormes <\/em>nel 2017 y con <em>Les madre\u00f1es vac\u00edes <\/em>\u00a0nel 2022. Nel \u00e1mbitu de la narraci\u00f3n oral, llev\u00f3\u2019l primer premiu nel certame \u00abTierras del Tor\u00edo\u00bb, nel 2013, con <em>Mitolox\u00edes<\/em>, <em>cuentos sobre la mitolox\u00eda asturiana<\/em>. Tami\u00e9n gan\u00f3, como escritor, dellos premios nel \u00e1mbitu del monologuismu.<\/p>\n<p>Dirix\u00f3 y interpret\u00f3\u2019l programa de la TPA pa p\u00fablicu infantil y familiar <em>Animalada Xabaz<\/em>, bas\u00e1u na cultura popular asturiana.<\/p>\n<\/div>\n<\/div>\n<\/div>\n<\/div>\n<\/div>\n<\/div>\n<\/div>\n<\/div>\n<p>&nbsp;<\/p>\n","protected":false},"excerpt":{"rendered":"<p>Asturies Cultura en Rede Perendi de La Compa\u00f1\u00eda del Alba ye la obra ganadora del Premiu Nel Amaro de Teatru Profesional n&#8217;Asturianu del a\u00f1u 2024, y que esti vienres vamos poder esfrutar na Casa de Cultura de Lluanco a les 19 h.La Compa\u00f1\u00eda del Alba<\/p>\n","protected":false},"author":117,"featured_media":0,"comment_status":"open","ping_status":"open","sticky":false,"template":"","format":"standard","meta":{"footnotes":""},"categories":[82],"tags":[],"class_list":["post-40602","post","type-post","status-publish","format-standard","hentry","category-teatru"],"_links":{"self":[{"href":"https:\/\/edublog.educastur.es\/ixuxu\/wp-json\/wp\/v2\/posts\/40602","targetHints":{"allow":["GET"]}}],"collection":[{"href":"https:\/\/edublog.educastur.es\/ixuxu\/wp-json\/wp\/v2\/posts"}],"about":[{"href":"https:\/\/edublog.educastur.es\/ixuxu\/wp-json\/wp\/v2\/types\/post"}],"author":[{"embeddable":true,"href":"https:\/\/edublog.educastur.es\/ixuxu\/wp-json\/wp\/v2\/users\/117"}],"replies":[{"embeddable":true,"href":"https:\/\/edublog.educastur.es\/ixuxu\/wp-json\/wp\/v2\/comments?post=40602"}],"version-history":[{"count":3,"href":"https:\/\/edublog.educastur.es\/ixuxu\/wp-json\/wp\/v2\/posts\/40602\/revisions"}],"predecessor-version":[{"id":40607,"href":"https:\/\/edublog.educastur.es\/ixuxu\/wp-json\/wp\/v2\/posts\/40602\/revisions\/40607"}],"wp:attachment":[{"href":"https:\/\/edublog.educastur.es\/ixuxu\/wp-json\/wp\/v2\/media?parent=40602"}],"wp:term":[{"taxonomy":"category","embeddable":true,"href":"https:\/\/edublog.educastur.es\/ixuxu\/wp-json\/wp\/v2\/categories?post=40602"},{"taxonomy":"post_tag","embeddable":true,"href":"https:\/\/edublog.educastur.es\/ixuxu\/wp-json\/wp\/v2\/tags?post=40602"}],"curies":[{"name":"wp","href":"https:\/\/api.w.org\/{rel}","templated":true}]}}