{"id":40608,"date":"2025-01-22T10:52:26","date_gmt":"2025-01-22T08:52:26","guid":{"rendered":"https:\/\/edublog.educastur.es\/ixuxu\/?p=40608"},"modified":"2025-01-22T10:52:33","modified_gmt":"2025-01-22T08:52:33","slug":"dialogo-musical-asturias-cataluna","status":"publish","type":"post","link":"https:\/\/edublog.educastur.es\/ixuxu\/2025\/01\/dialogo-musical-asturias-cataluna\/","title":{"rendered":"\u00abDi\u00e1logo musical Asturias-Catalu\u00f1a\u00bb"},"content":{"rendered":"<div class=\"html-div xdj266r xat24cr x1mh8g0r xexx8yu x4uap5 x18d9i69 xkhd6sd x78zum5 x2lah0s xqtp20y x1emribx\">\n<div class=\"xc9qbxq x14qfxbe x6s0dn4 x78zum5 xl56j7k\">\n<div class=\"\" style=\"text-align: center\"><a href=\"https:\/\/musicasturiana.com\/wp-content\/uploads\/2025\/01\/Radio-3-plato.jpg\"><img loading=\"lazy\" decoding=\"async\" class=\"aligncenter \" src=\"https:\/\/musicasturiana.com\/wp-content\/uploads\/2025\/01\/Radio-3-plato.jpg\" width=\"813\" height=\"406\" \/><\/a><\/div>\n<\/div>\n<\/div>\n<div class=\"html-div xdj266r x11i5rnm xat24cr x1mh8g0r xexx8yu x4uap5 x18d9i69 xkhd6sd x1iyjqo2\">\n<div class=\"x78zum5 xdt5ytf xz62fqu x16ldp7u\">\n<div class=\"xu06os2 x1ok221b\">\n<ul>\n<li class=\"html-h3 x11i5rnm xat24cr x1mh8g0r xexx8yu x4uap5 x18d9i69 xkhd6sd x1vvkbs x1heor9g x1qlqyl8 x1pd3egz x1a2a7pz x1gslohp x1yc453h\"><span class=\"xt0psk2\"><span class=\"xjp7ctv\"><a class=\"x1i10hfl xjbqb8w x1ejq31n xd10rxx x1sy0etr x17r0tee x972fbf xcfux6l x1qhh985 xm0m39n x9f619 x1ypdohk xt0psk2 xe8uvvx xdj266r x11i5rnm xat24cr x1mh8g0r xexx8yu x4uap5 x18d9i69 xkhd6sd x16tdsg8 x1hl2dhg xggy1nq x1a2a7pz x1sur9pj xkrqix3 xzsf02u x1s688f\" role=\"link\" href=\"https:\/\/www.facebook.com\/musicasturiana?__cft__[0]=AZWwxmBf7_XNtIMHzNGQcwOditmIo_Fdx1s6xxDBbYw7JmfiA8MGiNxveq6EmZaBFKVRZv55wSzuCVwz9ywYfvANyPgDEh3ErOt52pZ7jDJu_kYnxofLwpaBXd9txRCtT7saiwdFF_batx2oTUxGdpa59Ca2OKb-wa9fmqmtDdZ60JFVE3fb7GK0k3yqGn3kHBxNrIpvmwmRKgcowXSGeStCrLwRn955AQ1vXnl_RIVI5A&amp;__tn__=-UC%2CP-y-R\" aria-describedby=\":r276:\"><strong class=\"html-strong xdj266r x11i5rnm xat24cr x1mh8g0r xexx8yu x4uap5 x18d9i69 xkhd6sd x1hl2dhg x16tdsg8 x1vvkbs x1s688f\"><span class=\"html-span xdj266r x11i5rnm xat24cr x1mh8g0r xexx8yu x4uap5 x18d9i69 xkhd6sd x1hl2dhg x16tdsg8 x1vvkbs\">musicasturiana.com<\/span><\/strong><\/a><\/span><\/span><\/li>\n<\/ul>\n<\/div>\n<\/div>\n<\/div>\n<div class=\"html-div xdj266r x11i5rnm xat24cr x1mh8g0r xexx8yu x4uap5 x18d9i69 xkhd6sd\" dir=\"auto\">\n<div class=\"html-div xdj266r x11i5rnm xat24cr x1mh8g0r xexx8yu x4uap5 x18d9i69 xkhd6sd\" dir=\"auto\">\n<div class=\"html-div xdj266r x11i5rnm xat24cr x1mh8g0r xexx8yu x4uap5 x18d9i69 xkhd6sd\" data-ad-rendering-role=\"story_message\">\n<div class=\"x1l90r2v x1iorvi4 x1ye3gou xn6708d\" data-ad-comet-preview=\"message\" data-ad-preview=\"message\">\n<div class=\"x78zum5 xdt5ytf xz62fqu x16ldp7u\">\n<div class=\"xu06os2 x1ok221b\">\n<div class=\"xdj266r x11i5rnm xat24cr x1mh8g0r x1vvkbs x126k92a\">\n<div dir=\"auto\"><strong>\u00abDi\u00e1logo musical Asturias-Catalu\u00f1a\u00bb<\/strong> ye&#8217;l nome del episodiu emit\u00edu en <span class=\"html-span xdj266r x11i5rnm xat24cr x1mh8g0r xexx8yu x4uap5 x18d9i69 xkhd6sd x1hl2dhg x16tdsg8 x1vvkbs\"><a class=\"x1i10hfl xjbqb8w x1ejq31n xd10rxx x1sy0etr x17r0tee x972fbf xcfux6l x1qhh985 xm0m39n x9f619 x1ypdohk xt0psk2 xe8uvvx xdj266r x11i5rnm xat24cr x1mh8g0r xexx8yu x4uap5 x18d9i69 xkhd6sd x16tdsg8 x1hl2dhg xggy1nq x1a2a7pz x1sur9pj xkrqix3 x1fey0fg x1s688f\" role=\"link\" href=\"https:\/\/www.facebook.com\/radio3?__cft__[0]=AZWwxmBf7_XNtIMHzNGQcwOditmIo_Fdx1s6xxDBbYw7JmfiA8MGiNxveq6EmZaBFKVRZv55wSzuCVwz9ywYfvANyPgDEh3ErOt52pZ7jDJu_kYnxofLwpaBXd9txRCtT7saiwdFF_batx2oTUxGdpa59Ca2OKb-wa9fmqmtDdZ60JFVE3fb7GK0k3yqGn3kHBxNrIpvmwmRKgcowXSGeStCrLwRn955AQ1vXnl_RIVI5A&amp;__tn__=-]K-y-R\"><span class=\"xt0psk2\"><span class=\"xjp7ctv\"><span aria-describedby=\":r27b:\">Radio 3<\/span><\/span><\/span><\/a><\/span> Extra <span class=\"html-span xexx8yu x4uap5 x18d9i69 xkhd6sd x1hl2dhg x16tdsg8 x1vvkbs x3nfvp2 x1j61x8r x1fcty0u xdj266r xat24cr xgzva0m xhhsvwb xxymvpz xlup9mm x1kky2od\"><img loading=\"lazy\" decoding=\"async\" class=\"xz74otr\" src=\"https:\/\/static.xx.fbcdn.net\/images\/emoji.php\/v9\/t8\/1\/16\/1f4fb.png\" alt=\"?\" width=\"16\" height=\"16\" \/><\/span> N\u00e9l van entemeci\u00e9ndose novedaes musicales compuestes en catal\u00e1n, n&#8217;asturianu y, tami\u00e9n, en gallego-asturianu <span class=\"html-span xexx8yu x4uap5 x18d9i69 xkhd6sd x1hl2dhg x16tdsg8 x1vvkbs x3nfvp2 x1j61x8r x1fcty0u xdj266r xat24cr xgzva0m xhhsvwb xxymvpz xlup9mm x1kky2od\"><img loading=\"lazy\" decoding=\"async\" class=\"xz74otr\" src=\"https:\/\/static.xx.fbcdn.net\/images\/emoji.php\/v9\/t3e\/1\/16\/1f50a.png\" alt=\"?\" width=\"16\" height=\"16\" \/><\/span> D&#8217;esta manera suenen cantares de <span class=\"html-span xdj266r x11i5rnm xat24cr x1mh8g0r xexx8yu x4uap5 x18d9i69 xkhd6sd x1hl2dhg x16tdsg8 x1vvkbs\"><a class=\"x1i10hfl xjbqb8w x1ejq31n xd10rxx x1sy0etr x17r0tee x972fbf xcfux6l x1qhh985 xm0m39n x9f619 x1ypdohk xt0psk2 xe8uvvx xdj266r x11i5rnm xat24cr x1mh8g0r xexx8yu x4uap5 x18d9i69 xkhd6sd x16tdsg8 x1hl2dhg xggy1nq x1a2a7pz x1sur9pj xkrqix3 x1fey0fg x1s688f\" role=\"link\" href=\"https:\/\/www.facebook.com\/profile.php?id=100063449305699&amp;__cft__[0]=AZWwxmBf7_XNtIMHzNGQcwOditmIo_Fdx1s6xxDBbYw7JmfiA8MGiNxveq6EmZaBFKVRZv55wSzuCVwz9ywYfvANyPgDEh3ErOt52pZ7jDJu_kYnxofLwpaBXd9txRCtT7saiwdFF_batx2oTUxGdpa59Ca2OKb-wa9fmqmtDdZ60JFVE3fb7GK0k3yqGn3kHBxNrIpvmwmRKgcowXSGeStCrLwRn955AQ1vXnl_RIVI5A&amp;__tn__=-]K-y-R\"><span class=\"xt0psk2\"><span class=\"xjp7ctv\"><span aria-describedby=\":r27c:\">DRB<\/span><\/span><\/span><\/a><\/span>, Ferla Meg\u00eda, <span class=\"html-span xdj266r x11i5rnm xat24cr x1mh8g0r xexx8yu x4uap5 x18d9i69 xkhd6sd x1hl2dhg x16tdsg8 x1vvkbs\"><a class=\"x1i10hfl xjbqb8w x1ejq31n xd10rxx x1sy0etr x17r0tee x972fbf xcfux6l x1qhh985 xm0m39n x9f619 x1ypdohk xt0psk2 xe8uvvx xdj266r x11i5rnm xat24cr x1mh8g0r xexx8yu x4uap5 x18d9i69 xkhd6sd x16tdsg8 x1hl2dhg xggy1nq x1a2a7pz x1sur9pj xkrqix3 x1fey0fg x1s688f\" role=\"link\" href=\"https:\/\/www.facebook.com\/herbamorapandereteres?__cft__[0]=AZWwxmBf7_XNtIMHzNGQcwOditmIo_Fdx1s6xxDBbYw7JmfiA8MGiNxveq6EmZaBFKVRZv55wSzuCVwz9ywYfvANyPgDEh3ErOt52pZ7jDJu_kYnxofLwpaBXd9txRCtT7saiwdFF_batx2oTUxGdpa59Ca2OKb-wa9fmqmtDdZ60JFVE3fb7GK0k3yqGn3kHBxNrIpvmwmRKgcowXSGeStCrLwRn955AQ1vXnl_RIVI5A&amp;__tn__=-]K-y-R\"><span class=\"xt0psk2\"><span class=\"xjp7ctv\"><span aria-describedby=\":r27d:\">Herbamora<\/span><\/span><\/span><\/a><\/span> <span class=\"html-span xdj266r x11i5rnm xat24cr x1mh8g0r xexx8yu x4uap5 x18d9i69 xkhd6sd x1hl2dhg x16tdsg8 x1vvkbs\"><a class=\"x1i10hfl xjbqb8w x1ejq31n xd10rxx x1sy0etr x17r0tee x972fbf xcfux6l x1qhh985 xm0m39n x9f619 x1ypdohk xt0psk2 xe8uvvx xdj266r x11i5rnm xat24cr x1mh8g0r xexx8yu x4uap5 x18d9i69 xkhd6sd x16tdsg8 x1hl2dhg xggy1nq x1a2a7pz x1sur9pj xkrqix3 x1fey0fg x1s688f\" role=\"link\" href=\"https:\/\/www.facebook.com\/profile.php?id=61569622903596&amp;__cft__[0]=AZWwxmBf7_XNtIMHzNGQcwOditmIo_Fdx1s6xxDBbYw7JmfiA8MGiNxveq6EmZaBFKVRZv55wSzuCVwz9ywYfvANyPgDEh3ErOt52pZ7jDJu_kYnxofLwpaBXd9txRCtT7saiwdFF_batx2oTUxGdpa59Ca2OKb-wa9fmqmtDdZ60JFVE3fb7GK0k3yqGn3kHBxNrIpvmwmRKgcowXSGeStCrLwRn955AQ1vXnl_RIVI5A&amp;__tn__=-]K-y-R\"><span class=\"xt0psk2\"><span class=\"xjp7ctv\"><span aria-describedby=\":r27k:\">y V\u00e9rsi<\/span><\/span><\/span><\/a><\/span>ca reflexando una diversid\u00e1 d&#8217;estilos que va dende la electr\u00f3nica de raiga\u00f1u, hasta&#8217;l dembow, pasando pela m\u00fasica tradicional fusionada y el folk-pop-rock.<\/div>\n<\/div>\n<div dir=\"auto\"><!--more--><\/div>\n<div dir=\"auto\">\n<p>En setiembre de 2023 entam\u00f3 a emitise en Radio 3 Extra el programa <em><strong><a href=\"https:\/\/www.rtve.es\/play\/audios\/articulo-3\/\" target=\"_blank\" rel=\"noopener\">Art\u00edculo 3<\/a><\/strong><\/em>, un espaciu present\u00e1u por Laura Gonz\u00e1lez que se define como \u00ab<strong>un altavoz pa toles lling\u00fces del Est\u00e1u<\/strong>\u00bb y qu\u2019amuesa \u00abla riqueza cultural, la creativid\u00e1 y la diversid\u00e1\u00bbde les m\u00fasiques feches nes distintes lling\u00fces minorizaes de la pen\u00edsula Ib\u00e9rica. Si bien esti programa ta centr\u00e1u sobre manera na producci\u00f3n fecha en catal\u00e1n, euskera y gallegu, na \u00faltima edici\u00f3n tien <strong>protagonismu la m\u00fasica n\u2019asturianu<\/strong>.<\/p>\n<p><strong><a href=\"https:\/\/www.rtve.es\/play\/audios\/articulo-3\/articulo-3-dialogo-musical-asturias-cataluna-18-01-2025\/16411549\/\" target=\"_blank\" rel=\"noreferrer noopener\">\u00abDi\u00e1logo musical Asturias-Catalu\u00f1a\u00bb<\/a> <\/strong>ye\u2019l nome del episodiu emit\u00edu\u2019l pas\u00e1u s\u00e1badu 18 na\u00a0plataforma de conten\u00edos audiovisuales\u00a0Radio 3 Extra. N\u00e9l van entemeci\u00e9ndose <strong>novedaes <\/strong>musicales compuestes en catal\u00e1n, n\u2019asturianu y, tami\u00e9n, en <strong>gallego-asturianu<\/strong>. D\u2019esta manera suenen cantares de <strong>DRB, Ferla Meg\u00eda, Herbamora y V\u00e9rsica<\/strong>, reflexando una diversid\u00e1 d\u2019estilos que va dende la electr\u00f3nica de raiga\u00f1u, hasta\u2019l dembow, pasando pela m\u00fasica tradicional fusionada y el folk-pop-rock.<\/p>\n<p>Pela parte catalana suenen nomes como Mama Dousha, Lluc o Mushkaa y, como curiosid\u00e1, <strong>Doctor Explosion<\/strong>. Precisamente, la m\u00edtica banda xixonesa de garage fai de ponte ente Asturies y Catalu\u00f1a nesti di\u00e1logu musical, y\u00e1 que\u2019l so \u00faltimu llanzamientu, <strong>\u2018Ves-te\u2019n si us plau\u2019<\/strong>, ye un tema en catal\u00e1n, siendo asina la primer vez que canten notru idioma oficial del Est\u00e1u espa\u00f1ol.<\/p>\n<\/div>\n<\/div>\n<\/div>\n<\/div>\n<\/div>\n<\/div>\n<\/div>\n<p>&nbsp;<\/p>\n","protected":false},"excerpt":{"rendered":"<p>musicasturiana.com \u00abDi\u00e1logo musical Asturias-Catalu\u00f1a\u00bb ye&#8217;l nome del episodiu emit\u00edu en Radio 3 Extra N\u00e9l van entemeci\u00e9ndose novedaes musicales compuestes en catal\u00e1n, n&#8217;asturianu y, tami\u00e9n, en gallego-asturianu D&#8217;esta manera suenen cantares de DRB, Ferla Meg\u00eda, Herbamora y V\u00e9rsica reflexando una diversid\u00e1 d&#8217;estilos que va dende la electr\u00f3nica de raiga\u00f1u, hasta&#8217;l dembow, pasando pela m\u00fasica tradicional fusionada [&hellip;]<\/p>\n","protected":false},"author":117,"featured_media":0,"comment_status":"open","ping_status":"open","sticky":false,"template":"","format":"standard","meta":{"footnotes":""},"categories":[1],"tags":[],"class_list":["post-40608","post","type-post","status-publish","format-standard","hentry","category-sin-categoria"],"_links":{"self":[{"href":"https:\/\/edublog.educastur.es\/ixuxu\/wp-json\/wp\/v2\/posts\/40608","targetHints":{"allow":["GET"]}}],"collection":[{"href":"https:\/\/edublog.educastur.es\/ixuxu\/wp-json\/wp\/v2\/posts"}],"about":[{"href":"https:\/\/edublog.educastur.es\/ixuxu\/wp-json\/wp\/v2\/types\/post"}],"author":[{"embeddable":true,"href":"https:\/\/edublog.educastur.es\/ixuxu\/wp-json\/wp\/v2\/users\/117"}],"replies":[{"embeddable":true,"href":"https:\/\/edublog.educastur.es\/ixuxu\/wp-json\/wp\/v2\/comments?post=40608"}],"version-history":[{"count":1,"href":"https:\/\/edublog.educastur.es\/ixuxu\/wp-json\/wp\/v2\/posts\/40608\/revisions"}],"predecessor-version":[{"id":40609,"href":"https:\/\/edublog.educastur.es\/ixuxu\/wp-json\/wp\/v2\/posts\/40608\/revisions\/40609"}],"wp:attachment":[{"href":"https:\/\/edublog.educastur.es\/ixuxu\/wp-json\/wp\/v2\/media?parent=40608"}],"wp:term":[{"taxonomy":"category","embeddable":true,"href":"https:\/\/edublog.educastur.es\/ixuxu\/wp-json\/wp\/v2\/categories?post=40608"},{"taxonomy":"post_tag","embeddable":true,"href":"https:\/\/edublog.educastur.es\/ixuxu\/wp-json\/wp\/v2\/tags?post=40608"}],"curies":[{"name":"wp","href":"https:\/\/api.w.org\/{rel}","templated":true}]}}