{"id":40688,"date":"2025-01-23T14:30:04","date_gmt":"2025-01-23T12:30:04","guid":{"rendered":"https:\/\/edublog.educastur.es\/ixuxu\/?p=40688"},"modified":"2025-01-24T12:24:51","modified_gmt":"2025-01-24T10:24:51","slug":"fai-40-anos-nacio-asturies-paraisu-natural","status":"publish","type":"post","link":"https:\/\/edublog.educastur.es\/ixuxu\/2025\/01\/fai-40-anos-nacio-asturies-paraisu-natural\/","title":{"rendered":"Fai 40 a\u00f1os, naci\u00f3 \u00abAsturies, Para\u00edsu Natural\u00bb."},"content":{"rendered":"<p style=\"text-align: center\">\n<!-- iframe plugin v.6.0 wordpress.org\/plugins\/iframe\/ -->\n<iframe loading=\"lazy\" width=\"640\" height=\"360\" src=\"https:\/\/www.youtube.com\/embed\/MZ_NE3e8cQU\" title=\"40 A\u00f1os - Asturias Para\u00edso Natural\" frameborder=\"0\" allow=\"accelerometer; autoplay; clipboard-write; encrypted-media; gyroscope; picture-in-picture; web-share\" referrerpolicy=\"strict-origin-when-cross-origin\" 0=\"allowfullscreen\" 1=\"\/iframe\" scrolling=\"yes\" class=\"iframe-class\"><\/iframe>\n<\/p>\n<p>Fai 40 a\u00f1os, naci\u00f3 un iconu que tescendi\u00f3 fronteres:<strong><span style=\"color: #008080\"> Asturies, Para\u00edsu Natural<\/span><\/strong>. Esti logo, que representa la esencia de la nuesa tierra, cautiv\u00f3 a millones de visitantes y convirti\u00f3se en sin\u00f3nimu de naturaleza, cultura y tradici\u00f3n. \u00a1Celebremos xuntos cuatro d\u00e9cades d&#8217;\u00e9situ y sigamos afayando los rincones m\u00e1xicos d&#8217;Asturies! <a href=\"https:\/\/www.youtube.com\/watch?v=MZ_NE3e8cQU\">VIDEU<\/a><\/p>\n<p><!--more--><\/p>\n<p style=\"text-align: center\">\n<!-- iframe plugin v.6.0 wordpress.org\/plugins\/iframe\/ -->\n<iframe loading=\"lazy\" width=\"424\" height=\"238\" src=\"https:\/\/www.youtube.com\/embed\/GonOEPAJ84A\" title=\"Asturias, vuelve al para\u00edso\" frameborder=\"0\" allow=\"accelerometer; autoplay; clipboard-write; encrypted-media; gyroscope; picture-in-picture; web-share\" referrerpolicy=\"strict-origin-when-cross-origin\" 0=\"allowfullscreen\" 1=\"\/iframe\" scrolling=\"yes\" class=\"iframe-class\"><\/iframe>\n<\/p>\n<p style=\"text-align: center\">\n<!-- iframe plugin v.6.0 wordpress.org\/plugins\/iframe\/ -->\n<iframe loading=\"lazy\" src=\"https:\/\/www.instagram.com\/reel\/DFLnnnGsAGG\/embed\" width=\"380\" height=\"660\" 0=\"\/iframe\" scrolling=\"yes\" class=\"iframe-class\" frameborder=\"0\"><\/iframe>\n<\/p>\n<p style=\"text-align: center\">\n<!-- iframe plugin v.6.0 wordpress.org\/plugins\/iframe\/ -->\n<iframe loading=\"lazy\" src=\"https:\/\/www.facebook.com\/plugins\/video.php?height=476&#038;href=https%3A%2F%2Fwww.facebook.com%2FRTPAoficial%2Fvideos%2F1885759531955518%2F&#038;show_text=false&#038;width=476&#038;t=0\" width=\"476\" height=\"476\" style=\"border:none;overflow:hidden\" scrolling=\"no\" frameborder=\"0\" allowfullscreen=\"true\" allow=\"autoplay; clipboard-write; encrypted-media; picture-in-picture; web-share\" 0=\"\/iframe\" class=\"iframe-class\"><\/iframe>\n<\/p>\n","protected":false},"excerpt":{"rendered":"<p>Fai 40 a\u00f1os, naci\u00f3 un iconu que tescendi\u00f3 fronteres: Asturies, Para\u00edsu Natural. Esti logo, que representa la esencia de la nuesa tierra, cautiv\u00f3 a millones de visitantes y convirti\u00f3se en sin\u00f3nimu de naturaleza, cultura y tradici\u00f3n. \u00a1Celebremos xuntos cuatro d\u00e9cades d&#8217;\u00e9situ y sigamos afayando los rincones m\u00e1xicos d&#8217;Asturies! VIDEU<\/p>\n","protected":false},"author":117,"featured_media":0,"comment_status":"open","ping_status":"open","sticky":false,"template":"","format":"standard","meta":{"footnotes":""},"categories":[19],"tags":[],"class_list":["post-40688","post","type-post","status-publish","format-standard","hentry","category-asturies"],"_links":{"self":[{"href":"https:\/\/edublog.educastur.es\/ixuxu\/wp-json\/wp\/v2\/posts\/40688","targetHints":{"allow":["GET"]}}],"collection":[{"href":"https:\/\/edublog.educastur.es\/ixuxu\/wp-json\/wp\/v2\/posts"}],"about":[{"href":"https:\/\/edublog.educastur.es\/ixuxu\/wp-json\/wp\/v2\/types\/post"}],"author":[{"embeddable":true,"href":"https:\/\/edublog.educastur.es\/ixuxu\/wp-json\/wp\/v2\/users\/117"}],"replies":[{"embeddable":true,"href":"https:\/\/edublog.educastur.es\/ixuxu\/wp-json\/wp\/v2\/comments?post=40688"}],"version-history":[{"count":5,"href":"https:\/\/edublog.educastur.es\/ixuxu\/wp-json\/wp\/v2\/posts\/40688\/revisions"}],"predecessor-version":[{"id":40726,"href":"https:\/\/edublog.educastur.es\/ixuxu\/wp-json\/wp\/v2\/posts\/40688\/revisions\/40726"}],"wp:attachment":[{"href":"https:\/\/edublog.educastur.es\/ixuxu\/wp-json\/wp\/v2\/media?parent=40688"}],"wp:term":[{"taxonomy":"category","embeddable":true,"href":"https:\/\/edublog.educastur.es\/ixuxu\/wp-json\/wp\/v2\/categories?post=40688"},{"taxonomy":"post_tag","embeddable":true,"href":"https:\/\/edublog.educastur.es\/ixuxu\/wp-json\/wp\/v2\/tags?post=40688"}],"curies":[{"name":"wp","href":"https:\/\/api.w.org\/{rel}","templated":true}]}}