{"id":40703,"date":"2025-01-24T11:18:03","date_gmt":"2025-01-24T09:18:03","guid":{"rendered":"https:\/\/edublog.educastur.es\/ixuxu\/?p=40703"},"modified":"2025-01-24T11:21:13","modified_gmt":"2025-01-24T09:21:13","slug":"el-quivi-asturianu-ta-agora-en-plena-temporada","status":"publish","type":"post","link":"https:\/\/edublog.educastur.es\/ixuxu\/2025\/01\/el-quivi-asturianu-ta-agora-en-plena-temporada\/","title":{"rendered":"El quivi asturianu ta agora en plena temporada."},"content":{"rendered":"<div class=\"html-div xdj266r x11i5rnm xat24cr x1mh8g0r xexx8yu x1a8lsjc x1swvt13 x1pi30zi\">\n<div class=\"html-div xdj266r x11i5rnm xat24cr x1mh8g0r xexx8yu x4uap5 x18d9i69 xkhd6sd x1jx94hy x78zum5 x1q0g3np\">\n<div class=\"x78zum5 xdt5ytf xz62fqu x16ldp7u\">\n<div class=\"xu06os2 x1ok221b\">\n<div class=\"html-div xdj266r x11i5rnm xat24cr x1mh8g0r xexx8yu x4uap5 x18d9i69 xkhd6sd\" data-ad-rendering-role=\"profile_name\">\n<ul>\n<li class=\"html-h3 x11i5rnm xat24cr x1mh8g0r xexx8yu x4uap5 x18d9i69 xkhd6sd x1vvkbs x1heor9g x1qlqyl8 x1pd3egz x1a2a7pz x1gslohp x1yc453h\"><span class=\"x1lliihq x6ikm8r x10wlt62 x1n2onr6\"><span class=\"xt0psk2\"><a class=\"x1i10hfl xjbqb8w x1ejq31n xd10rxx x1sy0etr x17r0tee x972fbf xcfux6l x1qhh985 xm0m39n x9f619 x1ypdohk xt0psk2 xe8uvvx xdj266r x11i5rnm xat24cr x1mh8g0r xexx8yu x4uap5 x18d9i69 xkhd6sd x16tdsg8 x1hl2dhg xggy1nq x1a2a7pz x1sur9pj xkrqix3 xzsf02u x1s688f\" role=\"link\" href=\"https:\/\/www.facebook.com\/AlimentosAsturianos?__cft__[0]=AZWcHebnJh_sOlmsFJkMI5ztNcwnUyawZdFAACk7iJ3ot_UAxg2ukFbOmyeGyD3-sukSdI7qyt6dhEhl1WAomCvrFR2APw96J6b17GcfC4hqwqowOgHKHM_YKUY-2GXOSCEoCIXfbl6ewW6TlukqMm0fvE7Ff8o2v7umxieSU6YFLZAMGuItr7QpUQgqhbMBDsfpS35Mimt47BJKN_JbHlpGrz7w-gcZmZYic7vD_B1rPA&amp;__tn__=-UC%2CP-y-R\" aria-describedby=\":r2q:\"><strong class=\"html-strong xdj266r x11i5rnm xat24cr x1mh8g0r xexx8yu x4uap5 x18d9i69 xkhd6sd x1hl2dhg x16tdsg8 x1vvkbs x1s688f\"><span class=\"html-span xdj266r x11i5rnm xat24cr x1mh8g0r xexx8yu x4uap5 x18d9i69 xkhd6sd x1hl2dhg x16tdsg8 x1vvkbs\">Forofos de los Alimentos Asturianos<\/span><\/strong><\/a><\/span><\/span><\/li>\n<\/ul>\n<\/div>\n<\/div>\n<div class=\"xu06os2 x1ok221b\">\n<ul>\n<li class=\"html-div xdj266r x11i5rnm xat24cr x1mh8g0r xexx8yu x4uap5 x18d9i69 xkhd6sd x1q0g3np\"><a href=\"https:\/\/kiwiastur.es\/\">Inicio &#8211; Kiwiastur\u00a0<\/a>\/<\/li>\n<\/ul>\n<p style=\"text-align: center\">\n<p style=\"text-align: center\"><a href=\"https:\/\/kiwiastur.es\/wp-content\/uploads\/2023\/01\/slider_960x800_home.png\"><img loading=\"lazy\" decoding=\"async\" class=\"aligncenter \" src=\"https:\/\/kiwiastur.es\/wp-content\/uploads\/2023\/01\/slider_960x800_home.png\" width=\"425\" height=\"354\" \/><\/a><\/p>\n<\/div>\n<\/div>\n<\/div>\n<\/div>\n<div class=\"html-div xdj266r x11i5rnm xat24cr x1mh8g0r xexx8yu x4uap5 x18d9i69 xkhd6sd\" dir=\"auto\">\n<div class=\"html-div xdj266r x11i5rnm xat24cr x1mh8g0r xexx8yu x4uap5 x18d9i69 xkhd6sd\" dir=\"auto\">\n<div class=\"html-div xdj266r x11i5rnm xat24cr x1mh8g0r xexx8yu x4uap5 x18d9i69 xkhd6sd\" data-ad-rendering-role=\"story_message\">\n<div class=\"x1l90r2v x1iorvi4 x1ye3gou xn6708d\" data-ad-comet-preview=\"message\" data-ad-preview=\"message\">\n<div class=\"x78zum5 xdt5ytf xz62fqu x16ldp7u\">\n<div class=\"xu06os2 x1ok221b\">\n<div class=\"xdj266r x11i5rnm xat24cr x1mh8g0r x1vvkbs x126k92a\">\n<div dir=\"auto\">G\u00fcei toca una fruta nel ALIMENTU ASTURIANO DE LA SELMANA. \u00bfCu\u00e1l ye la principal fruta asturiano? Pos am\u00e1s de la mazana de sidra, si refer\u00edmonos a fruta de consumu, la principal ye una relativamente \u00abmoderna\u00bb: El quivi. <span style=\"color: #008080\"><strong>El quivi asturianu ta agora en plena temporada.<\/strong><\/span><\/div>\n<div dir=\"auto\"><!--more--><\/div>\n<div dir=\"auto\">\n<p><em>Ensundiosos frutos para&#8217;l consumu diariu, con munches vitamines, alto conten\u00edu en fibra, antiosidantes, acedu f\u00f3lico, so \u00edndiz gluc\u00e9mico y poques calor\u00edes. Perfectos para&#8217;l consumidor esixente, para quien quier curiase, para quien se tien que curiar. Ideales para deportistes y muyeres embarazaes. Aptos para persones con diabetes.<\/em><\/p>\n<\/div>\n<div dir=\"auto\" style=\"text-align: center\">\n<!-- iframe plugin v.6.0 wordpress.org\/plugins\/iframe\/ -->\n<iframe loading=\"lazy\" src=\"https:\/\/www.facebook.com\/plugins\/post.php?href=https%3A%2F%2Fwww.facebook.com%2FAlimentosAsturianos%2Fposts%2Fpfbid02TsP4sUFUsRY8zgG46vvsNcUwL1VGK7cbnRHcYDCednbqbg6T3P67QMXSMGWb9aLgl&#038;show_text=false&#038;width=500\" width=\"500\" height=\"388\" style=\"border:none;overflow:hidden\" scrolling=\"no\" frameborder=\"0\" allowfullscreen=\"true\" allow=\"autoplay; clipboard-write; encrypted-media; picture-in-picture; web-share\" 0=\"\/iframe\" class=\"iframe-class\"><\/iframe>\n<\/div>\n<\/div>\n<\/div>\n<\/div>\n<\/div>\n<\/div>\n<\/div>\n<\/div>\n<p>&nbsp;<\/p>\n","protected":false},"excerpt":{"rendered":"<p>Forofos de los Alimentos Asturianos Inicio &#8211; Kiwiastur\u00a0\/ G\u00fcei toca una fruta nel ALIMENTU ASTURIANO DE LA SELMANA. \u00bfCu\u00e1l ye la principal fruta asturiano? Pos am\u00e1s de la mazana de sidra, si refer\u00edmonos a fruta de consumu, la principal ye una relativamente \u00abmoderna\u00bb: El quivi. El quivi asturianu ta agora en plena temporada.<\/p>\n","protected":false},"author":117,"featured_media":0,"comment_status":"open","ping_status":"open","sticky":false,"template":"","format":"standard","meta":{"footnotes":""},"categories":[138],"tags":[],"class_list":["post-40703","post","type-post","status-publish","format-standard","hentry","category-alimentos"],"_links":{"self":[{"href":"https:\/\/edublog.educastur.es\/ixuxu\/wp-json\/wp\/v2\/posts\/40703","targetHints":{"allow":["GET"]}}],"collection":[{"href":"https:\/\/edublog.educastur.es\/ixuxu\/wp-json\/wp\/v2\/posts"}],"about":[{"href":"https:\/\/edublog.educastur.es\/ixuxu\/wp-json\/wp\/v2\/types\/post"}],"author":[{"embeddable":true,"href":"https:\/\/edublog.educastur.es\/ixuxu\/wp-json\/wp\/v2\/users\/117"}],"replies":[{"embeddable":true,"href":"https:\/\/edublog.educastur.es\/ixuxu\/wp-json\/wp\/v2\/comments?post=40703"}],"version-history":[{"count":5,"href":"https:\/\/edublog.educastur.es\/ixuxu\/wp-json\/wp\/v2\/posts\/40703\/revisions"}],"predecessor-version":[{"id":40708,"href":"https:\/\/edublog.educastur.es\/ixuxu\/wp-json\/wp\/v2\/posts\/40703\/revisions\/40708"}],"wp:attachment":[{"href":"https:\/\/edublog.educastur.es\/ixuxu\/wp-json\/wp\/v2\/media?parent=40703"}],"wp:term":[{"taxonomy":"category","embeddable":true,"href":"https:\/\/edublog.educastur.es\/ixuxu\/wp-json\/wp\/v2\/categories?post=40703"},{"taxonomy":"post_tag","embeddable":true,"href":"https:\/\/edublog.educastur.es\/ixuxu\/wp-json\/wp\/v2\/tags?post=40703"}],"curies":[{"name":"wp","href":"https:\/\/api.w.org\/{rel}","templated":true}]}}