{"id":40730,"date":"2025-01-24T12:30:34","date_gmt":"2025-01-24T10:30:34","guid":{"rendered":"https:\/\/edublog.educastur.es\/ixuxu\/?p=40730"},"modified":"2025-01-24T12:39:24","modified_gmt":"2025-01-24T10:39:24","slug":"falamos-con-ferla-megia","status":"publish","type":"post","link":"https:\/\/edublog.educastur.es\/ixuxu\/2025\/01\/falamos-con-ferla-megia\/","title":{"rendered":"Musicasturiana fala con Ferla Meg\u00eda&#8230;"},"content":{"rendered":"<div class=\"html-div xdj266r x11i5rnm xat24cr x1mh8g0r xsag5q8 xz9dl7a x1pi30zi x1swvt13 x1jx94hy\">\n<div class=\"html-div xdj266r x11i5rnm xat24cr x1mh8g0r xexx8yu x4uap5 x18d9i69 xkhd6sd x78zum5 x1q0g3np x1ba4aug\">\n<div class=\"html-div xdj266r x11i5rnm xat24cr x1mh8g0r xexx8yu x4uap5 x18d9i69 xkhd6sd x1iyjqo2\">\n<div class=\"x78zum5 xdt5ytf xz62fqu x16ldp7u\">\n<div class=\"xu06os2 x1ok221b\">\n<ul>\n<li class=\"html-h3 x11i5rnm xat24cr x1mh8g0r xexx8yu x4uap5 x18d9i69 xkhd6sd x1vvkbs x1heor9g x1qlqyl8 x1pd3egz x1a2a7pz x1gslohp x1yc453h\"><span class=\"xt0psk2\"><a class=\"x1i10hfl xjbqb8w x1ejq31n xd10rxx x1sy0etr x17r0tee x972fbf xcfux6l x1qhh985 xm0m39n x9f619 x1ypdohk xt0psk2 xe8uvvx xdj266r x11i5rnm xat24cr x1mh8g0r xexx8yu x4uap5 x18d9i69 xkhd6sd x16tdsg8 x1hl2dhg xggy1nq x1a2a7pz x1sur9pj xkrqix3 xzsf02u x1s688f\" role=\"link\" href=\"https:\/\/www.facebook.com\/musicasturiana?__cft__[0]=AZXxoqPjce0hg1m-dIq6KskkmLbqK06rE00t7x1Phn9r7XrsSdDDwIQavMdh2S0LxAmc_mQJ3k29hSpWJPb002iiinIU9lemnR4euXbur64VONNhk1I2S1vtQoBRAlsQM9amM7ZEdxFx2JxjTqxDMSCLwCrcXYUVVT84JO3NY8zMXQmJfokbERQF4TXUPT5lvrr03neMntE7SPgKAJRIkMvyFVWB6Q-iGs6JjXByyQ5QHw&amp;__tn__=-UC%2CP-y-R\" aria-describedby=\":r2d:\"><strong class=\"html-strong xdj266r x11i5rnm xat24cr x1mh8g0r xexx8yu x4uap5 x18d9i69 xkhd6sd x1hl2dhg x16tdsg8 x1vvkbs x1s688f\"><span class=\"html-span xdj266r x11i5rnm xat24cr x1mh8g0r xexx8yu x4uap5 x18d9i69 xkhd6sd x1hl2dhg x16tdsg8 x1vvkbs\">musicasturiana.com<\/span><\/strong><\/a><\/span>\/\u00a0<span class=\"html-span xdj266r x11i5rnm xat24cr x1mh8g0r xexx8yu x4uap5 x18d9i69 xkhd6sd x1hl2dhg x16tdsg8 x1vvkbs\"><a class=\"x1i10hfl xjbqb8w x1ejq31n xd10rxx x1sy0etr x17r0tee x972fbf xcfux6l x1qhh985 xm0m39n x9f619 x1ypdohk xt0psk2 xe8uvvx xdj266r x11i5rnm xat24cr x1mh8g0r xexx8yu x4uap5 x18d9i69 xkhd6sd x16tdsg8 x1hl2dhg xggy1nq x1a2a7pz x1sur9pj xkrqix3 x1fey0fg x1s688f\" role=\"link\" href=\"https:\/\/www.facebook.com\/ixuxucultura?__cft__[0]=AZXxoqPjce0hg1m-dIq6KskkmLbqK06rE00t7x1Phn9r7XrsSdDDwIQavMdh2S0LxAmc_mQJ3k29hSpWJPb002iiinIU9lemnR4euXbur64VONNhk1I2S1vtQoBRAlsQM9amM7ZEdxFx2JxjTqxDMSCLwCrcXYUVVT84JO3NY8zMXQmJfokbERQF4TXUPT5lvrr03neMntE7SPgKAJRIkMvyFVWB6Q-iGs6JjXByyQ5QHw&amp;__tn__=-]K-y-R\"><span class=\"xt0psk2\"><span class=\"xjp7ctv\"><span aria-describedby=\":r2j:\">Ixux\u00fa Cultura<\/span><\/span><\/span><\/a><\/span><\/li>\n<\/ul>\n<p style=\"text-align: center\"><a href=\"https:\/\/musicasturiana.com\/wp-content\/uploads\/2024\/11\/ferla-megia-semando-fest-horizontal.jpg\"><img loading=\"lazy\" decoding=\"async\" class=\"aligncenter size-large\" src=\"https:\/\/musicasturiana.com\/wp-content\/uploads\/2024\/11\/ferla-megia-semando-fest-horizontal.jpg\" width=\"1200\" height=\"600\" \/><\/a><\/p>\n<\/div>\n<div class=\"xu06os2 x1ok221b\">\n<div class=\"html-div xdj266r x11i5rnm xat24cr x1mh8g0r xexx8yu x4uap5 x18d9i69 xkhd6sd x1q0g3np\"><span class=\"html-span xexx8yu x4uap5 x18d9i69 xkhd6sd x1hl2dhg x16tdsg8 x1vvkbs x3nfvp2 x1j61x8r x1fcty0u xdj266r xat24cr xgzva0m xhhsvwb xxymvpz xlup9mm x1kky2od\"><img loading=\"lazy\" decoding=\"async\" class=\"xz74otr\" src=\"https:\/\/static.xx.fbcdn.net\/images\/emoji.php\/v9\/tb5\/1\/16\/1f918_1f3fd.png\" alt=\"??\" width=\"16\" height=\"16\" \/><\/span>Falamos con Ferla Meg\u00eda p&#8217;afondar na so propuesta y nel relevu xeneracional na m\u00fasica asturiana enantes de que toquen nel III Semando Fest que va celebrase&#8217;l 8 de febreru en <span class=\"html-span xdj266r x11i5rnm xat24cr x1mh8g0r xexx8yu x4uap5 x18d9i69 xkhd6sd x1hl2dhg x16tdsg8 x1vvkbs\"><a class=\"x1i10hfl xjbqb8w x1ejq31n xd10rxx x1sy0etr x17r0tee x972fbf xcfux6l x1qhh985 xm0m39n x9f619 x1ypdohk xt0psk2 xe8uvvx xdj266r x11i5rnm xat24cr x1mh8g0r xexx8yu x4uap5 x18d9i69 xkhd6sd x16tdsg8 x1hl2dhg xggy1nq x1a2a7pz x1sur9pj xkrqix3 x1fey0fg x1s688f\" role=\"link\" href=\"https:\/\/www.facebook.com\/latadezinc?__cft__[0]=AZXxoqPjce0hg1m-dIq6KskkmLbqK06rE00t7x1Phn9r7XrsSdDDwIQavMdh2S0LxAmc_mQJ3k29hSpWJPb002iiinIU9lemnR4euXbur64VONNhk1I2S1vtQoBRAlsQM9amM7ZEdxFx2JxjTqxDMSCLwCrcXYUVVT84JO3NY8zMXQmJfokbERQF4TXUPT5lvrr03neMntE7SPgKAJRIkMvyFVWB6Q-iGs6JjXByyQ5QHw&amp;__tn__=-]K-y-R\"><span class=\"xt0psk2\"><span class=\"xjp7ctv\"><span aria-describedby=\":r2i:\">Lata de Zinc<\/span><\/span><\/span><\/a><\/span><\/div>\n<div>\n<ul>\n<li class=\"elementor-heading-title elementor-size-default\" style=\"text-align: center\"><span style=\"color: #008080\"><em><span style=\"font-size: 20px\">\u00abLa xente qu\u2019escoyemos l\u2019asturianu pa facer m\u00fasica ye porque fainos sentir m\u00e1s cerca d\u2019onde vivimos\u00bb<\/span><\/em><\/span><\/li>\n<\/ul>\n<\/div>\n<\/div>\n<\/div>\n<\/div>\n<\/div>\n<\/div>\n<div class=\"html-div xdj266r x11i5rnm xat24cr x1mh8g0r xexx8yu x4uap5 x18d9i69 xkhd6sd\" dir=\"auto\">\n<div class=\"html-div xdj266r x11i5rnm xat24cr x1mh8g0r xexx8yu x4uap5 x18d9i69 xkhd6sd\" dir=\"auto\">\n<div class=\"html-div xdj266r x11i5rnm xat24cr x1mh8g0r xexx8yu x4uap5 x18d9i69 xkhd6sd\" data-ad-rendering-role=\"story_message\">\n<div class=\"x1l90r2v x1iorvi4 x1ye3gou xn6708d\" data-ad-comet-preview=\"message\" data-ad-preview=\"message\">\n<div class=\"x78zum5 xdt5ytf xz62fqu x16ldp7u\">\n<div class=\"xu06os2 x1ok221b\">\n<div class=\"x11i5rnm xat24cr x1mh8g0r x1vvkbs xtlvy1s x126k92a\">\n<p><!--more--><\/p>\n<p style=\"text-align: center\">\n<!-- iframe plugin v.6.0 wordpress.org\/plugins\/iframe\/ -->\n<iframe style=\"border-radius:12px\" src=\"https:\/\/open.spotify.com\/embed\/artist\/3uK6ZjRMhvkVah2RAiFg7Y?utm_source=generator\" width=\"100%\" height=\"352\" frameborder=\"0\" allowfullscreen allow=\"autoplay; clipboard-write; encrypted-media; fullscreen; picture-in-picture\" loading=\"lazy\" 0=\"\/iframe\" scrolling=\"yes\" class=\"iframe-class\"><\/iframe>\n<\/p>\n<p>El s\u00e1badu\u00a0<strong>8 de febreru<\/strong>\u00a0en\u00a0<strong>Lata de Zinc\u00a0<\/strong>(Uvi\u00e9u) va celebrase\u2019l\u00a0<strong>III\u00a0<a href=\"https:\/\/musicasturiana.com\/semando-fest\/\" target=\"_blank\" rel=\"noreferrer noopener\">Semando Fest<\/a><\/strong>, festival de<strong>\u00a0m\u00fasica moza n\u2019asturianu<\/strong>\u00a0qu\u2019entamen Musicasturiana.com y Ixux\u00fa Cultura. N\u00e9l van participar\u00a0<strong>cuatro proyectos<\/strong>\u00a0d\u2019<strong>estremaos estilos\u00a0<\/strong>musicales cola caracter\u00edstica com\u00fan de que la mayor\u00eda de los sos componentes son\u00a0<strong>menores de 35 a\u00f1os<\/strong>. La segunda confirmaci\u00f3n foi la de\u00a0<a href=\"https:\/\/musicasturiana.com\/wp-content\/uploads\/2024\/11\/ferla-megia-semando-fest-horizontal-300x150.jpg\" target=\"_blank\" rel=\"noreferrer noopener\"><strong>Ferla Meg\u00eda<\/strong><\/a>, que va ufrir un conciertu onde poder sentir estilos como la electr\u00f3nica, ambient, pop, dembow, folk o canci\u00f3n d\u2019autor. Con \u00e9l siguimos una serie d\u2019<strong>entrevistes<\/strong>\u00a0dedicaes a\u00a0<strong>afondar\u00a0<\/strong>nes propuestes que van sonar nesta edici\u00f3n del Semando Fest con\u00a0<strong>reflexones<\/strong>, am\u00e1s, sobre la situaci\u00f3n de la m\u00fasica moza del pa\u00eds angua\u00f1o.<\/p>\n<p><strong>Anque lleves na escena asturiana dende cuasique l\u2019adolescencia con dellos proyectos estremaos, nun foi hasta va unos a\u00f1os que decidisti dar el pasu d\u2019emplegar l\u2019asturianu y el patrimoniu musical del pa\u00eds nes tos composiciones, \u00bfqu\u00e9 foi lo que t\u2019empobin\u00f3 a facelo?\u00a0<\/strong>A decir verd\u00e1, soi l\u2019\u00fanicu asturianu de la familia. Los mios g\u00fcelos yeren del sur (Castiella La Mancha), pero yo tuvi la suerte de \u00f1acer equ\u00ed y de mamar dende guah.e la m\u00fasica del pa\u00eds y el paisaxe, que tami\u00e9n ye responsable d\u2019inspirame. Entam\u00e9 con 15 a\u00f1os cantando n\u2019ingl\u00e9s porque los mios referentes yeren anglosaxones (lo t\u00edpico: Nirvana, Red Hot Chili Peppers\u2026). Nun foi hasta 2019 o asina qu\u2019entam\u00e9 a cantar en castell\u00e1n, y hasta dempu\u00e9s de la pandemia, cuando fui consciente y asimil\u00e9 dafechu\u2019l mio contestu, cuando me decid\u00ed a camudar d\u2019estilu y llingua pa facelo n\u2019ast. \u00a1Inda qu\u00e9dame la virxen por deprender!<\/p>\n<blockquote class=\"wp-block-quote is-style-large is-layout-flow wp-block-quote-is-layout-flow\"><p><span style=\"color: #008080\"><em>\u00abSoi l\u2019\u00fanicu asturianu de la familia. Los mios g\u00fcelos yeren del sur Castiella, pero yo tuvi la suerte de \u00f1acer equ\u00ed y de mamar dende guah.e la m\u00fasica del pa\u00eds y el paisaxe, que tami\u00e9n ye responsable d\u2019inspirame\u00bb<\/em><\/span><\/p><\/blockquote>\n<p><strong>Nesi sen, n\u2019Asturies, anque poca por dellos motivos y, ente ellos, la emigraci\u00f3n, hai m\u00fasica moza, pero munches propuestes nun escueyen les nuestres lling\u00fces, \u00bfpor qu\u00e9 pienses que ye?\u00a0<\/strong>Siento qu\u2019inda l\u2019asturianu (sacantes escepciones) nun entr\u00f3 na musica \u201cde gran consumu\u201d, entendiendo lo entrecomillao como\u2019l pop, el rnb, el hiphop, el (mal llam\u00e1u) urban\u2026 Supongo que la xente qu\u2019escoyemos l\u2019asturianu pa facer m\u00fasica ye por que nos presta, cenciellamente, porque fainos sentir m\u00e1s cerca d\u2019onde vivimos o medramos.<\/p>\n<p><strong>Si afondamos, am\u00e1s, nes escenes d\u2019otros territorios del Est\u00e1u con lling\u00fces propies, vemos ceo que los estilos urbanos t\u00e1n afitaos nos grupos mozos. Sicas\u00ed, equ\u00ed tov\u00eda queda cam\u00edn por andar anque propuestes como la tuya, Mostru l\u2019Horru o Llev\u00f3lu\u2019l Sumiciu y\u00e1 lu entamareis, \u00bfc\u00f3mo lo ves dende la to perspeutiva? <\/strong>De xuru queda cam\u00edn por andar. Nesi sent\u00edu, Llev\u00f3lu y Mostru l\u2019Horru fueron de dalguna manera los proyeutos que me llanzaron\u00a0a facer lo mio n\u2019ast. N\u2019otros territorios hai munch\u00edsimu talentu tami\u00e9n, y soi optimista: nos siguientes a\u00f1os texer\u00e1nse conexones ente estes comunidaes no que se refier a la m\u00fasica.<\/p>\n<blockquote class=\"wp-block-quote is-style-large is-layout-flow wp-block-quote-is-layout-flow\">\n<p style=\"text-align: center\"><span style=\"color: #008080\"><em>\u00abSiento qu\u2019inda l\u2019asturianu (sacantes escepciones) nun entr\u00f3 na musica \u2018de gran consumu\u2019\u00bb<\/em><\/span><\/p>\n<\/blockquote>\n<p><strong>Dende qu\u2019asoleyasti los \u00faltimos singles y el to discu\u00a0<em>P\u00e1xaros 01<\/em>, tas emplegando les tos redes sociales p\u2019amosar el trabayu de producci\u00f3n qu\u2019hai detr\u00e1s de la to m\u00fasica, \u00bfpor qu\u00e9? \u00bfTr\u00e1tase d\u2019un enfotu pedag\u00f3xicu?\u00a0<\/strong>Dende llueu l\u2019enfotu pedag\u00f3xicu pue que tea eh\u00ed, porque agora mesmo toi estudiando\u2019l m\u00e1ster de profesor\u00e1u. Bromes aparte, quer\u00eda amosar la mio manera de trabayar porque hai munchu matu y pr\u00e9stame compartilu y xenerar di\u00e1logu.<\/p>\n<blockquote class=\"wp-block-quote is-style-large is-layout-flow wp-block-quote-is-layout-flow\"><p><span style=\"color: #008080\"><em>\u00abLlev\u00f3lu\u2019l Sumiciu y Mostru l\u2019Horru fueron de dalguna manera los proyeutos que me llanzaron\u00a0a facer lo mio n\u2019ast\u00bb<\/em><\/span><\/p><\/blockquote>\n<p><strong>Per otru llau, coneutando sol Semando Fest, \u00bfc\u00f3mo ves el relevu xeneracional na m\u00fasica asturiana?\u00a0<\/strong>Tami\u00e9n siento optimismu. El fechu de qu\u2019haiga un festival dedic\u00e1u a la xente mozo faciendo m\u00fasica n\u2019ast y\u00e1 quier decir daqu\u00e9. Cada vez habr\u00e1 m\u00e1s artistes que se desarrollen n\u2019ast, de xuru.<\/p>\n<p><strong>\u00bfQu\u00e9 dificultaes topasti como artista mozu pa entamar y afitate na escena?\u00a0<\/strong>Nun lo toi sintiendo dif\u00edcil. Los y les artistes que s\u2019averaron a mio musica siempre lo fixeron de bon rollu y yo tov\u00eda p\u00f3ngome color\u00e1u cuando la xente a la qu\u2019almiro cunta conmigo pa facer coses. \u00a1Si\u00e9ntome mui agustu y esti 2025 ser\u00e1 meyor a\u00fan!<\/p>\n<blockquote class=\"wp-block-quote is-style-large is-layout-flow wp-block-quote-is-layout-flow\"><p><em>\u00abLos y les artistes que s\u2019averaron a mio musica siempre lo fixeron de bon rollu y yo tov\u00eda p\u00f3ngome color\u00e1u cuando la xente a la qu\u2019almiro cunta conmigo pa facer coses\u00bb<\/em><\/p><\/blockquote>\n<p><strong>\u00bfQu\u00e9 aporta la to propuesta a la escena moza?\u00a0<\/strong>Nun sabr\u00eda responder\u2026 eso que lo diga la xente, si ye qu\u2019aporto daqu\u00e9 (rises).<\/p>\n<blockquote class=\"wp-block-quote is-style-large is-layout-flow wp-block-quote-is-layout-flow\"><p><span style=\"color: #008080\"><em>\u00abFaedr\u00eda falta dalg\u00fan tipu de colectivu xestion\u00e1u polos propios artistes\u00bb<\/em><\/span><\/p><\/blockquote>\n<p><strong>\u00bfFaen falta m\u00e1s proyectos de m\u00fasica moza n\u2019Asturies? \u00bfQu\u00e9 formatu-yos dar\u00edes? (Non nam\u00e1s grupos o artistes, sin\u00f3n tami\u00e9n festivales, conciertos, residencies art\u00edstiques, etc.)\u00a0<\/strong>Faedr\u00eda falta dalg\u00fan tipu de colectivu xestion\u00e1u polos propios artistes. Ser\u00eda pernutritivu, incluyendo toles disciplines, estilos y x\u00e9neros.<\/p>\n<p><strong>\u00bfQu\u00e9 otros artistes mozos d\u2019angua\u00f1o o d\u2019anta\u00f1o t\u2019inspiraron?\u00a0<\/strong>Una de les influencies ta clara\u2026 Cuando sent\u00ed\u00a0<em>Manual de Cortejo<\/em>\u00a0en 2019 qued\u00e9 cola boca abierta. Descubri\u00f3me una manera nueva de facer m\u00fasica\u2026 \u00a1Gracies Rodri!\u00a0Llev\u00f3lu\u2019l Sumiciu, am\u00e1s de ser collacios, insp\u00edrenme siempre con cada cosa que van sacando\u2026 son los meyores.<\/p>\n<blockquote class=\"wp-block-quote is-style-large is-layout-flow wp-block-quote-is-layout-flow\"><p><span style=\"color: #008080\"><em>\u00abCuando sent\u00ed\u00a0Manual de Cortejo\u00a0en 2019 qued\u00e9 cola boca abierta. Descubri\u00f3me una manera nueva de facer m\u00fasica\u00bb<\/em><\/span><\/p><\/blockquote>\n<p><strong>Y\u00e1 p\u2019acabar, \u00bfqu\u00e9 puedes avanzanos del to conciertu nel Semando Fest? <\/strong>Que la xente va baillar y llorar. \u00a1Espero que-yos preste muncho!<\/p>\n<\/div>\n<\/div>\n<\/div>\n<\/div>\n<\/div>\n<\/div>\n<\/div>\n<p>&nbsp;<\/p>\n","protected":false},"excerpt":{"rendered":"<p>musicasturiana.com\/\u00a0Ixux\u00fa Cultura Falamos con Ferla Meg\u00eda p&#8217;afondar na so propuesta y nel relevu xeneracional na m\u00fasica asturiana enantes de que toquen nel III Semando Fest que va celebrase&#8217;l 8 de febreru en Lata de Zinc \u00abLa xente qu\u2019escoyemos l\u2019asturianu pa facer m\u00fasica ye porque fainos sentir m\u00e1s cerca d\u2019onde vivimos\u00bb<\/p>\n","protected":false},"author":117,"featured_media":0,"comment_status":"open","ping_status":"open","sticky":false,"template":"","format":"standard","meta":{"footnotes":""},"categories":[35,125],"tags":[],"class_list":["post-40730","post","type-post","status-publish","format-standard","hentry","category-musica","category-musicasturiana-com"],"_links":{"self":[{"href":"https:\/\/edublog.educastur.es\/ixuxu\/wp-json\/wp\/v2\/posts\/40730","targetHints":{"allow":["GET"]}}],"collection":[{"href":"https:\/\/edublog.educastur.es\/ixuxu\/wp-json\/wp\/v2\/posts"}],"about":[{"href":"https:\/\/edublog.educastur.es\/ixuxu\/wp-json\/wp\/v2\/types\/post"}],"author":[{"embeddable":true,"href":"https:\/\/edublog.educastur.es\/ixuxu\/wp-json\/wp\/v2\/users\/117"}],"replies":[{"embeddable":true,"href":"https:\/\/edublog.educastur.es\/ixuxu\/wp-json\/wp\/v2\/comments?post=40730"}],"version-history":[{"count":7,"href":"https:\/\/edublog.educastur.es\/ixuxu\/wp-json\/wp\/v2\/posts\/40730\/revisions"}],"predecessor-version":[{"id":40739,"href":"https:\/\/edublog.educastur.es\/ixuxu\/wp-json\/wp\/v2\/posts\/40730\/revisions\/40739"}],"wp:attachment":[{"href":"https:\/\/edublog.educastur.es\/ixuxu\/wp-json\/wp\/v2\/media?parent=40730"}],"wp:term":[{"taxonomy":"category","embeddable":true,"href":"https:\/\/edublog.educastur.es\/ixuxu\/wp-json\/wp\/v2\/categories?post=40730"},{"taxonomy":"post_tag","embeddable":true,"href":"https:\/\/edublog.educastur.es\/ixuxu\/wp-json\/wp\/v2\/tags?post=40730"}],"curies":[{"name":"wp","href":"https:\/\/api.w.org\/{rel}","templated":true}]}}