{"id":40745,"date":"2025-01-24T13:07:24","date_gmt":"2025-01-24T11:07:24","guid":{"rendered":"https:\/\/edublog.educastur.es\/ixuxu\/?p=40745"},"modified":"2025-01-24T13:07:24","modified_gmt":"2025-01-24T11:07:24","slug":"40745","status":"publish","type":"post","link":"https:\/\/edublog.educastur.es\/ixuxu\/2025\/01\/40745\/","title":{"rendered":""},"content":{"rendered":"<p style=\"text-align: center\"><a href=\"https:\/\/lavozdeltrubia.es\/wp-content\/uploads\/2016\/02\/bandujo2.jpg\"><img loading=\"lazy\" decoding=\"async\" class=\"aligncenter \" src=\"https:\/\/lavozdeltrubia.es\/wp-content\/uploads\/2016\/02\/bandujo2.jpg\" width=\"742\" height=\"493\" \/><\/a><\/p>\n<p>La localid\u00e1 medieval de Proaza as\u00edtiase nel puestu n\u00famberu 12 de los cien destinos escoy\u00edos pola prestixosa publicaci\u00f3n de viaxes.<\/p>\n<ul>\n<li>Fonte: <a href=\"https:\/\/lavozdeltrubia.es\/2025\/01\/10\/bandujo-entre-los-pueblos-mas-bonitos-de-espana-de-national-geographic\/?fbclid=IwY2xjawIAUzVleHRuA2FlbQIxMQABHbiFjJUfvO7kZvCQQAXoAjhRdms7hzcgqSPvyyWoDA_6sFkB4wyjjp9Org_aem_zUK0NJgqoGeCtUQzYHUGfQ\">La Voz del Trubia<\/a> \/<\/li>\n<li><span class=\"cmsmasters_post_tags\"><a href=\"https:\/\/lavozdeltrubia.es\/tag\/bandujo\/\" rel=\"tag\">Bandujo<\/a>,\u00a0<a href=\"https:\/\/lavozdeltrubia.es\/tag\/los-100-pueblos-mas-bonitos-de-espana\/\" rel=\"tag\">Los 100 pueblos m\u00e1s bonitos de Espa\u00f1a<\/a>,\u00a0<a href=\"https:\/\/lavozdeltrubia.es\/tag\/viajes-national-geographic\/\" rel=\"tag\">Viajes National Geographic<\/a><\/span><\/li>\n<\/ul>\n<p>El pueblu proac\u00edn de Bandujo apaez nel puestu n\u00famberu 12 d&#8217;una llista de los \u2018100 pueblos m\u00e1s guapos d&#8217;Espa\u00f1a\u2019 escoy\u00edos por Viaxes National Geographic, una llista que seg\u00fan apunta&#8217;l mediu \u00abllega pa reivindicar el so papel protagonista na zona rural. Dalgunos lleven a\u00f1os recibiendo a viaxeros de too el mundu.<\/p>\n<p>Tami\u00e9n hai que siguen siendo secretos perbi\u00e9n guardaos, ente qu&#8217;otros son realmente peculiares o bien interesaos. S\u00eda como fora, toos t\u00e1n amestaos por dos caracter\u00edstiques: el so peque\u00f1u tama\u00f1u y la so riqueza cultural y paisax\u00edstico. La Espa\u00f1a menos poblada tien munches marav\u00edes en miniatura que convien marcar nel planu de les escapaes pol so patrimoniu, urbanismu o pola so relaci\u00f3n cola redolada\u00bb. Y, merecidamente el pueblu medieval de Bandujo ocupa un puestu bien destac\u00e1u nesta notable llista, un llugar privilex\u00e1u nel coraz\u00f3n d&#8217;Asturies.<\/p>\n","protected":false},"excerpt":{"rendered":"<p>La localid\u00e1 medieval de Proaza as\u00edtiase nel puestu n\u00famberu 12 de los cien destinos escoy\u00edos pola prestixosa publicaci\u00f3n de viaxes. Fonte: La Voz del Trubia \/ Bandujo,\u00a0Los 100 pueblos m\u00e1s bonitos de Espa\u00f1a,\u00a0Viajes National Geographic El pueblu proac\u00edn de Bandujo apaez nel puestu n\u00famberu 12 d&#8217;una llista de los \u2018100 pueblos m\u00e1s guapos d&#8217;Espa\u00f1a\u2019 escoy\u00edos [&hellip;]<\/p>\n","protected":false},"author":117,"featured_media":0,"comment_status":"open","ping_status":"open","sticky":false,"template":"","format":"standard","meta":{"footnotes":""},"categories":[22],"tags":[],"class_list":["post-40745","post","type-post","status-publish","format-standard","hentry","category-pueblos"],"_links":{"self":[{"href":"https:\/\/edublog.educastur.es\/ixuxu\/wp-json\/wp\/v2\/posts\/40745","targetHints":{"allow":["GET"]}}],"collection":[{"href":"https:\/\/edublog.educastur.es\/ixuxu\/wp-json\/wp\/v2\/posts"}],"about":[{"href":"https:\/\/edublog.educastur.es\/ixuxu\/wp-json\/wp\/v2\/types\/post"}],"author":[{"embeddable":true,"href":"https:\/\/edublog.educastur.es\/ixuxu\/wp-json\/wp\/v2\/users\/117"}],"replies":[{"embeddable":true,"href":"https:\/\/edublog.educastur.es\/ixuxu\/wp-json\/wp\/v2\/comments?post=40745"}],"version-history":[{"count":1,"href":"https:\/\/edublog.educastur.es\/ixuxu\/wp-json\/wp\/v2\/posts\/40745\/revisions"}],"predecessor-version":[{"id":40746,"href":"https:\/\/edublog.educastur.es\/ixuxu\/wp-json\/wp\/v2\/posts\/40745\/revisions\/40746"}],"wp:attachment":[{"href":"https:\/\/edublog.educastur.es\/ixuxu\/wp-json\/wp\/v2\/media?parent=40745"}],"wp:term":[{"taxonomy":"category","embeddable":true,"href":"https:\/\/edublog.educastur.es\/ixuxu\/wp-json\/wp\/v2\/categories?post=40745"},{"taxonomy":"post_tag","embeddable":true,"href":"https:\/\/edublog.educastur.es\/ixuxu\/wp-json\/wp\/v2\/tags?post=40745"}],"curies":[{"name":"wp","href":"https:\/\/api.w.org\/{rel}","templated":true}]}}