{"id":4075,"date":"2021-02-27T16:00:47","date_gmt":"2021-02-27T14:00:47","guid":{"rendered":"https:\/\/edublog.educastur.es\/ixuxu\/?p=4075"},"modified":"2021-03-07T20:58:07","modified_gmt":"2021-03-07T18:58:07","slug":"premiu-8-de-marzu","status":"publish","type":"post","link":"https:\/\/edublog.educastur.es\/ixuxu\/2021\/02\/premiu-8-de-marzu\/","title":{"rendered":"\u00abPremiu 8 de marzu\u00bb"},"content":{"rendered":"<h1 class=\"font-size-xxl margin-b-5 font-weight-b color-b-050 letter-spacing--1\" style=\"text-align: center\"><span style=\"font-size: 20px;color: #008080\">La periodista y escritora Aitana Casta\u00f1o recibe&#8217;l &#8216;Premiu 8 de marzu&#8217;<\/span><\/h1>\n<ul>\n<li><a href=\"https:\/\/www.rtpa.es\/noticias-sociedad-ast:La-periodista-y-escritora-Aitana-Casta%C3%83%C2%B1o-recibe-el-'Premio-8-de-marzo'_111614446998.html\">Fonte noticia: RTPA<\/a><\/li>\n<\/ul>\n<section class=\"contenido pull-top-contenido\">\n<div class=\"container\">\n<div class=\"row\">\n<div class=\"col-lg-8 col-md-12 col-xs-12\">\n<div id=\"noticiacompleta\" class=\"contenido-padding-resp parragraph-padding font-c-conent\">\n<h4 class=\"font-size-l padding-b-20\">El xur\u00e1u destaca la recuperaci\u00f3n de la memoria d&#8217;una xeneraci\u00f3n de muyeres col so llibru &#8216;Carboneres&#8217;<\/h4>\n<p><em>La nuesa compa\u00f1era Aitana Casta\u00f1o va recibir el &#8216;Premiu 8 de marzu&#8217; que cada a\u00f1u concede&#8217;l Conseyu Comarcal de Muyeres de la Mancomunid\u00e1 de la Sidra. El xur\u00e1u valor\u00f3&#8217;l llabor de la periodista y escritora, de quien destaca la so llucha pola iguald\u00e1 nos medios de comunicaci\u00f3n y la recuperaci\u00f3n de la memoria de toa una xeneraci\u00f3n de muyeres que protagonicen el so \u00faltimu llibru, &#8216;Carboneres&#8217;.<\/em><\/p>\n<p><!--more--><\/p>\n<p>Nun a\u00f1u tan complic\u00e1u como \u00e9sti, el Conseyu de Muyeres de la Comarca de la Sidra dio&#8217;l &#8216;Premiu 8 de marzu&#8217; a la periodista y escritora Aitana Casta\u00f1o. Un galard\u00f3n que la nuesa compa\u00f1era de TPA Noticies va recibir el pr\u00f3ximu 9 de marzu pol so llabor, esplica&#8217;l xur\u00e1u, en favor de la iguald\u00e1 nos medios de comunicaci\u00f3n y redes sociales, y por recuperar del olvidu a toa una xeneraci\u00f3n de muyeres col so \u00faltimu trabayu, &#8216;Carboneres&#8217;.<\/p>\n<p>La periodista llangreana ta somorguiada na promoci\u00f3n de &#8216;Carboneres&#8217;, que va llegar a la so tercer edici\u00f3n, y recibe esti premiu arguyosa polo que representa, nun a\u00f1u nel que les reivindicaciones van tener qu&#8217;adaptase a la situaci\u00f3n sanitaria.<\/p>\n<p>La entrega va poder facese na sede de la Mancomunid\u00e1&#8217;l pr\u00f3ximu 9 de marzu, con aforu amenorg\u00e1u, y de forma paralela, el conseyu va llevar la llucha pola iguald\u00e1 a les redes sociales. Va asoleyar una serie de podcasts nos que&#8217;l protagonismu va recayer nes muyeres rurales y la so dif\u00edcil situaci\u00f3n social nestos tiempos de pandemia.<\/p>\n<\/div>\n<\/div>\n<div class=\"col-lg-4 col-md-12 col-xs-12\">\n<div class=\"margin-t-20 margin-b-20\"><\/div>\n<\/div>\n<\/div>\n<\/div>\n<\/section>\n","protected":false},"excerpt":{"rendered":"<p>La periodista y escritora Aitana Casta\u00f1o recibe&#8217;l &#8216;Premiu 8 de marzu&#8217; Fonte noticia: RTPA El xur\u00e1u destaca la recuperaci\u00f3n de la memoria d&#8217;una xeneraci\u00f3n de muyeres col so llibru &#8216;Carboneres&#8217; La nuesa compa\u00f1era Aitana Casta\u00f1o va recibir el &#8216;Premiu 8 de marzu&#8217; que cada a\u00f1u concede&#8217;l Conseyu Comarcal de Muyeres de la Mancomunid\u00e1 de la [&hellip;]<\/p>\n","protected":false},"author":117,"featured_media":0,"comment_status":"open","ping_status":"open","sticky":false,"template":"","format":"standard","meta":{"footnotes":""},"categories":[58,59],"tags":[],"class_list":["post-4075","post","type-post","status-publish","format-standard","hentry","category-premios","category-rtpa"],"_links":{"self":[{"href":"https:\/\/edublog.educastur.es\/ixuxu\/wp-json\/wp\/v2\/posts\/4075","targetHints":{"allow":["GET"]}}],"collection":[{"href":"https:\/\/edublog.educastur.es\/ixuxu\/wp-json\/wp\/v2\/posts"}],"about":[{"href":"https:\/\/edublog.educastur.es\/ixuxu\/wp-json\/wp\/v2\/types\/post"}],"author":[{"embeddable":true,"href":"https:\/\/edublog.educastur.es\/ixuxu\/wp-json\/wp\/v2\/users\/117"}],"replies":[{"embeddable":true,"href":"https:\/\/edublog.educastur.es\/ixuxu\/wp-json\/wp\/v2\/comments?post=4075"}],"version-history":[{"count":2,"href":"https:\/\/edublog.educastur.es\/ixuxu\/wp-json\/wp\/v2\/posts\/4075\/revisions"}],"predecessor-version":[{"id":4077,"href":"https:\/\/edublog.educastur.es\/ixuxu\/wp-json\/wp\/v2\/posts\/4075\/revisions\/4077"}],"wp:attachment":[{"href":"https:\/\/edublog.educastur.es\/ixuxu\/wp-json\/wp\/v2\/media?parent=4075"}],"wp:term":[{"taxonomy":"category","embeddable":true,"href":"https:\/\/edublog.educastur.es\/ixuxu\/wp-json\/wp\/v2\/categories?post=4075"},{"taxonomy":"post_tag","embeddable":true,"href":"https:\/\/edublog.educastur.es\/ixuxu\/wp-json\/wp\/v2\/tags?post=4075"}],"curies":[{"name":"wp","href":"https:\/\/api.w.org\/{rel}","templated":true}]}}