{"id":40755,"date":"2025-01-24T14:00:07","date_gmt":"2025-01-24T12:00:07","guid":{"rendered":"https:\/\/edublog.educastur.es\/ixuxu\/?p=40755"},"modified":"2025-01-25T23:25:08","modified_gmt":"2025-01-25T21:25:08","slug":"dia-internacional-de-la-educacion-4","status":"publish","type":"post","link":"https:\/\/edublog.educastur.es\/ixuxu\/2025\/01\/dia-internacional-de-la-educacion-4\/","title":{"rendered":"D\u00eda Internacional de la Educaci\u00f3n"},"content":{"rendered":"<div class=\"x1qjc9v5 x78zum5 x1q0g3np x5yr21d xw2csxc x10wlt62 x1n2onr6 x1rohswg xfk6m8\" role=\"presentation\">\n<div class=\"x1qjc9v5 x9f619 x78zum5 x1q0g3np xln7xf2 xk390pu x5yr21d x1n2onr6 x11njtxf\" style=\"text-align: center\">\n<!-- iframe plugin v.6.0 wordpress.org\/plugins\/iframe\/ -->\n<iframe loading=\"lazy\" src=\"https:\/\/www.instagram.com\/reel\/DFNE2zsIo0q\/embed\" width=\"400\" height=\"640\" 0=\"\/iframe\" scrolling=\"yes\" class=\"iframe-class\" frameborder=\"0\"><\/iframe>\n<\/div>\n<\/div>\n<div class=\"x9f619 xjbqb8w x1rg5ohu x168nmei x13lgxp2 x5pf9jr xo71vjh x1uhb9sk x1plvlek xryxfnj x1c4vz4f x2lah0s x1q0g3np xqjyukv x1qjc9v5 x1oa3qoh x1nhvcw1 x193iq5w x1xmf6yo\">\n<div class=\"x1rg5ohu xw3qccf\">\n<div aria-describedby=\":R2ksqcqkqp6kldd6iuspipd5aq:\">\n<div class=\"x9f619 xjbqb8w x1rg5ohu x168nmei x13lgxp2 x5pf9jr xo71vjh x1uhb9sk x1plvlek xryxfnj x1c4vz4f x2lah0s xdt5ytf xqjyukv x1qjc9v5 x1oa3qoh x1nhvcw1\">\n<ul>\n<li class=\"x9f619 xjbqb8w x78zum5 x168nmei x13lgxp2 x5pf9jr xo71vjh x1n2onr6 x1plvlek xryxfnj x1c4vz4f x2lah0s x1q0g3np xqjyukv x6s0dn4 x1oa3qoh x1nhvcw1\">\n<div class=\"_aaqy _aaqz\">\n<div class=\"_aar0 _aar1\">\n<div class=\"x78zum5\">\n<div class=\"_aaqt\">\n<div class=\"x9f619 xjbqb8w x78zum5 x168nmei x13lgxp2 x5pf9jr xo71vjh x1n2onr6 x1plvlek xryxfnj x1c4vz4f x2lah0s x1q0g3np xqjyukv x6s0dn4 x1oa3qoh x1nhvcw1\">\n<div aria-describedby=\":r1d:\"><a class=\"x1i10hfl xjbqb8w x1ejq31n xd10rxx x1sy0etr x17r0tee x972fbf xcfux6l x1qhh985 xm0m39n x9f619 x1ypdohk xt0psk2 xe8uvvx xdj266r x11i5rnm xat24cr x1mh8g0r xexx8yu x4uap5 x18d9i69 xkhd6sd x16tdsg8 x1hl2dhg xggy1nq x1a2a7pz _acan _acao _acat _acaw _aj1- _ap30 _a6hd\" role=\"link\" href=\"https:\/\/www.instagram.com\/llinguaxixon\/?e=1d712a41-f08c-4e53-8e91-5e1e81e36df8&amp;g=5\">llinguaxixon<\/a><span class=\"_ap3a _aaco _aacw _aacx _aad7 _aade\" dir=\"auto\">\/<\/span><\/div>\n<\/div>\n<\/div>\n<\/div>\n<\/div>\n<\/div>\n<\/li>\n<\/ul>\n<\/div>\n<\/div>\n<\/div>\n<div><span class=\"_ap3a _aaco _aacu _aacx _aad7 _aade\" dir=\"auto\">\u270f\ufe0fG\u00fcei, nel<strong> D\u00eda Internacional de la Educaci\u00f3n<\/strong>, dex\u00e1mosvos un post sobre la incorporaci\u00f3n de la llingua asturiana a les distintes etapes y \u00e1mbitos educativos. ? ?Como siempre, nes \u00faltimes p\u00e1xines pod\u00e9is atopar un pallabreru rellacion\u00e1u cola educaci\u00f3n.<strong> ??\u200d?<em>L&#8217;asturianu necesita les aules pa siguir siendo parte activa de la nuestra historia.<\/em><\/strong><\/span><\/div>\n<\/div>\n","protected":false},"excerpt":{"rendered":"<p>llinguaxixon\/ \u270f\ufe0fG\u00fcei, nel D\u00eda Internacional de la Educaci\u00f3n, dex\u00e1mosvos un post sobre la incorporaci\u00f3n de la llingua asturiana a les distintes etapes y \u00e1mbitos educativos. ? ?Como siempre, nes \u00faltimes p\u00e1xines pod\u00e9is atopar un pallabreru rellacion\u00e1u cola educaci\u00f3n. ??\u200d?L&#8217;asturianu necesita les aules pa siguir siendo parte activa de la nuestra historia.<\/p>\n","protected":false},"author":117,"featured_media":0,"comment_status":"open","ping_status":"open","sticky":false,"template":"","format":"standard","meta":{"footnotes":""},"categories":[6,88],"tags":[],"class_list":["post-40755","post","type-post","status-publish","format-standard","hentry","category-dia-de","category-o-llinguistica-xixon"],"_links":{"self":[{"href":"https:\/\/edublog.educastur.es\/ixuxu\/wp-json\/wp\/v2\/posts\/40755","targetHints":{"allow":["GET"]}}],"collection":[{"href":"https:\/\/edublog.educastur.es\/ixuxu\/wp-json\/wp\/v2\/posts"}],"about":[{"href":"https:\/\/edublog.educastur.es\/ixuxu\/wp-json\/wp\/v2\/types\/post"}],"author":[{"embeddable":true,"href":"https:\/\/edublog.educastur.es\/ixuxu\/wp-json\/wp\/v2\/users\/117"}],"replies":[{"embeddable":true,"href":"https:\/\/edublog.educastur.es\/ixuxu\/wp-json\/wp\/v2\/comments?post=40755"}],"version-history":[{"count":4,"href":"https:\/\/edublog.educastur.es\/ixuxu\/wp-json\/wp\/v2\/posts\/40755\/revisions"}],"predecessor-version":[{"id":40759,"href":"https:\/\/edublog.educastur.es\/ixuxu\/wp-json\/wp\/v2\/posts\/40755\/revisions\/40759"}],"wp:attachment":[{"href":"https:\/\/edublog.educastur.es\/ixuxu\/wp-json\/wp\/v2\/media?parent=40755"}],"wp:term":[{"taxonomy":"category","embeddable":true,"href":"https:\/\/edublog.educastur.es\/ixuxu\/wp-json\/wp\/v2\/categories?post=40755"},{"taxonomy":"post_tag","embeddable":true,"href":"https:\/\/edublog.educastur.es\/ixuxu\/wp-json\/wp\/v2\/tags?post=40755"}],"curies":[{"name":"wp","href":"https:\/\/api.w.org\/{rel}","templated":true}]}}