{"id":40775,"date":"2025-01-25T11:57:53","date_gmt":"2025-01-25T09:57:53","guid":{"rendered":"https:\/\/edublog.educastur.es\/ixuxu\/?p=40775"},"modified":"2025-01-25T12:47:42","modified_gmt":"2025-01-25T10:47:42","slug":"mirador-del-sablon","status":"publish","type":"post","link":"https:\/\/edublog.educastur.es\/ixuxu\/2025\/01\/mirador-del-sablon\/","title":{"rendered":"Mirador del Sabl\u00f3n, n&#8217;Ovi\u00f1ana, Cuideiru"},"content":{"rendered":"<p style=\"text-align: center\">\n<!-- iframe plugin v.6.0 wordpress.org\/plugins\/iframe\/ -->\n<iframe loading=\"lazy\" src=\"https:\/\/www.facebook.com\/plugins\/post.php?href=https%3A%2F%2Fwww.facebook.com%2FFernando.del.Castillo.Cuervo.Arango%2Fposts%2Fpfbid0366us3stqALmeffowFQwrDMvU58jFaXyohatWYKK5eC82YGY4mcwyoUfSS93yCkrnl&#038;show_text=true&#038;width=500\" width=\"500\" height=\"355\" style=\"border:none;overflow:hidden\" scrolling=\"no\" frameborder=\"0\" allowfullscreen=\"true\" allow=\"autoplay; clipboard-write; encrypted-media; picture-in-picture; web-share\" 0=\"\/iframe\" class=\"iframe-class\"><\/iframe>\n<\/p>\n<div id=\"sub3\" class=\"simplefavorite-buttonmapa print-no\" data-tab=\"11\">\n<p><em>El mirador del Sabl\u00f3n foi acu\u00f1\u00e1u por munchos como&#8217;l bancu coles meyores vistes del mundu\u00bb. Asiti\u00e1u sobro los cantiles d&#8217;Ovi\u00f1ana, dende \u00e9l puede vese la sablera de La Vallina. Para llegar lo m\u00e1s recomendable ye aparcar nel Mirador de Cueva y dar un pequenu pas\u00e9u de cinco minutos polos cantiles. <span style=\"color: #008080\"><a style=\"color: #008080\" href=\"https:\/\/www.facebook.com\/reel\/512337168005432\"><strong>Ver reel<\/strong><\/a><\/span> \/<br \/>\n<\/em><\/p>\n<\/div>\n<p><!--more--><\/p>\n<ul>\n<li><a href=\"https:\/\/asturias.com\/mirador-del-sablon\/?srsltid=AfmBOop6FI2RMJ_ZDU0RxEvr1OXaT-2YNhH4a-gvj1sY-Q1_i_oxj2Lv\">Asturias.com<\/a> \/Semeyes: <a href=\"https:\/\/www.flickr.com\/photos\/robertomolero\/albums\/72157717894016073\" target=\"_blank\" rel=\"noopener\"><u> \u00a9 Roberto Molero en Flickr <i class=\"fab fa-flickr\" aria-hidden=\"true\"><\/i><\/u><\/a><\/li>\n<\/ul>\n<p>De xuru que y\u00e1 te lo encament\u00f3 daqui\u00e9n y ent\u00e1 lo tienes ente los tos destinos pindios. Si ye asina nun tendr\u00edes de pensar te lo enforma. En cuanto puedas <strong>tienes d&#8217;averate al mirador del Sabl\u00f3n, y sentate a tastiar la guapura selvaxe de la mari\u00f1a asturiana ensin priesa nin distracciones.<\/strong> Nun vas precisar consultar el to rel\u00f3 nin el to m\u00f3vil, vas entrar nuna especie de trance visual bien relaxante, tanto que&#8217;l r\u00edxidu bancu va acabar paeci\u00e9ndote m\u00e1s c\u00f3modu que&#8217;l sof\u00e1 de la to casa. Amanecer o atapecer, aselu chicha o marexada, tu escueyes. Esa va ser la pel\u00edcula que siempres quixisti ver en 3D.<\/p>\n<p>Nos \u00faltimos a\u00f1os abond\u00f3 la espresi\u00f3n \u00abel bancu m\u00e1s guapu del mundu\u00bb. Ensame de webs ellaboren llistes col ranking d&#8217;estos bancos, enclavaos en llugares con paisaxes estelantes. <strong>N&#8217;Asturies, en Cuideiru tenemos el bancu del Mirador del Sabl\u00f3n<\/strong>. Fotograf\u00edes d&#8217;una mari\u00f1a fabulosa, n&#8217;est\u00e1u pr\u00e1cticamente virxinal, qu&#8217;ent\u00e1 ye una gran desconocida para munchos a pesar de que los sos cantiles podr\u00eden ser los m\u00e1s bellos y naturales de too el Cant\u00e1bricu.<\/p>\n<p style=\"text-align: center\">\n","protected":false},"excerpt":{"rendered":"<p>El mirador del Sabl\u00f3n foi acu\u00f1\u00e1u por munchos como&#8217;l bancu coles meyores vistes del mundu\u00bb. Asiti\u00e1u sobro los cantiles d&#8217;Ovi\u00f1ana, dende \u00e9l puede vese la sablera de La Vallina. Para llegar lo m\u00e1s recomendable ye aparcar nel Mirador de Cueva y dar un pequenu pas\u00e9u de cinco minutos polos cantiles. Ver reel \/<\/p>\n","protected":false},"author":117,"featured_media":0,"comment_status":"open","ping_status":"open","sticky":false,"template":"","format":"standard","meta":{"footnotes":""},"categories":[1],"tags":[],"class_list":["post-40775","post","type-post","status-publish","format-standard","hentry","category-sin-categoria"],"_links":{"self":[{"href":"https:\/\/edublog.educastur.es\/ixuxu\/wp-json\/wp\/v2\/posts\/40775","targetHints":{"allow":["GET"]}}],"collection":[{"href":"https:\/\/edublog.educastur.es\/ixuxu\/wp-json\/wp\/v2\/posts"}],"about":[{"href":"https:\/\/edublog.educastur.es\/ixuxu\/wp-json\/wp\/v2\/types\/post"}],"author":[{"embeddable":true,"href":"https:\/\/edublog.educastur.es\/ixuxu\/wp-json\/wp\/v2\/users\/117"}],"replies":[{"embeddable":true,"href":"https:\/\/edublog.educastur.es\/ixuxu\/wp-json\/wp\/v2\/comments?post=40775"}],"version-history":[{"count":7,"href":"https:\/\/edublog.educastur.es\/ixuxu\/wp-json\/wp\/v2\/posts\/40775\/revisions"}],"predecessor-version":[{"id":40790,"href":"https:\/\/edublog.educastur.es\/ixuxu\/wp-json\/wp\/v2\/posts\/40775\/revisions\/40790"}],"wp:attachment":[{"href":"https:\/\/edublog.educastur.es\/ixuxu\/wp-json\/wp\/v2\/media?parent=40775"}],"wp:term":[{"taxonomy":"category","embeddable":true,"href":"https:\/\/edublog.educastur.es\/ixuxu\/wp-json\/wp\/v2\/categories?post=40775"},{"taxonomy":"post_tag","embeddable":true,"href":"https:\/\/edublog.educastur.es\/ixuxu\/wp-json\/wp\/v2\/tags?post=40775"}],"curies":[{"name":"wp","href":"https:\/\/api.w.org\/{rel}","templated":true}]}}