{"id":4078,"date":"2021-03-01T10:00:10","date_gmt":"2021-03-01T08:00:10","guid":{"rendered":"https:\/\/edublog.educastur.es\/ixuxu\/?p=4078"},"modified":"2021-03-07T21:04:45","modified_gmt":"2021-03-07T19:04:45","slug":"dia-de-la-cero-discriminacion","status":"publish","type":"post","link":"https:\/\/edublog.educastur.es\/ixuxu\/2021\/03\/dia-de-la-cero-discriminacion\/","title":{"rendered":"D\u00eda de la cero discriminaci\u00f3n"},"content":{"rendered":"<p style=\"text-align: center\"><a href=\"https:\/\/imgbox.es\/images\/2021\/03\/07\/marzueddde3a5ed22640c.jpg\"><img loading=\"lazy\" decoding=\"async\" class=\"aligncenter\" src=\"https:\/\/imgbox.es\/images\/2021\/03\/07\/marzueddde3a5ed22640c.jpg\" alt=\"\" width=\"440\" height=\"440\" \/><\/a><\/p>\n<ul>\n<li><a href=\"https:\/\/www.unaids.org\/es\/2021_ZDD_campaign_end_inequalities\">Web oficial<\/a><\/li>\n<\/ul>\n<p><em>Para llograr la dignid\u00e1 para toles persones, les pol\u00edtiques econ\u00f3miques y sociales tienen de protexer los derechos de toles persones y emprestar atenci\u00f3n a les necesidaes de les comunidaes desfavorecies y marxinaes.<\/em><\/p>\n<p><em>Los gobiernos tienen de promover una crecedera social y econ\u00f3mico inclusivu. Tienen De esaniciar les lleis, pol\u00edtiques y pr\u00e1ctiques discriminatories para garantizar la iguald\u00e1 d&#8217;oportunidaes y amenorgar les desigualdaes.<\/em><\/p>\n<p class=\"selectionShareable\"><a href=\"https:\/\/trello-attachments.s3.amazonaws.com\/6037a16f0e4d6b5ecdd48036\/6038dc086087c57b50fe2627\/4b4a687527383cfc06abe1aa32777f49\/Screen_Shot_2021-02-26_at_12.31.03.png\" target=\"_blank\" rel=\"noopener\">Descargar p\u00f3ster<\/a><\/p>\n<p class=\"selectionShareable\">Esti <span style=\"color: #008080\"><strong><em>D\u00eda de la Cero Discriminaci\u00f3n<\/em><\/strong><\/span> x\u00fanite a n\u00f3s para concenciar sobro les desigualdaes que torguen a les persones vivir una vida pleno y granible, y p&#8217;esixir a los gobiernos que cumplan colos sos compromisos y obligaciones p&#8217;acabar con toles formes de discriminaci\u00f3n. <a href=\"https:\/\/trello-attachments.s3.amazonaws.com\/6037a16f0e4d6b5ecdd48036\/6038dc086087c57b50fe2627\/4b4a687527383cfc06abe1aa32777f49\/Screen_Shot_2021-02-26_at_12.31.03.png\"><strong><em><span style=\"color: #008080\">Descarga poster.<\/span><\/em><\/strong><\/a><\/p>\n<p><!--more--><\/p>\n<p style=\"text-align: center\"><a href=\"https:\/\/www.unaids.org\/sites\/default\/files\/media\/images\/ZDD_Infographic_es.png\"><img loading=\"lazy\" decoding=\"async\" class=\"alignnone\" src=\"https:\/\/www.unaids.org\/sites\/default\/files\/media\/images\/ZDD_Infographic_es.png\" alt=\"\" width=\"800\" height=\"566\" \/><\/a><\/p>\n<p><a href=\"https:\/\/www.unaids.org\/sites\/default\/files\/media\/images\/ZDD_Infographic_Facts_es.png\"><img loading=\"lazy\" decoding=\"async\" class=\"aligncenter\" src=\"https:\/\/www.unaids.org\/sites\/default\/files\/media\/images\/ZDD_Infographic_Facts_es.png\" alt=\"\" width=\"800\" height=\"566\" \/><\/a><\/p>\n<p>&nbsp;<\/p>\n<p>&nbsp;<\/p>\n","protected":false},"excerpt":{"rendered":"<p>Web oficial Para llograr la dignid\u00e1 para toles persones, les pol\u00edtiques econ\u00f3miques y sociales tienen de protexer los derechos de toles persones y emprestar atenci\u00f3n a les necesidaes de les comunidaes desfavorecies y marxinaes. Los gobiernos tienen de promover una crecedera social y econ\u00f3mico inclusivu. Tienen De esaniciar les lleis, pol\u00edtiques y pr\u00e1ctiques discriminatories para [&hellip;]<\/p>\n","protected":false},"author":117,"featured_media":0,"comment_status":"open","ping_status":"open","sticky":false,"template":"","format":"standard","meta":{"footnotes":""},"categories":[6],"tags":[],"class_list":["post-4078","post","type-post","status-publish","format-standard","hentry","category-dia-de"],"_links":{"self":[{"href":"https:\/\/edublog.educastur.es\/ixuxu\/wp-json\/wp\/v2\/posts\/4078","targetHints":{"allow":["GET"]}}],"collection":[{"href":"https:\/\/edublog.educastur.es\/ixuxu\/wp-json\/wp\/v2\/posts"}],"about":[{"href":"https:\/\/edublog.educastur.es\/ixuxu\/wp-json\/wp\/v2\/types\/post"}],"author":[{"embeddable":true,"href":"https:\/\/edublog.educastur.es\/ixuxu\/wp-json\/wp\/v2\/users\/117"}],"replies":[{"embeddable":true,"href":"https:\/\/edublog.educastur.es\/ixuxu\/wp-json\/wp\/v2\/comments?post=4078"}],"version-history":[{"count":2,"href":"https:\/\/edublog.educastur.es\/ixuxu\/wp-json\/wp\/v2\/posts\/4078\/revisions"}],"predecessor-version":[{"id":4080,"href":"https:\/\/edublog.educastur.es\/ixuxu\/wp-json\/wp\/v2\/posts\/4078\/revisions\/4080"}],"wp:attachment":[{"href":"https:\/\/edublog.educastur.es\/ixuxu\/wp-json\/wp\/v2\/media?parent=4078"}],"wp:term":[{"taxonomy":"category","embeddable":true,"href":"https:\/\/edublog.educastur.es\/ixuxu\/wp-json\/wp\/v2\/categories?post=4078"},{"taxonomy":"post_tag","embeddable":true,"href":"https:\/\/edublog.educastur.es\/ixuxu\/wp-json\/wp\/v2\/tags?post=4078"}],"curies":[{"name":"wp","href":"https:\/\/api.w.org\/{rel}","templated":true}]}}