{"id":40780,"date":"2025-01-25T08:30:25","date_gmt":"2025-01-25T06:30:25","guid":{"rendered":"https:\/\/edublog.educastur.es\/ixuxu\/?p=40780"},"modified":"2025-01-25T13:14:48","modified_gmt":"2025-01-25T11:14:48","slug":"estau-del-tiempu-sabadu-25-de-xineru-2025","status":"publish","type":"post","link":"https:\/\/edublog.educastur.es\/ixuxu\/2025\/01\/estau-del-tiempu-sabadu-25-de-xineru-2025\/","title":{"rendered":"Est\u00e1u del tiempu: s\u00e1badu 25 de xineru 2025"},"content":{"rendered":"<div class=\"xu06os2 x1ok221b\">\n<div class=\"html-div xdj266r x11i5rnm xat24cr x1mh8g0r xexx8yu x4uap5 x18d9i69 xkhd6sd\" data-ad-rendering-role=\"profile_name\">\n<ul>\n<li id=\":r1ju:\" class=\"html-h2 x11i5rnm xat24cr x1mh8g0r xexx8yu x4uap5 x18d9i69 xkhd6sd x1vvkbs x1heor9g x1qlqyl8 x1pd3egz x1a2a7pz x1gslohp x1yc453h\"><span class=\"xt0psk2\"><span class=\"xjp7ctv\"><a class=\"x1i10hfl xjbqb8w x1ejq31n xd10rxx x1sy0etr x17r0tee x972fbf xcfux6l x1qhh985 xm0m39n x9f619 x1ypdohk xt0psk2 xe8uvvx xdj266r x11i5rnm xat24cr x1mh8g0r xexx8yu x4uap5 x18d9i69 xkhd6sd x16tdsg8 x1hl2dhg xggy1nq x1a2a7pz x1sur9pj xkrqix3 xzsf02u x1s688f\" role=\"link\" href=\"https:\/\/www.facebook.com\/eltiempuenasturies?__cft__[0]=AZV5XxIb7YKUxLWuiD6_23kzl99EefWMR6zaEin2hJ9chHCHWc0SECyMVE3GaSCRNJ_fv7_pAXXy3oh8c75h7xU2CswCj-5ddYTTOk4eZEcStGXJsDum-j89GXFdlTn6XiUQJkmlRvn_B_1YkGXmLHIU4VulfYteux9HA6Ywh5xxD3TdVkvr5JHO446bDXMaykg&amp;__tn__=-UC%2CP-R\" aria-describedby=\":r1k6:\"><strong class=\"html-strong xdj266r x11i5rnm xat24cr x1mh8g0r xexx8yu x4uap5 x18d9i69 xkhd6sd x1hl2dhg x16tdsg8 x1vvkbs x1s688f\"><span class=\"html-span xdj266r x11i5rnm xat24cr x1mh8g0r xexx8yu x4uap5 x18d9i69 xkhd6sd x1hl2dhg x16tdsg8 x1vvkbs\">El Tiempu n&#8217;Asturies.<\/span><\/strong><\/a><\/span><\/span><\/li>\n<\/ul>\n<\/div>\n<\/div>\n<div class=\"xu06os2 x1ok221b\" style=\"text-align: center\"><a href=\"http:\/\/edublog.educastur.es\/ixuxu\/files\/2024\/11\/467747825_894074599540617_1227988172354431857_n.jpg\"><img loading=\"lazy\" decoding=\"async\" class=\"aligncenter  wp-image-36071\" src=\"http:\/\/edublog.educastur.es\/ixuxu\/files\/2024\/11\/467747825_894074599540617_1227988172354431857_n.jpg\" alt=\"\" width=\"271\" height=\"188\" srcset=\"https:\/\/edublog.educastur.es\/ixuxu\/files\/2024\/11\/467747825_894074599540617_1227988172354431857_n.jpg 450w, https:\/\/edublog.educastur.es\/ixuxu\/files\/2024\/11\/467747825_894074599540617_1227988172354431857_n-300x208.jpg 300w, https:\/\/edublog.educastur.es\/ixuxu\/files\/2024\/11\/467747825_894074599540617_1227988172354431857_n-433x300.jpg 433w\" sizes=\"auto, (max-width: 271px) 100vw, 271px\" \/><\/a><\/div>\n<div class=\"html-div xdj266r x11i5rnm xat24cr x1mh8g0r xexx8yu x4uap5 x18d9i69 xkhd6sd\" dir=\"auto\">\n<div class=\"html-div xdj266r x11i5rnm xat24cr x1mh8g0r xexx8yu x4uap5 x18d9i69 xkhd6sd\" data-ad-rendering-role=\"story_message\">\n<div id=\":r1k0:\" class=\"x1l90r2v x1iorvi4 x1ye3gou xn6708d\" data-ad-comet-preview=\"message\" data-ad-preview=\"message\">\n<div class=\"x78zum5 xdt5ytf xz62fqu x16ldp7u\">\n<div class=\"xu06os2 x1ok221b\">\n<div class=\"x11i5rnm xat24cr x1mh8g0r x1vvkbs xtlvy1s x126k92a\">\n<div dir=\"auto\" style=\"text-align: center\"><span style=\"font-size: 20px;color: #008080\"><strong><em>La lluvia tiende a retirase<br \/>\ncon apertura de claros nel cielu<\/em><\/strong><\/span><\/div>\n<div dir=\"auto\"><\/div>\n<\/div>\n<div class=\"x11i5rnm xat24cr x1mh8g0r x1vvkbs xtlvy1s x126k92a\">\n<ul>\n<li dir=\"auto\"><strong><span style=\"color: #008080\">Alborecemos<\/span> <\/strong>col cielu mui nuboso y precipitaciones con unes temperatures que tan alrodiu de los 9\u00baC, rexistr\u00e1ndose nel puirtu Payares 2,3\u00baC.<\/li>\n<\/ul>\n<\/div>\n<div class=\"x11i5rnm xat24cr x1mh8g0r x1vvkbs xtlvy1s x126k92a\">\n<ul>\n<li dir=\"auto\"><strong><span style=\"color: #008080\">G\u00fcei<\/span> <\/strong>van dir remitiendo les precipitaciones del alborecer y am\u00e1s nel cielu van dir abri\u00e9ndose dellos claros o abancios con unes temperatures en descensu ya cola cota de nieve que ronda a estes hores los 1600m pa dir baxando hasta los 1300m pero y\u00e1 sin malpenes precipitaciones. L&#8217;aire gallegu pue sopla con raches fuertes en zones altes ya en puntos del llitoral.<\/li>\n<\/ul>\n<p><!--more--><\/p>\n<\/div>\n<div class=\"x11i5rnm xat24cr x1mh8g0r x1vvkbs xtlvy1s x126k92a\">\n<ul>\n<li dir=\"auto\"><strong><span style=\"color: #008080\">Ma\u00f1ana domingu<\/span><\/strong> torna l&#8217;aire \u00e1brigu cola consiguiente subida de les temperatures, dempu\u00e9s d&#8217;una nueche fr\u00eda por mor del cielu poco nuboso, am\u00e1s lo fae con puxu y mos va dexar raches mui fuertes en zones altes ya en puntos del llitoral . Al atapecer la llegada d&#8217;un frente atl\u00e1nticu va dir repartiendo precipitaciones per Asturies d&#8217;oeste a este, mentantu pel d\u00eda solo s&#8217;esperen na fastera m\u00e1s surocidental y cordelera con unes temperatures n&#8217;ascensu.<\/li>\n<\/ul>\n<\/div>\n<div class=\"x11i5rnm xat24cr x1mh8g0r x1vvkbs xtlvy1s x126k92a\">\n<ul>\n<li dir=\"auto\"><strong><span style=\"color: #008080\">El llunes<\/span> <\/strong>lo m\u00e1s destac\u00e1u sedr\u00e1&#8217;l vientu que vendr\u00e1 con raches mui fuertes de componente oeste y mos dexar\u00e1 mui mala mar am\u00e1s d&#8217;un descensu nes temperatures faciendo que baxe la cota de nieve al finar el d\u00eda perriba de los 900m, sobre too na cordelera m\u00e1s ocidental que ye onde s&#8217;esperen les precipitaciones m\u00e1s abondoses, nel restu sedr\u00e1n febles, intermitentes ya ocasionales.<\/li>\n<\/ul>\n<\/div>\n<div class=\"x11i5rnm xat24cr x1mh8g0r x1vvkbs xtlvy1s x126k92a\">\n<ul>\n<li dir=\"auto\"><strong><span style=\"color: #008080\">El martes<\/span> <\/strong>paez que pue ser un d\u00eda mui fr\u00edu con dalg\u00fan xarabatu dispersu que sedr\u00e1 de nieve perriba de los 600-700m con mayor probabilid\u00e1 na fastera surocidental d&#8217;Asturies por mor del vientu que seguir\u00e1 siendo gallegu y soplando con fuercia.<\/li>\n<\/ul>\n<\/div>\n<div class=\"x11i5rnm xat24cr x1mh8g0r x1vvkbs xtlvy1s x126k92a\">\n<ul>\n<li dir=\"auto\">Y si nun camudan los pron\u00f3sticos la llegada d&#8217;una borrasca al Cant\u00e1bricu <strong><span style=\"color: #008080\">a partir del mi\u00e9rcoles pela tarde<\/span> <\/strong>podr\u00eda dexanos precipitaciones abondoses per toa Asturies y sobre too nevaes copioses na cordelera perriba de los 1000m faciendo que puean reabrir de nuevu les estaciones d&#8217;esqu\u00ed asturianes, pero esto y\u00e1 lu diremos viendo.<\/li>\n<\/ul>\n<\/div>\n<\/div>\n<\/div>\n<\/div>\n<\/div>\n<\/div>\n<p>&nbsp;<\/p>\n","protected":false},"excerpt":{"rendered":"<p>El Tiempu n&#8217;Asturies. La lluvia tiende a retirase con apertura de claros nel cielu Alborecemos col cielu mui nuboso y precipitaciones con unes temperatures que tan alrodiu de los 9\u00baC, rexistr\u00e1ndose nel puirtu Payares 2,3\u00baC. G\u00fcei van dir remitiendo les precipitaciones del alborecer y am\u00e1s nel cielu van dir abri\u00e9ndose dellos claros o abancios con [&hellip;]<\/p>\n","protected":false},"author":117,"featured_media":0,"comment_status":"open","ping_status":"open","sticky":false,"template":"","format":"standard","meta":{"footnotes":""},"categories":[5],"tags":[],"class_list":["post-40780","post","type-post","status-publish","format-standard","hentry","category-tiempu"],"_links":{"self":[{"href":"https:\/\/edublog.educastur.es\/ixuxu\/wp-json\/wp\/v2\/posts\/40780","targetHints":{"allow":["GET"]}}],"collection":[{"href":"https:\/\/edublog.educastur.es\/ixuxu\/wp-json\/wp\/v2\/posts"}],"about":[{"href":"https:\/\/edublog.educastur.es\/ixuxu\/wp-json\/wp\/v2\/types\/post"}],"author":[{"embeddable":true,"href":"https:\/\/edublog.educastur.es\/ixuxu\/wp-json\/wp\/v2\/users\/117"}],"replies":[{"embeddable":true,"href":"https:\/\/edublog.educastur.es\/ixuxu\/wp-json\/wp\/v2\/comments?post=40780"}],"version-history":[{"count":2,"href":"https:\/\/edublog.educastur.es\/ixuxu\/wp-json\/wp\/v2\/posts\/40780\/revisions"}],"predecessor-version":[{"id":40792,"href":"https:\/\/edublog.educastur.es\/ixuxu\/wp-json\/wp\/v2\/posts\/40780\/revisions\/40792"}],"wp:attachment":[{"href":"https:\/\/edublog.educastur.es\/ixuxu\/wp-json\/wp\/v2\/media?parent=40780"}],"wp:term":[{"taxonomy":"category","embeddable":true,"href":"https:\/\/edublog.educastur.es\/ixuxu\/wp-json\/wp\/v2\/categories?post=40780"},{"taxonomy":"post_tag","embeddable":true,"href":"https:\/\/edublog.educastur.es\/ixuxu\/wp-json\/wp\/v2\/tags?post=40780"}],"curies":[{"name":"wp","href":"https:\/\/api.w.org\/{rel}","templated":true}]}}