{"id":40802,"date":"2025-01-24T20:10:32","date_gmt":"2025-01-24T18:10:32","guid":{"rendered":"https:\/\/edublog.educastur.es\/ixuxu\/?p=40802"},"modified":"2025-01-26T14:50:03","modified_gmt":"2025-01-26T12:50:03","slug":"40802","status":"publish","type":"post","link":"https:\/\/edublog.educastur.es\/ixuxu\/2025\/01\/40802\/","title":{"rendered":"El cantar en solidarid\u00e1 nel que participen dellos artistes de la m\u00fasica asturiana"},"content":{"rendered":"<div class=\"elementor-element elementor-element-667e3c7 elementor-widget elementor-widget-theme-post-title elementor-page-title elementor-widget-heading\" data-id=\"667e3c7\" data-element_type=\"widget\" data-widget_type=\"theme-post-title.default\">\n<div class=\"elementor-widget-container\">\n<blockquote>\n<p class=\"elementor-heading-title elementor-size-default\"><em>\u00abEl fin ye compartir la solidarid\u00e1 y animar a que cualquier artista puea versionala\u00bb<\/em><\/p>\n<\/blockquote>\n<p style=\"text-align: center\">\n<!-- iframe plugin v.6.0 wordpress.org\/plugins\/iframe\/ -->\n<iframe style=\"border-radius:12px\" src=\"https:\/\/open.spotify.com\/embed\/track\/7CMcwEUC3tyfB54j3GrDrB?utm_source=generator\" width=\"100%\" height=\"352\" frameborder=\"0\" allowfullscreen allow=\"autoplay; clipboard-write; encrypted-media; fullscreen; picture-in-picture\" loading=\"lazy\" 0=\"\/iframe\" scrolling=\"yes\" class=\"iframe-class\"><\/iframe>\n<\/p>\n<\/div>\n<\/div>\n<div class=\"elementor-element elementor-element-00f4678 elementor-widget elementor-widget-theme-post-excerpt\" data-id=\"00f4678\" data-element_type=\"widget\" data-widget_type=\"theme-post-excerpt.default\">\n<div class=\"elementor-widget-container\">\n<p class=\"font-size-xxl margin-b-5 font-weight-b color-b-050 letter-spacing--1 fuente-corporativa\">Una ventena de m\u00fasicos collaboren nel tema &#8216;Nun ye delitu&#8217; en sofitu a les seis de La Suiza. <span style=\"font-size: 16px\">Y\u00e1 s&#8217;asoley\u00f3&#8217;l videoclip de &#8216;Nun ye delitu&#8217;, el cantar en sofitu a les sindicalistes de la 6 de La Suiza nel que participen delles artistes del pa\u00eds. <\/span><em style=\"font-size: 16px\">Berto (<strong>Skontra<\/strong>), Delfo (<strong>La Tarrancha<\/strong>), <strong>Arantxa Carcedo<\/strong>, Silvia y Gema (<strong>Silvidos y Gemidos<\/strong>), Xune (<strong>Dixebra<\/strong>) y Mon (<strong>Los Berrones<\/strong>).<\/em><\/p>\n<\/div>\n<ul>\n<li>Fonte: <a href=\"https:\/\/musicasturiana.com\/el-fin-ye-compartir-la-solidarida-y-animar-a-que-cualquier-artista-puea-versionala\/?fbclid=IwY2xjawICMopleHRuA2FlbQIxMQABHc2YpjFCEIiStC_aGnIDJLt-YXttC4eE9A67w5U6DHjPqfs05odxD-pU8w_aem_7VWVzrhRndzeV1nu6-n8eg\">Musicasturiana<\/a> \/ <a href=\"https:\/\/www.rtpa.es\/noticias-sociedad-ast\/2025-01-25\/Una-ventena-de-musicos-collaboren-nel-tema-'Nun-ye-delitu'-en-sofitu-a-les-seis-de-La-Suiza_111737814550.html\"><strong>RTPA<\/strong> <\/a>\/<\/li>\n<\/ul>\n<p><!--more--><\/p>\n<\/div>\n<ul>\n<li class=\"font-size-m padding-b-20 font-weight-b margin-t-16\"><em>El videoclip grab\u00f3se en Tutu Estudios y foi edit\u00e1u por Covenant Audiovisuales<\/em><\/li>\n<li class=\"font-size-m padding-b-20 font-weight-b margin-t-16\"><em><span style=\"font-size: 16px\">Una ventena de m\u00fasicos asturianos xuni\u00e9ronse nuna canci\u00f3n de sofitu a les seis sindicalistes de La Suiza.<\/span><\/em><\/li>\n<li class=\"font-size-m padding-b-20 font-weight-b margin-t-16\"><em>El tema &#8216;Nun ye delitu&#8217;, con m\u00fasica de Skontra, foi present\u00e1u ayeri na Casa del Chino de Xix\u00f3n nun conciertu de sofitu a les trabayadores condenaes a tres a\u00f1os y mediu de prisi\u00f3n por un delitu de coacciones graves al due\u00f1u de la pasteler\u00eda en 2016.<\/em><\/li>\n<li class=\"font-size-m padding-b-20 font-weight-b margin-t-16\"><em>El videoclip grab\u00f3se en Tutu Estudios y foi edit\u00e1u por Covenant Audiovisuales.<\/em><\/li>\n<\/ul>\n<p>&nbsp;<\/p>\n<p>Esti vienres La Casa\u2019l Chinu de Cimavilla acoy\u00f3 la presentaci\u00f3n de <strong>\u2018Nun ye delitu<\/strong>\u2018, el cantar en solidarid\u00e1 coles<strong> 6 de La Suiza<\/strong> nel que participen dellos artistes de la m\u00fasica asturiana. Nel actu estren\u00f3se\u2019l <strong><a href=\"https:\/\/youtu.be\/sGVNQ6S-sDM?si=7SowX2Kh7aVo_X2q\" target=\"_blank\" rel=\"noreferrer noopener\">videoclip <\/a><\/strong>d\u2019esti tema -que tami\u00e9n ta disponible nes dem\u00e1s <strong><a href=\"https:\/\/orcd.co\/nun-ye-delitu\" target=\"_blank\" rel=\"noreferrer noopener\">plataformes musicales<\/a><\/strong>\u2013 y participaron dalgunos de los m\u00fasicos y m\u00fasiques que ponen voz y m\u00fasica al tema: Berto (<strong>Skontra<\/strong>), Delfo (<strong>La Tarrancha<\/strong>), <strong>Arantxa Carcedo<\/strong>, Silvia y Gema (<strong>Silvidos y Gemidos<\/strong>), Xune (<strong>Dixebra<\/strong>) y Mon (<strong>Los Berrones<\/strong>).<\/p>\n<p style=\"text-align: center\">\n<!-- iframe plugin v.6.0 wordpress.org\/plugins\/iframe\/ -->\n<iframe loading=\"lazy\" width=\"100%\" height=\"370\" src=\"https:\/\/www.youtube.com\/embed\/sGVNQ6S-sDM\" title=\"Nun ye delitu\" frameborder=\"0\" allow=\"accelerometer; autoplay; clipboard-write; encrypted-media; gyroscope; picture-in-picture; web-share\" referrerpolicy=\"strict-origin-when-cross-origin\" 0=\"allowfullscreen\" 1=\"\/iframe\" scrolling=\"yes\" class=\"iframe-class\"><\/iframe>\n<\/p>\n<p>\u00abCreo que, en realid\u00e1, <strong>ye un gran abrazu musical<\/strong> a les nueses compa\u00f1eres sindicalistes de La Suiza\u00bb. Asina present\u00f3\u2019l cantar l\u2019autor de la lletra, l\u2019escritor y periodista<strong> Paco \u00c1lvarez<\/strong>, encarg\u00e1u d\u2019abrir per videollamada esti emocionante actu. Tres de la intervenci\u00f3n d\u2019una integrante del<strong> grupu de sofitu a les 6 de La Suiza<\/strong>, Berto de Skontra cunt\u00f3\u2019l <strong>procesu de creaci\u00f3n<\/strong> de \u2018Nun ye delitu\u2019. Naci\u00f3 a encargu d\u2019esti colectivu que pidi\u00f3 a<strong> Skontra la composici\u00f3n musical <\/strong>y tami\u00e9n la grabaci\u00f3n d\u2019un \u00ab<strong>tema coral<\/strong>\u00bb cola participaci\u00f3n d\u2019otros artistes del pa\u00eds. Asina ye como, am\u00e1s de los presentes nel actu d\u2019ayeri, tami\u00e9n andecharon <strong>6 Riales, Pauline en la Playa<\/strong> y Burilo de <strong>Skama la Rede<\/strong>. Am\u00e1s h\u00fabolos qu\u2019amosaron el so apoyu, pero \u00abpor problemes d\u2019axenda\u00bb, nun pudieron: Leticia Baselgas (<strong>L-R<\/strong>), <strong>Marisa Valle Roso<\/strong>, <strong>Nacho Vegas<\/strong>, Raquel (<strong>Ochobre<\/strong>) y <strong>Rodrigo Cuevas<\/strong>.<\/p>\n<p>Llueu intervino Luara, una de les <strong>condergaes <\/strong>nel casu de La Suiza, pa reconocer que \u00abnun ye f\u00e1cil xuntar a tantes persones en dos d\u00edes pa facer esta canci\u00f3n\u00bb y agradecer la so implicaci\u00f3n a les y los m\u00fasicos, am\u00e1s de a otres persones que participaron nel procesu: Sergio Rodr\u00edguez de <strong>Tutu Estudios<\/strong> (grabaci\u00f3n y producci\u00f3n) y<strong> Omar Tuero <\/strong>(realizaci\u00f3n audiovisual). Finalmente, dende\u2019l grupu de sofitu plantegaron qu\u2019\u00abel fin ye compartir la solidarid\u00e1 y animar a que cualquier artista puea <strong>versionala<\/strong>\u00bb, faciendo por que s\u2019esparda\u2019l compromisu de la escena musical con esta causa. Mesmamente, la primer versi\u00f3n d\u2019esti tema pudo sentise ayeri, cuando tolos artistes presentes tocaron una<strong> <a href=\"https:\/\/www.instagram.com\/p\/DFOBiCLImw_\/\" target=\"_blank\" rel=\"noreferrer noopener\">reinterpretaci\u00f3n n\u2019ac\u00fasticu<\/a><\/strong> del cantar. Con elles restallaron les palmes y los garg\u00fcelos de la xente qu\u2019enllen\u00f3 la Casa\u2019l Chinu, avivando la llama de la solidarid\u00e1.<\/p>\n<p><strong>Persecuci\u00f3n sindical<\/strong><br \/>\nEl casu de les 6 de La Suiza ye \u00fan de los m\u00e1s graves de<strong> persecuci\u00f3n a l\u2019acci\u00f3n sindical <\/strong>nos \u00faltimos a\u00f1os. Surde nel a\u00f1u 2017 cuando una trabayadora de la pasteler\u00eda La Suiza <strong>denunci\u00f3 acosu llaboral y sexual<\/strong> contra\u2019l due\u00f1u del negociu y, arriendes d\u2019ello, prod\u00facense una serie de movilizaciones poles que fueron condenaes seis persones a <strong>tres a\u00f1os y mediu de c\u00e1rcel <\/strong>y una multa de mas de <strong>125.000 euros<\/strong>. Por mor d\u2019ello ta habiendo varies acciones de sofitu nes que la cultura ta tomando partida con esti cantar o con iniciatives como la d\u2019<em><a href=\"https:\/\/www.instagram.com\/stories\/highlights\/18260962192180076\/\" target=\"_blank\" rel=\"noopener\">Arte poles 6<\/a>.<\/em><\/p>\n<div class=\"wp-block-spacer\" aria-hidden=\"true\"><\/div>\n<p>&nbsp;<\/p>\n","protected":false},"excerpt":{"rendered":"<p>\u00abEl fin ye compartir la solidarid\u00e1 y animar a que cualquier artista puea versionala\u00bb Una ventena de m\u00fasicos collaboren nel tema &#8216;Nun ye delitu&#8217; en sofitu a les seis de La Suiza. Y\u00e1 s&#8217;asoley\u00f3&#8217;l videoclip de &#8216;Nun ye delitu&#8217;, el cantar en sofitu a les sindicalistes de la 6 de La Suiza nel que participen [&hellip;]<\/p>\n","protected":false},"author":117,"featured_media":0,"comment_status":"open","ping_status":"open","sticky":false,"template":"","format":"standard","meta":{"footnotes":""},"categories":[35,125,59],"tags":[],"class_list":["post-40802","post","type-post","status-publish","format-standard","hentry","category-musica","category-musicasturiana-com","category-rtpa"],"_links":{"self":[{"href":"https:\/\/edublog.educastur.es\/ixuxu\/wp-json\/wp\/v2\/posts\/40802","targetHints":{"allow":["GET"]}}],"collection":[{"href":"https:\/\/edublog.educastur.es\/ixuxu\/wp-json\/wp\/v2\/posts"}],"about":[{"href":"https:\/\/edublog.educastur.es\/ixuxu\/wp-json\/wp\/v2\/types\/post"}],"author":[{"embeddable":true,"href":"https:\/\/edublog.educastur.es\/ixuxu\/wp-json\/wp\/v2\/users\/117"}],"replies":[{"embeddable":true,"href":"https:\/\/edublog.educastur.es\/ixuxu\/wp-json\/wp\/v2\/comments?post=40802"}],"version-history":[{"count":4,"href":"https:\/\/edublog.educastur.es\/ixuxu\/wp-json\/wp\/v2\/posts\/40802\/revisions"}],"predecessor-version":[{"id":40857,"href":"https:\/\/edublog.educastur.es\/ixuxu\/wp-json\/wp\/v2\/posts\/40802\/revisions\/40857"}],"wp:attachment":[{"href":"https:\/\/edublog.educastur.es\/ixuxu\/wp-json\/wp\/v2\/media?parent=40802"}],"wp:term":[{"taxonomy":"category","embeddable":true,"href":"https:\/\/edublog.educastur.es\/ixuxu\/wp-json\/wp\/v2\/categories?post=40802"},{"taxonomy":"post_tag","embeddable":true,"href":"https:\/\/edublog.educastur.es\/ixuxu\/wp-json\/wp\/v2\/tags?post=40802"}],"curies":[{"name":"wp","href":"https:\/\/api.w.org\/{rel}","templated":true}]}}