{"id":40807,"date":"2025-01-25T11:18:44","date_gmt":"2025-01-25T09:18:44","guid":{"rendered":"https:\/\/edublog.educastur.es\/ixuxu\/?p=40807"},"modified":"2025-01-26T20:16:34","modified_gmt":"2025-01-26T18:16:34","slug":"la-universida-duvieu-va-facer-un-atles-llinguisticu-de-la-llingua-asturiana","status":"publish","type":"post","link":"https:\/\/edublog.educastur.es\/ixuxu\/2025\/01\/la-universida-duvieu-va-facer-un-atles-llinguisticu-de-la-llingua-asturiana\/","title":{"rendered":"La Universid\u00e1 d&#8217;Uvi\u00e9u va facer un atles lling\u00fc\u00edsticu de la llingua asturiana"},"content":{"rendered":"<ul>\n<li>Fonte: <a href=\"https:\/\/sfa.grupos.uniovi.es\/actualidad\/-\/blogs\/anunciu-del-%C2%ABatles-llinguisticu-del-asturianu%C2%BB-alas-?_33_redirect=https%3A%2F%2Fsfa.grupos.uniovi.es%2Factualidad%3Fp_p_id%3D33%26p_p_lifecycle%3D0%26p_p_state%3Dnormal%26p_p_mode%3Dview%26p_p_col_id%3Dcolumn-1%26p_p_col_count%3D1&amp;fbclid=IwZXh0bgNhZW0CMTAAAR1fV7q_sCndKg4rzjXjtg02NxLk0ybkxQbAf2akYI4osbZUrgervArmr2I_aem_TxxDsdifWo3q8zm5666Qew\"><strong>Uniovi<\/strong> <\/a>\/ <a href=\"https:\/\/sfa.grupos.uniovi.es\/documents\/251554\/1415945\/Atles\/e0203a10-88dd-4534-9cdc-596fdf233af8?t=1737717317863\"><strong>mapa<\/strong> <\/a>\/ <a href=\"https:\/\/www.lavozdeasturias.es\/noticia\/agora\/2025\/01\/24\/universida-duvieu-va-facer-atles-llinguisticu-llingua-asturiana\/00031737723840360377964.htm?fbclid=IwY2xjawIDWrNleHRuA2FlbQIxMQABHXC70sxkzzrqSiMUzTWVxJ1oyZgEfQ-KeabYsZ7SZVZWYu-e7gObvZaVaQ_aem_MlHNJKM_1sGBHOwlXFlw5w\">La Voz<\/a> \/<\/li>\n<\/ul>\n<p class=\"headline mg-b-2\" style=\"text-align: center\"><em>La Universid\u00e1 d&#8217;Uvi\u00e9u va facer un atles lling\u00fc\u00edsticu de la llingua asturiana.<\/em><\/p>\n<div>\n<p style=\"text-align: center\"><a href=\"https:\/\/sfa.grupos.uniovi.es\/documents\/251554\/1415945\/Atles\/e0203a10-88dd-4534-9cdc-596fdf233af8?t=1737717317863\"><img loading=\"lazy\" decoding=\"async\" class=\"aligncenter size-large\" src=\"https:\/\/sfa.grupos.uniovi.es\/documents\/251554\/1415945\/Atles\/e0203a10-88dd-4534-9cdc-596fdf233af8?t=1737717317863\" width=\"1049\" height=\"735\" \/><\/a><em>[Nel mapa vense los territorios peninsulares cubiertos por atles lling\u00fc\u00edsticos, onde s&#8217;aprecia&#8217;l vaciu d&#8217;Asturies]<\/em><\/p>\n<p>El grupu d&#8217;investigaci\u00f3n de la Universid\u00e1 d&#8217;Uvi\u00e9u &#8216;Seminariu de Filolox\u00eda Asturiana&#8217; (SFA) va poner en marcha&#8217;l proyectu &#8216;Atles Lling\u00fc\u00edsticu del Asturianu&#8217; (ALAS), que se va presentar nel Congresu Internacional de Lling\u00fc\u00edstica y Filolox\u00eda Rom\u00e1niques, na ciud\u00e1 italiana de Lecce en xunetu del 2025. <em>Asturies ye, con Murcia, \u00c1lava y interior de Valencia, \u00fan de los pocos territorios peninsulares que nun tien un atles lling\u00fc\u00edsticu qu&#8217;abarque la totalid\u00e1 del so espaciu xeolectal.<\/em><\/p>\n<\/div>\n<div class=\"x78zum5 xdt5ytf xz62fqu x16ldp7u\">\n<div class=\"xu06os2 x1ok221b\">\n<div class=\"html-div xdj266r x11i5rnm xat24cr x1mh8g0r xexx8yu x4uap5 x18d9i69 xkhd6sd\" data-ad-rendering-role=\"profile_name\">\n<ul>\n<li class=\"html-h3 x11i5rnm xat24cr x1mh8g0r xexx8yu x4uap5 x18d9i69 xkhd6sd x1vvkbs x1heor9g x1qlqyl8 x1pd3egz x1a2a7pz x1gslohp x1yc453h\"><span class=\"x1lliihq x6ikm8r x10wlt62 x1n2onr6\"><span class=\"xt0psk2\"><span class=\"xjp7ctv\"><a class=\"x1i10hfl xjbqb8w x1ejq31n xd10rxx x1sy0etr x17r0tee x972fbf xcfux6l x1qhh985 xm0m39n x9f619 x1ypdohk xt0psk2 xe8uvvx xdj266r x11i5rnm xat24cr x1mh8g0r xexx8yu x4uap5 x18d9i69 xkhd6sd x16tdsg8 x1hl2dhg xggy1nq x1a2a7pz x1sur9pj xkrqix3 xzsf02u x1s688f\" role=\"link\" href=\"https:\/\/www.facebook.com\/ramonde.andresdiaz?__cft__[0]=AZUM28lHbu_x_lGtXcs66IoqcpQFa4J6sB2kYunponxWJi7m8H70n8jSeH4B6mVbNRUG-f8eHeDZtnWiwUwsC27SxWW_bZO7JwpmEhL8lMMNVKPZyS5p7AMOp0opgB0_FHVHNE7wbRantFZpoA7DZn_kXbZtx18VO0JE1RPi1z49kyJUm-ILqCuCPBFzBEXB7As&amp;__tn__=-UC%2CP-y-R\" aria-describedby=\":r38n:\"><strong class=\"html-strong xdj266r x11i5rnm xat24cr x1mh8g0r xexx8yu x4uap5 x18d9i69 xkhd6sd x1hl2dhg x16tdsg8 x1vvkbs x1s688f\"><span class=\"html-span xdj266r x11i5rnm xat24cr x1mh8g0r xexx8yu x4uap5 x18d9i69 xkhd6sd x1hl2dhg x16tdsg8 x1vvkbs\">Ram\u00f3n d&#8217;Andr\u00e9s D\u00edaz<\/span><\/strong><\/a><\/span><\/span><\/span><\/li>\n<\/ul>\n<\/div>\n<\/div>\n<\/div>\n<p><!--more--><\/p>\n<div class=\"html-div xdj266r x11i5rnm xat24cr x1mh8g0r xexx8yu x4uap5 x18d9i69 xkhd6sd\" dir=\"auto\">\n<div class=\"html-div xdj266r x11i5rnm xat24cr x1mh8g0r xexx8yu x4uap5 x18d9i69 xkhd6sd\" dir=\"auto\">\n<div class=\"html-div xdj266r x11i5rnm xat24cr x1mh8g0r xexx8yu x4uap5 x18d9i69 xkhd6sd\" data-ad-rendering-role=\"story_message\">\n<div class=\"x1l90r2v x1iorvi4 x1ye3gou xn6708d\" data-ad-comet-preview=\"message\" data-ad-preview=\"message\">\n<div class=\"x78zum5 xdt5ytf xz62fqu x16ldp7u\">\n<div class=\"xu06os2 x1ok221b\">\n<div class=\"xdj266r x11i5rnm xat24cr x1mh8g0r x1vvkbs x126k92a\">\n<div dir=\"auto\" style=\"text-align: center\"><a href=\"https:\/\/img.lavdg.com\/sc\/9zmocEgjENwzDYt_upw9EzYi6I0=\/768x\/2023\/08\/16\/00121692176640018961911\/Foto\/estu.jpg\"><img loading=\"lazy\" decoding=\"async\" class=\"aligncenter size-large\" src=\"https:\/\/img.lavdg.com\/sc\/9zmocEgjENwzDYt_upw9EzYi6I0=\/768x\/2023\/08\/16\/00121692176640018961911\/Foto\/estu.jpg\" width=\"768\" height=\"432\" \/><\/a><\/div>\n<div dir=\"auto\"><\/div>\n<div dir=\"auto\" style=\"text-align: center\"><strong>ANUNCIU DEL \u00abATLES LLING\u00dc\u00cdSTICU DEL ASTURIANU\u00bb (ALAS)<\/strong><\/div>\n<div dir=\"auto\"><\/div>\n<\/div>\n<div class=\"x11i5rnm xat24cr x1mh8g0r x1vvkbs xtlvy1s x126k92a\">\n<div dir=\"auto\">El grupu d\u2019investigaci\u00f3n de la Universid\u00e1 d\u2019Uvi\u00e9u \u00abSeminariu de Filolox\u00eda Asturiana\u00bb (SFA) anuncia p\u00fablicamente\u2019l proyectu \u00abAtles Lling\u00fc\u00edsticu del Asturianu\u00bb (ALAS).<\/div>\n<div dir=\"auto\"><\/div>\n<\/div>\n<div class=\"x11i5rnm xat24cr x1mh8g0r x1vvkbs xtlvy1s x126k92a\">\n<div dir=\"auto\">Asturies ye, xunto con Murcia, \u00c1lava y interior de Valencia, \u00fan de los pocos territorios peninsulares qu\u2019escarez d\u2019un atles lling\u00fc\u00edsticu qu\u2019abarque la totalid\u00e1 del so espaciu xeolectal. Ye preciso enllenar un vaciu que ser\u00e1 una contribuci\u00f3n importante a la lling\u00fc\u00edstica asturiana (asturlleonesa), peninsular y rom\u00e1nica.<\/div>\n<div dir=\"auto\"><\/div>\n<\/div>\n<div class=\"x11i5rnm xat24cr x1mh8g0r x1vvkbs xtlvy1s x126k92a\">\n<div dir=\"auto\">Los investigadores del SFA tienen esperiencia nos atles lling\u00fc\u00edsticos ETLEN, sobre la frontera ente\u2019l gallegoportugu\u00e9s y l\u2019asturlleon\u00e9s n\u2019Asturies, y ELCOA, sobre un tramu de la frontera ente l\u2019asturianu occidental y central.<\/div>\n<div dir=\"auto\"><\/div>\n<\/div>\n<div class=\"x11i5rnm xat24cr x1mh8g0r x1vvkbs xtlvy1s x126k92a\">\n<div dir=\"auto\">Los trabayos d\u2019encuestaci\u00f3n pal ALAS entamaron sobre\u2019l terr\u00e9n va seis meses. Dirix\u00edu por Ram\u00f3n d\u2019Andr\u00e9s, Xulio Viejo y Miguel R. Monteavaro, l\u2019ALAS b\u00e1sase nun cuestionariu d\u2019unos 500 fen\u00f3menos lling\u00fc\u00edsticos (voc\u00e1licos, conson\u00e1nticos, morfosint\u00e1cticos nominales y morfosint\u00e1cticos verbales) y una rede d\u2019encuestaci\u00f3n de 90 llugares del asturlleon\u00e9s d\u2019Asturies.<\/div>\n<div dir=\"auto\"><\/div>\n<\/div>\n<div class=\"x11i5rnm xat24cr x1mh8g0r x1vvkbs xtlvy1s x126k92a\">\n<div dir=\"auto\">Prev\u00e9se la presentaci\u00f3n del ALAS nel Congresu Internacional de Lling\u00fc\u00edstica y Filolox\u00eda Rom\u00e1niques, que se fai na ciud\u00e1 italiana de Lecce en xunetu del 2025.<\/div>\n<div dir=\"auto\"><\/div>\n<\/div>\n<div class=\"x11i5rnm xat24cr x1mh8g0r x1vvkbs xtlvy1s x126k92a\">\n<div dir=\"auto\">A lo llargo de los pr\u00f3ximos meses van dir d\u00e1ndose m\u00e1s detalles t\u00e9cnicos del proyectu.<\/div>\n<\/div>\n<div class=\"x11i5rnm xat24cr x1mh8g0r x1vvkbs xtlvy1s x126k92a\">\n<div dir=\"auto\">[Nel mapa vense los territorios peninsulares cubiertos por atles lling\u00fc\u00edsticos, onde s&#8217;aprecia&#8217;l vaciu d&#8217;Asturies]<\/div>\n<\/div>\n<div class=\"x11i5rnm xat24cr x1mh8g0r x1vvkbs xtlvy1s x126k92a\">\n<div dir=\"auto\">Esta informaci\u00f3n puede lleese tami\u00e9n na web del Seminariu de Filolox\u00eda Asturiana:<\/div>\n<\/div>\n<div class=\"x11i5rnm xat24cr x1mh8g0r x1vvkbs xtlvy1s x126k92a\">\n<div dir=\"auto\"><span class=\"html-span xdj266r x11i5rnm xat24cr x1mh8g0r xexx8yu x4uap5 x18d9i69 xkhd6sd x1hl2dhg x16tdsg8 x1vvkbs\"><a class=\"x1i10hfl xjbqb8w x1ejq31n xd10rxx x1sy0etr x17r0tee x972fbf xcfux6l x1qhh985 xm0m39n x9f619 x1ypdohk xt0psk2 xe8uvvx xdj266r x11i5rnm xat24cr x1mh8g0r xexx8yu x4uap5 x18d9i69 xkhd6sd x16tdsg8 x1hl2dhg xggy1nq x1a2a7pz x1sur9pj xkrqix3 x1fey0fg x1s688f\" role=\"link\" href=\"https:\/\/sfa.grupos.uniovi.es\/actualidad\/-\/blogs\/anunciu-del-%C2%ABatles-llinguisticu-del-asturianu%C2%BB-alas-?_33_redirect=https%3A%2F%2Fsfa.grupos.uniovi.es%2Factualidad%3Fp_p_id%3D33%26p_p_lifecycle%3D0%26p_p_state%3Dnormal%26p_p_mode%3Dview%26p_p_col_id%3Dcolumn-1%26p_p_col_count%3D1&amp;fbclid=IwZXh0bgNhZW0CMTAAAR1fV7q_sCndKg4rzjXjtg02NxLk0ybkxQbAf2akYI4osbZUrgervArmr2I_aem_TxxDsdifWo3q8zm5666Qew\" target=\"_blank\" rel=\"nofollow noopener noreferrer\">https:\/\/sfa.grupos.uniovi.es\/&#8230;\/anunciu-del-%C2%ABatles&#8230;<\/a><\/span><\/div>\n<\/div>\n<\/div>\n<\/div>\n<\/div>\n<\/div>\n<\/div>\n<\/div>\n<div>\n<div>\n<p>&nbsp;<\/p>\n<\/div>\n<\/div>\n<p>&nbsp;<\/p>\n","protected":false},"excerpt":{"rendered":"<p>Fonte: Uniovi \/ mapa \/ La Voz \/ La Universid\u00e1 d&#8217;Uvi\u00e9u va facer un atles lling\u00fc\u00edsticu de la llingua asturiana. [Nel mapa vense los territorios peninsulares cubiertos por atles lling\u00fc\u00edsticos, onde s&#8217;aprecia&#8217;l vaciu d&#8217;Asturies] El grupu d&#8217;investigaci\u00f3n de la Universid\u00e1 d&#8217;Uvi\u00e9u &#8216;Seminariu de Filolox\u00eda Asturiana&#8217; (SFA) va poner en marcha&#8217;l proyectu &#8216;Atles Lling\u00fc\u00edsticu del Asturianu&#8217; [&hellip;]<\/p>\n","protected":false},"author":117,"featured_media":0,"comment_status":"open","ping_status":"open","sticky":false,"template":"","format":"standard","meta":{"footnotes":""},"categories":[31],"tags":[],"class_list":["post-40807","post","type-post","status-publish","format-standard","hentry","category-llingua"],"_links":{"self":[{"href":"https:\/\/edublog.educastur.es\/ixuxu\/wp-json\/wp\/v2\/posts\/40807","targetHints":{"allow":["GET"]}}],"collection":[{"href":"https:\/\/edublog.educastur.es\/ixuxu\/wp-json\/wp\/v2\/posts"}],"about":[{"href":"https:\/\/edublog.educastur.es\/ixuxu\/wp-json\/wp\/v2\/types\/post"}],"author":[{"embeddable":true,"href":"https:\/\/edublog.educastur.es\/ixuxu\/wp-json\/wp\/v2\/users\/117"}],"replies":[{"embeddable":true,"href":"https:\/\/edublog.educastur.es\/ixuxu\/wp-json\/wp\/v2\/comments?post=40807"}],"version-history":[{"count":5,"href":"https:\/\/edublog.educastur.es\/ixuxu\/wp-json\/wp\/v2\/posts\/40807\/revisions"}],"predecessor-version":[{"id":40878,"href":"https:\/\/edublog.educastur.es\/ixuxu\/wp-json\/wp\/v2\/posts\/40807\/revisions\/40878"}],"wp:attachment":[{"href":"https:\/\/edublog.educastur.es\/ixuxu\/wp-json\/wp\/v2\/media?parent=40807"}],"wp:term":[{"taxonomy":"category","embeddable":true,"href":"https:\/\/edublog.educastur.es\/ixuxu\/wp-json\/wp\/v2\/categories?post=40807"},{"taxonomy":"post_tag","embeddable":true,"href":"https:\/\/edublog.educastur.es\/ixuxu\/wp-json\/wp\/v2\/tags?post=40807"}],"curies":[{"name":"wp","href":"https:\/\/api.w.org\/{rel}","templated":true}]}}