{"id":40844,"date":"2025-01-24T09:30:09","date_gmt":"2025-01-24T07:30:09","guid":{"rendered":"https:\/\/edublog.educastur.es\/ixuxu\/?p=40844"},"modified":"2025-01-26T14:36:01","modified_gmt":"2025-01-26T12:36:01","slug":"la-importancia-de-formanos-como-docentes-nel-entendimientu-de-delles-enfermedaes","status":"publish","type":"post","link":"https:\/\/edublog.educastur.es\/ixuxu\/2025\/01\/la-importancia-de-formanos-como-docentes-nel-entendimientu-de-delles-enfermedaes\/","title":{"rendered":"La importancia de formanos como docentes nel entendimientu de delles enfermedaes"},"content":{"rendered":"<p style=\"text-align: center\">\n<!-- iframe plugin v.6.0 wordpress.org\/plugins\/iframe\/ -->\n<iframe loading=\"lazy\" src=\"https:\/\/www.instagram.com\/reel\/DFOEScquYg2\/embed\" width=\"640\" height=\"640\" 0=\"\/iframe\" scrolling=\"yes\" class=\"iframe-class\" frameborder=\"0\"><\/iframe>\n<\/p>\n<div class=\"_aasi\">\n<div class=\"x9f619 xjbqb8w x78zum5 x168nmei x13lgxp2 x5pf9jr xo71vjh x1n2onr6 x1plvlek xryxfnj x1c4vz4f x2lah0s x1q0g3np xqjyukv x6s0dn4 x1oa3qoh x1qughib\">\n<header class=\"_aaqw\">\n<div class=\"_aaqy _aaqz\">\n<div class=\"_aar0 _ad95 _aar1\">\n<div class=\"x78zum5\">\n<div class=\"_aaqt\">\n<div class=\"x9f619 xjbqb8w x78zum5 x168nmei x13lgxp2 x5pf9jr xo71vjh x1n2onr6 x1plvlek xryxfnj x1c4vz4f x2lah0s x1q0g3np xqjyukv x6s0dn4 x1oa3qoh x1nhvcw1\">\n<ul>\n<li><a class=\"x1i10hfl xjbqb8w x1ejq31n xd10rxx x1sy0etr x17r0tee x972fbf xcfux6l x1qhh985 xm0m39n x9f619 x1ypdohk xt0psk2 xe8uvvx xdj266r x11i5rnm xat24cr x1mh8g0r xexx8yu x4uap5 x18d9i69 xkhd6sd x16tdsg8 x1hl2dhg xggy1nq x1a2a7pz _acan _acao _acat _acaw _aj1- _ap30 _a6hd\" role=\"link\" href=\"https:\/\/www.instagram.com\/asociaciongalban\/\">asociaciongalban<\/a>\/ <a class=\"x1i10hfl xjbqb8w x1ejq31n xd10rxx x1sy0etr x17r0tee x972fbf xcfux6l x1qhh985 xm0m39n x9f619 x1ypdohk xt0psk2 xe8uvvx xdj266r x11i5rnm xat24cr x1mh8g0r xexx8yu x4uap5 x18d9i69 xkhd6sd x16tdsg8 x1hl2dhg xggy1nq x1a2a7pz notranslate _a6hd\" role=\"link\" href=\"https:\/\/www.instagram.com\/familiascancerinfantil\/\">familiascancerinfantil<\/a><\/li>\n<\/ul>\n<\/div>\n<\/div>\n<\/div>\n<\/div>\n<\/div>\n<\/header>\n<\/div>\n<\/div>\n<div class=\"x78zum5 xdt5ytf x1q2y9iw x1n2onr6 xh8yej3 x9f619 x1iyjqo2 x18l3tf1 x26u7qi xy80clv xexx8yu x4uap5 x18d9i69 xkhd6sd\">\n<div class=\"x78zum5 xdt5ytf x1iyjqo2 xs83m0k x2lwn1j x1odjw0f x1n2onr6 x9ek82g x6ikm8r xdj266r x11i5rnm x4ii5y1 x1mh8g0r xexx8yu x1pi30zi x18d9i69 x1swvt13\">\n<div class=\"x1qjc9v5 x972fbf xcfux6l x1qhh985 xm0m39n x9f619 x78zum5 xdt5ytf x2lah0s xk390pu xdj266r x11i5rnm xat24cr x1mh8g0r xexx8yu x4uap5 x18d9i69 xkhd6sd x1n2onr6 xggy1nq x11njtxf\" role=\"button\">\n<div class=\"_a9zm\">\n<div class=\"_a9zn _a9zo\">\n<div class=\"_a9zr\">\n<p>Nel 2019, l&#8217;Asamblea de Naciones Xun\u00edes al pie de la UNESCO, declararon el 24 de xineru como&#8217;l <strong><span style=\"color: #008080\">d\u00eda internacional de la educaci\u00f3n.<\/span><\/strong> La consecuci\u00f3n d&#8217;esti derechu fundamental, ta recoy\u00edu nel principiu 27 de la declaraci\u00f3n de los derechos humanos, na Declaraci\u00f3n de los derechos de la infancia de 1989 y, m\u00e1s apocay\u00e1, nos ODS 4 y 5.<\/p>\n<p>La Federaci\u00f3n de <a href=\"https:\/\/www.instagram.com\/familiascancerinfantil\/\">Families de Ne\u00f1os con C\u00e1ncer(@familiascancerinfantil)<\/a>, reconoz dende la so Comisi\u00f3n d&#8217;educaci\u00f3n,<strong> la importancia de formar a profesionales d&#8217;aules hospitalaries y docentes nel entendimientu de la enfermed\u00e1, el tratamientu y lo que trai nel procesu educativu del alumn\u00e1u con c\u00e1ncer<\/strong>. Ye, \u00e9sta, la \u00fanica forma de garantizar el derechu esencial a la educaci\u00f3n dende la iguald\u00e1 d&#8217;oportunidaes. Dende&#8217;l nuesu programa educativu y col sofitu d&#8217;una comprometida rede de voluntari\u00e1u, acompa\u00f1amos el regresu paulat\u00edn a la escuela de ne\u00f1os, ne\u00f1es y nueves con c\u00e1ncer.<\/p>\n<p>&nbsp;<\/p>\n<\/div>\n<\/div>\n<\/div>\n<\/div>\n<\/div>\n<\/div>\n<p>&nbsp;<\/p>\n","protected":false},"excerpt":{"rendered":"<p>asociaciongalban\/ familiascancerinfantil Nel 2019, l&#8217;Asamblea de Naciones Xun\u00edes al pie de la UNESCO, declararon el 24 de xineru como&#8217;l d\u00eda internacional de la educaci\u00f3n. La consecuci\u00f3n d&#8217;esti derechu fundamental, ta recoy\u00edu nel principiu 27 de la declaraci\u00f3n de los derechos humanos, na Declaraci\u00f3n de los derechos de la infancia de 1989 y, m\u00e1s apocay\u00e1, nos [&hellip;]<\/p>\n","protected":false},"author":117,"featured_media":0,"comment_status":"open","ping_status":"open","sticky":false,"template":"","format":"standard","meta":{"footnotes":""},"categories":[48],"tags":[],"class_list":["post-40844","post","type-post","status-publish","format-standard","hentry","category-salu"],"_links":{"self":[{"href":"https:\/\/edublog.educastur.es\/ixuxu\/wp-json\/wp\/v2\/posts\/40844","targetHints":{"allow":["GET"]}}],"collection":[{"href":"https:\/\/edublog.educastur.es\/ixuxu\/wp-json\/wp\/v2\/posts"}],"about":[{"href":"https:\/\/edublog.educastur.es\/ixuxu\/wp-json\/wp\/v2\/types\/post"}],"author":[{"embeddable":true,"href":"https:\/\/edublog.educastur.es\/ixuxu\/wp-json\/wp\/v2\/users\/117"}],"replies":[{"embeddable":true,"href":"https:\/\/edublog.educastur.es\/ixuxu\/wp-json\/wp\/v2\/comments?post=40844"}],"version-history":[{"count":5,"href":"https:\/\/edublog.educastur.es\/ixuxu\/wp-json\/wp\/v2\/posts\/40844\/revisions"}],"predecessor-version":[{"id":40851,"href":"https:\/\/edublog.educastur.es\/ixuxu\/wp-json\/wp\/v2\/posts\/40844\/revisions\/40851"}],"wp:attachment":[{"href":"https:\/\/edublog.educastur.es\/ixuxu\/wp-json\/wp\/v2\/media?parent=40844"}],"wp:term":[{"taxonomy":"category","embeddable":true,"href":"https:\/\/edublog.educastur.es\/ixuxu\/wp-json\/wp\/v2\/categories?post=40844"},{"taxonomy":"post_tag","embeddable":true,"href":"https:\/\/edublog.educastur.es\/ixuxu\/wp-json\/wp\/v2\/tags?post=40844"}],"curies":[{"name":"wp","href":"https:\/\/api.w.org\/{rel}","templated":true}]}}