{"id":40903,"date":"2025-01-26T09:30:37","date_gmt":"2025-01-26T07:30:37","guid":{"rendered":"https:\/\/edublog.educastur.es\/ixuxu\/?p=40903"},"modified":"2025-01-26T21:09:34","modified_gmt":"2025-01-26T19:09:34","slug":"dia-inyternacional-del-raposu","status":"publish","type":"post","link":"https:\/\/edublog.educastur.es\/ixuxu\/2025\/01\/dia-inyternacional-del-raposu\/","title":{"rendered":"D\u00eda Internacional del raposu o fo\u00edn"},"content":{"rendered":"<div class=\"html-div xdj266r xat24cr x1mh8g0r xexx8yu x4uap5 x18d9i69 xkhd6sd x78zum5 x2lah0s xqtp20y x1emribx\">\n<div class=\"xc9qbxq x1td3qas x6s0dn4 x78zum5 xl56j7k\">\n<div class=\"\" style=\"text-align: center\">\n<!-- iframe plugin v.6.0 wordpress.org\/plugins\/iframe\/ -->\n<iframe loading=\"lazy\" src=\"https:\/\/www.instagram.com\/reel\/C2kzcwUPaEn\/embed\" width=\"420\" height=\"680\" 0=\"\/iframe\" scrolling=\"yes\" class=\"iframe-class\" frameborder=\"0\"><\/iframe>\n<\/div>\n<\/div>\n<\/div>\n<div class=\"x78zum5 xdt5ytf xz62fqu x16ldp7u\">\n<div class=\"xu06os2 x1ok221b\">\n<div class=\"html-div xdj266r x11i5rnm xat24cr x1mh8g0r xexx8yu x4uap5 x18d9i69 xkhd6sd\" data-ad-rendering-role=\"profile_name\">\n<ul>\n<li class=\"html-h3 x11i5rnm xat24cr x1mh8g0r xexx8yu x4uap5 x18d9i69 xkhd6sd x1vvkbs x1heor9g x1qlqyl8 x1pd3egz x1a2a7pz x1gslohp x1yc453h\"><span class=\"x1lliihq x6ikm8r x10wlt62 x1n2onr6\"><span class=\"xt0psk2\"><span class=\"xjp7ctv\"><a class=\"x1i10hfl xjbqb8w x1ejq31n xd10rxx x1sy0etr x17r0tee x972fbf xcfux6l x1qhh985 xm0m39n x9f619 x1ypdohk xt0psk2 xe8uvvx xdj266r x11i5rnm xat24cr x1mh8g0r xexx8yu x4uap5 x18d9i69 xkhd6sd x16tdsg8 x1hl2dhg xggy1nq x1a2a7pz x1sur9pj xkrqix3 xzsf02u x1s688f\" role=\"link\" href=\"https:\/\/www.facebook.com\/profile.php?id=100057216888749&amp;__cft__[0]=AZUJFNSew2KjskOJ3pF6LfsXjy05l3Wp32uewZFtJrPBI83eQt702-rjjk8ZDvOk_uRUfGI7AWnxLWSmr927RzNCZT45OiTXBTlaBxziyxCV4dOOMM9llYgCq_7gIFMbhp0VtGP0-sNGgjucaXyhecTYHItPAobCxCrbpWr2i81gZ3z-rG04Zvqa5VCCv9zpClw7MLdQgwiwvrpEVAQ8VGEwF3_HDwhEMQIZ1ASkyhTBQQ&amp;__tn__=-UC%2CP-y-R\" aria-describedby=\":r8o:\"><strong class=\"html-strong xdj266r x11i5rnm xat24cr x1mh8g0r xexx8yu x4uap5 x18d9i69 xkhd6sd x1hl2dhg x16tdsg8 x1vvkbs x1s688f\"><span class=\"html-span xdj266r x11i5rnm xat24cr x1mh8g0r xexx8yu x4uap5 x18d9i69 xkhd6sd x1hl2dhg x16tdsg8 x1vvkbs\">Ximo Albors Foto&amp;Natura<\/span><\/strong><\/a><\/span><\/span><\/span>\/<a href=\"https:\/\/www.facebook.com\/100057216888749\/videos\/1132299675063732\"> videu<\/a> \/<\/li>\n<\/ul>\n<\/div>\n<p style=\"text-align: center\">\n<!-- iframe plugin v.6.0 wordpress.org\/plugins\/iframe\/ -->\n<iframe loading=\"lazy\" src=\"https:\/\/www.facebook.com\/plugins\/video.php?height=314&#038;href=https%3A%2F%2Fwww.facebook.com%2F100057216888749%2Fvideos%2F1132299675063732%2F&#038;show_text=false&#038;width=560&#038;t=0\" width=\"560\" height=\"314\" style=\"border:none;overflow:hidden\" scrolling=\"no\" frameborder=\"0\" allowfullscreen=\"true\" allow=\"autoplay; clipboard-write; encrypted-media; picture-in-picture; web-share\" 0=\"\/iframe\" class=\"iframe-class\"><\/iframe>\n<\/p>\n<p>El 26 de xineru celebra&#8217;l <span style=\"color: #008080\"><strong>D\u00eda Mundial del Fo\u00edn\/raposu<\/strong><\/span> y nun ye una fecha casual; ye una fecha especialmente dif\u00edcil, y\u00e1 qu&#8217;am\u00e1s de la temporada de caza xeneral, cel\u00e9brense los campeonatos de caza nos que munchos d&#8217;ellos son escorr\u00edos y despedazados nes sos propies llurigues.<\/p>\n<p><!--more--><\/p>\n<p><strong>El fo\u00edn ye ensin dulda , unu de los animales m\u00e1s escorr\u00edos , masacraos y odiaos en casi tol mundu<\/strong>. C\u00e1zase-y de toles formes posibles y mientres casi tolos d\u00edes del a\u00f1u. Consider\u00e1u una alima\u00f1a a esterminar especialmente na redolada rural , cre\u00f3se en redol a \u00e9l un imaxinariu nel que siempres sale mal par\u00e1u. Lladr\u00f3n, puerco, lla\u00edn, portador d&#8217;enfermedaes y de mala suerte , rellacion\u00e1u col dia\u00f1u,la palabra castellana actual \u00abrapiega\u00bbprovien del antiguu vocablu portugu\u00e9s \u00abfo\u00edn\u00bb que significa folgazaniar.<\/p>\n<p>L&#8217;oxetivu d&#8217;esti d\u00eda ye visibilizar a esti maraviyosu animal, pieza imprescindible nel ecosistema, seg\u00fan sensibilizar , concenciar y llamar l&#8217;atenci\u00f3n sobro la masacre a la que son somet\u00edos.<\/p>\n<p style=\"text-align: center\">\n<!-- iframe plugin v.6.0 wordpress.org\/plugins\/iframe\/ -->\n<iframe loading=\"lazy\" src=\"https:\/\/www.facebook.com\/plugins\/post.php?href=https%3A%2F%2Fwww.facebook.com%2FPlataformaNac%2Fposts%2Fpfbid0uTmTj4RgDYHURfYGpqCFoaTECTiVgt1CafFGBkDj2WUgGXdv34fbwUt2GXpPeWT1l&#038;show_text=false&#038;width=500\" width=\"500\" height=\"498\" style=\"border:none;overflow:hidden\" scrolling=\"no\" frameborder=\"0\" allowfullscreen=\"true\" allow=\"autoplay; clipboard-write; encrypted-media; picture-in-picture; web-share\" 0=\"\/iframe\" class=\"iframe-class\"><\/iframe>\n<\/p>\n<\/div>\n<div class=\"xu06os2 x1ok221b\"><\/div>\n<\/div>\n<p>&nbsp;<\/p>\n<div class=\"html-div xdj266r x11i5rnm xat24cr x1mh8g0r xexx8yu x4uap5 x18d9i69 xkhd6sd\" dir=\"auto\">\n<div class=\"html-div xdj266r x11i5rnm xat24cr x1mh8g0r xexx8yu x4uap5 x18d9i69 xkhd6sd\" dir=\"auto\">\n<div class=\"html-div xdj266r x11i5rnm xat24cr x1mh8g0r xexx8yu x4uap5 x18d9i69 xkhd6sd\" data-ad-rendering-role=\"story_message\">\n<div class=\"x1l90r2v x1iorvi4 x1ye3gou xn6708d\" data-ad-comet-preview=\"message\" data-ad-preview=\"message\">\n<div class=\"x78zum5 xdt5ytf xz62fqu x16ldp7u\">\n<div class=\"xu06os2 x1ok221b\">\n<div class=\"xdj266r x11i5rnm xat24cr x1mh8g0r x1vvkbs x126k92a\">\n<div dir=\"auto\"><\/div>\n<\/div>\n<\/div>\n<\/div>\n<\/div>\n<\/div>\n<\/div>\n<\/div>\n","protected":false},"excerpt":{"rendered":"<p>Ximo Albors Foto&amp;Natura\/ videu \/ El 26 de xineru celebra&#8217;l D\u00eda Mundial del Fo\u00edn\/raposu y nun ye una fecha casual; ye una fecha especialmente dif\u00edcil, y\u00e1 qu&#8217;am\u00e1s de la temporada de caza xeneral, cel\u00e9brense los campeonatos de caza nos que munchos d&#8217;ellos son escorr\u00edos y despedazados nes sos propies llurigues.<\/p>\n","protected":false},"author":117,"featured_media":0,"comment_status":"open","ping_status":"open","sticky":false,"template":"","format":"standard","meta":{"footnotes":""},"categories":[6],"tags":[],"class_list":["post-40903","post","type-post","status-publish","format-standard","hentry","category-dia-de"],"_links":{"self":[{"href":"https:\/\/edublog.educastur.es\/ixuxu\/wp-json\/wp\/v2\/posts\/40903","targetHints":{"allow":["GET"]}}],"collection":[{"href":"https:\/\/edublog.educastur.es\/ixuxu\/wp-json\/wp\/v2\/posts"}],"about":[{"href":"https:\/\/edublog.educastur.es\/ixuxu\/wp-json\/wp\/v2\/types\/post"}],"author":[{"embeddable":true,"href":"https:\/\/edublog.educastur.es\/ixuxu\/wp-json\/wp\/v2\/users\/117"}],"replies":[{"embeddable":true,"href":"https:\/\/edublog.educastur.es\/ixuxu\/wp-json\/wp\/v2\/comments?post=40903"}],"version-history":[{"count":7,"href":"https:\/\/edublog.educastur.es\/ixuxu\/wp-json\/wp\/v2\/posts\/40903\/revisions"}],"predecessor-version":[{"id":40913,"href":"https:\/\/edublog.educastur.es\/ixuxu\/wp-json\/wp\/v2\/posts\/40903\/revisions\/40913"}],"wp:attachment":[{"href":"https:\/\/edublog.educastur.es\/ixuxu\/wp-json\/wp\/v2\/media?parent=40903"}],"wp:term":[{"taxonomy":"category","embeddable":true,"href":"https:\/\/edublog.educastur.es\/ixuxu\/wp-json\/wp\/v2\/categories?post=40903"},{"taxonomy":"post_tag","embeddable":true,"href":"https:\/\/edublog.educastur.es\/ixuxu\/wp-json\/wp\/v2\/tags?post=40903"}],"curies":[{"name":"wp","href":"https:\/\/api.w.org\/{rel}","templated":true}]}}