{"id":40920,"date":"2025-01-27T08:32:22","date_gmt":"2025-01-27T06:32:22","guid":{"rendered":"https:\/\/edublog.educastur.es\/ixuxu\/?p=40920"},"modified":"2025-01-27T11:06:22","modified_gmt":"2025-01-27T09:06:22","slug":"el-tiempu-nasturies-el-comercio","status":"publish","type":"post","link":"https:\/\/edublog.educastur.es\/ixuxu\/2025\/01\/el-tiempu-nasturies-el-comercio\/","title":{"rendered":"El tiempu n&#8217;Asturies (El Comercio)"},"content":{"rendered":"<p style=\"text-align: left\"><span style=\"color: #008080\"><a style=\"color: #008080\" href=\"https:\/\/s2.ppllstatics.com\/elcomercio\/www\/multimedia\/2025\/01\/26\/prevision-tiempo-asturias.jpg\"><img loading=\"lazy\" decoding=\"async\" class=\"aligncenter size-large\" src=\"https:\/\/s2.ppllstatics.com\/elcomercio\/www\/multimedia\/2025\/01\/26\/prevision-tiempo-asturias.jpg\" width=\"982\" height=\"445\" \/><\/a><em>Los vientos dientro de la rex\u00f3n van soplar de suroeste con raches moderaes y puntualmente pudiendo ser fuertes sobremanera en zones altes del cordal, y na mari\u00f1a. <\/em><em>Prevense cielos nublos con delles escamplaes espor\u00e1diques a lo llargo del d\u00eda. Los bastios van concentrase especialmente nel suroeste y nel occidente de la rex\u00f3n. La cota de nieve va baxar a lo llargo del d\u00eda hasta los 900 o 1000 metros d&#8217;altor. Les temperatures van baxar nel casu de les m\u00e1ximes en tola rex\u00f3n salvu nel cordal.<\/em><\/span><\/p>\n<p><strong>El 112 Asturies emiti\u00f3 una serie de conseyos<\/strong> para prevenir les consecuencies del fuerte vientu qu&#8217;alz\u00f3 l<strong><span style=\"color: #ff6600\">&#8216;alerta meteorol\u00f3xico a color naranxa<\/span><\/strong>: caltener zarraes puertes y ventanes, retirar tolos oxetivos que puedan cayer a la cai, allo\u00f1ase de cornises, murios y \u00e1rboles; evitar xubir a llugares de monte o zones espuestes al vientu; y estremar los precuros na carretera. <a href=\"https:\/\/www.tiempoyradar.es\/radar-meteorologico?center=37.5,-8.4&amp;zoom=4.88&amp;layer=gr\"><em><strong>RADAR<\/strong><\/em><\/a><\/p>\n","protected":false},"excerpt":{"rendered":"<p>Los vientos dientro de la rex\u00f3n van soplar de suroeste con raches moderaes y puntualmente pudiendo ser fuertes sobremanera en zones altes del cordal, y na mari\u00f1a. Prevense cielos nublos con delles escamplaes espor\u00e1diques a lo llargo del d\u00eda. Los bastios van concentrase especialmente nel suroeste y nel occidente de la rex\u00f3n. La cota de [&hellip;]<\/p>\n","protected":false},"author":117,"featured_media":0,"comment_status":"open","ping_status":"open","sticky":false,"template":"","format":"standard","meta":{"footnotes":""},"categories":[5],"tags":[],"class_list":["post-40920","post","type-post","status-publish","format-standard","hentry","category-tiempu"],"_links":{"self":[{"href":"https:\/\/edublog.educastur.es\/ixuxu\/wp-json\/wp\/v2\/posts\/40920","targetHints":{"allow":["GET"]}}],"collection":[{"href":"https:\/\/edublog.educastur.es\/ixuxu\/wp-json\/wp\/v2\/posts"}],"about":[{"href":"https:\/\/edublog.educastur.es\/ixuxu\/wp-json\/wp\/v2\/types\/post"}],"author":[{"embeddable":true,"href":"https:\/\/edublog.educastur.es\/ixuxu\/wp-json\/wp\/v2\/users\/117"}],"replies":[{"embeddable":true,"href":"https:\/\/edublog.educastur.es\/ixuxu\/wp-json\/wp\/v2\/comments?post=40920"}],"version-history":[{"count":6,"href":"https:\/\/edublog.educastur.es\/ixuxu\/wp-json\/wp\/v2\/posts\/40920\/revisions"}],"predecessor-version":[{"id":40931,"href":"https:\/\/edublog.educastur.es\/ixuxu\/wp-json\/wp\/v2\/posts\/40920\/revisions\/40931"}],"wp:attachment":[{"href":"https:\/\/edublog.educastur.es\/ixuxu\/wp-json\/wp\/v2\/media?parent=40920"}],"wp:term":[{"taxonomy":"category","embeddable":true,"href":"https:\/\/edublog.educastur.es\/ixuxu\/wp-json\/wp\/v2\/categories?post=40920"},{"taxonomy":"post_tag","embeddable":true,"href":"https:\/\/edublog.educastur.es\/ixuxu\/wp-json\/wp\/v2\/tags?post=40920"}],"curies":[{"name":"wp","href":"https:\/\/api.w.org\/{rel}","templated":true}]}}