{"id":40949,"date":"2025-01-27T12:57:33","date_gmt":"2025-01-27T10:57:33","guid":{"rendered":"https:\/\/edublog.educastur.es\/ixuxu\/?p=40949"},"modified":"2025-01-27T13:07:17","modified_gmt":"2025-01-27T11:07:17","slug":"luniversu-friki-crez-nuvieu","status":"publish","type":"post","link":"https:\/\/edublog.educastur.es\/ixuxu\/2025\/01\/luniversu-friki-crez-nuvieu\/","title":{"rendered":"L&#8217;universu friki crez n&#8217;Uvi\u00e9u"},"content":{"rendered":"<p style=\"text-align: center\"><a href=\"https:\/\/img.lavdg.com\/sc\/0sziZcwQIQOLfsXt5TQhwSjDCW4=\/768x\/2025\/01\/23\/00121737633685535605843\/Foto\/3.jpg\"><img loading=\"lazy\" decoding=\"async\" class=\"aligncenter size-large\" src=\"https:\/\/img.lavdg.com\/sc\/0sziZcwQIQOLfsXt5TQhwSjDCW4=\/768x\/2025\/01\/23\/00121737633685535605843\/Foto\/3.jpg\" width=\"768\" height=\"432\" \/><\/a><\/p>\n<p>L&#8217;universu friki crez n&#8217;Uvi\u00e9u: abre una tienda con m\u00e1s de 1.000 funkos na ciud\u00e1. <strong>Esta nueva tienda va tar asitiada nel n\u00famberu 4 de la cai Mendizabal y va ser el primer negociu d&#8217;estes caracter\u00edstiques na capital asturiana<\/strong>.<\/p>\n<ul>\n<li>Fonte:<a href=\"https:\/\/www.lavozdeasturias.es\/noticia\/oviedo\/voz-oviedo\/2025\/01\/24\/universo-friki-crece-oviedo-abre-tienda-1000-funkos-ciudad\/00031737705559594498531.htm\"> La Voz<\/a> \/<\/li>\n<\/ul>\n<p><!--more--><\/p>\n<p>Les estanter\u00edes del nuevu local van tar llenes de les figures m\u00e1s acobiciaes y ediciones llindaes que cualesquier coleccionista y amigu de la cultura pop contemporanea sua\u00f1a con tener 24.<\/p>\n<p>La palabra friki util\u00edzase coloquialmente para referise a aquelles persones que, en cierta manera, t\u00e1n encegolaes por una tema en concretu. Suelen, polo xeneral, tener un inter\u00e9s escoman\u00e1u y una amplia conocencia sobro la cultura popular, que toma dende los c\u00f3mics hasta los videoxuegos, incluyida la ciencia ficci\u00f3n o la fantas\u00eda. P&#8217;alimentar ent\u00e1 m\u00e1s si cabo la so pasi\u00f3n, los fan\u00e1ticos suelen allegar a tiendes onde l&#8217;anime, les figures de colecci\u00f3n, los xuegos de rol o&#8217;l merchandising de series y pel\u00edcules atropen tol protagonismu.<\/p>\n<p>N&#8217;Uvi\u00e9u esiste dalg\u00fan qu&#8217;otru comerciu d&#8217;estes caracter\u00edstiques. Sicas\u00ed, nun ye hasta g\u00fcei vienres cuando unu de los mayores sua\u00f1os de too friki fadr\u00e1 realid\u00e1. Una tienda dedicada \u00fanica y puramente a los funkos va abrir esti 24 de xineru, a les 11.00 hores, les sos puertes na ciud\u00e1. Va Ser por tantu&#8217;l nuevu para\u00edsu de los amantes de la cultura geek, una y bones les estanter\u00edes d&#8217;esti local van tar apinaes de figures coleccionables con cabeces grandes y detalles adorables que representen personaxes de pel\u00edcules, series, videoxuegos, c\u00f3mics y m\u00e1s.<\/p>\n<p>\u00abVa Haber miles de funkos porque tenemos un mont\u00f3n de referencies distintes\u00bb, asegura&#8217;l propietariu de la tienda, Rub\u00e9n S\u00e1nchez. \u00abVa haber un cat\u00e1logu bien ampliu de too l&#8217;universu Funko POP. Dende personaxes de cine y videoxuegos a figures de deportistes, cantantes&#8230;\u00bb, precisa&#8217;l tami\u00e9n responsable del comerciu ambient\u00e1u nel m\u00e1xicu mundu de Harry Potter y que lleva por nome <strong>Callej\u00f3n Uvi\u00e9u.<\/strong><\/p>\n<p><strong>Esta nueva tienda va tar asitiada nel n\u00famberu 4 de la cai Mendizabal y va ser el primer negociu d&#8217;estes caracter\u00edstiques na capital asturiana<\/strong>. \u00abLos veceros d&#8217;Uvi\u00e9u cisc\u00e1bennos enforma una tienda asina porque na ciud\u00e1 apenes hai sitios onde mercar funkos\u00bb, se\u00f1ala&#8217;l catal\u00e1n que ye especialista en vender productos del universu J.K. Rowling. Ye am\u00e1s la primer tienda dedicada puramente a los funkos de la cadena REINO de xuguetes. La compa\u00f1\u00eda nun cunta con neng\u00fan otru negociu similar en tol territoriu nacional.<\/p>\n<p style=\"text-align: center\"><a href=\"https:\/\/img.lavdg.com\/sc\/Wd3mUgUIhw31YJ30ffXcY00EgsI=\/768x\/2025\/01\/23\/00121737633672800506257\/Foto\/2.jpg\"><img loading=\"lazy\" decoding=\"async\" class=\"aligncenter size-large\" src=\"https:\/\/img.lavdg.com\/sc\/Wd3mUgUIhw31YJ30ffXcY00EgsI=\/768x\/2025\/01\/23\/00121737633672800506257\/Foto\/2.jpg\" width=\"768\" height=\"432\" \/><\/a><\/p>\n","protected":false},"excerpt":{"rendered":"<p>L&#8217;universu friki crez n&#8217;Uvi\u00e9u: abre una tienda con m\u00e1s de 1.000 funkos na ciud\u00e1. Esta nueva tienda va tar asitiada nel n\u00famberu 4 de la cai Mendizabal y va ser el primer negociu d&#8217;estes caracter\u00edstiques na capital asturiana. Fonte: La Voz \/<\/p>\n","protected":false},"author":117,"featured_media":0,"comment_status":"open","ping_status":"open","sticky":false,"template":"","format":"standard","meta":{"footnotes":""},"categories":[119],"tags":[],"class_list":["post-40949","post","type-post","status-publish","format-standard","hentry","category-empreses"],"_links":{"self":[{"href":"https:\/\/edublog.educastur.es\/ixuxu\/wp-json\/wp\/v2\/posts\/40949","targetHints":{"allow":["GET"]}}],"collection":[{"href":"https:\/\/edublog.educastur.es\/ixuxu\/wp-json\/wp\/v2\/posts"}],"about":[{"href":"https:\/\/edublog.educastur.es\/ixuxu\/wp-json\/wp\/v2\/types\/post"}],"author":[{"embeddable":true,"href":"https:\/\/edublog.educastur.es\/ixuxu\/wp-json\/wp\/v2\/users\/117"}],"replies":[{"embeddable":true,"href":"https:\/\/edublog.educastur.es\/ixuxu\/wp-json\/wp\/v2\/comments?post=40949"}],"version-history":[{"count":4,"href":"https:\/\/edublog.educastur.es\/ixuxu\/wp-json\/wp\/v2\/posts\/40949\/revisions"}],"predecessor-version":[{"id":40953,"href":"https:\/\/edublog.educastur.es\/ixuxu\/wp-json\/wp\/v2\/posts\/40949\/revisions\/40953"}],"wp:attachment":[{"href":"https:\/\/edublog.educastur.es\/ixuxu\/wp-json\/wp\/v2\/media?parent=40949"}],"wp:term":[{"taxonomy":"category","embeddable":true,"href":"https:\/\/edublog.educastur.es\/ixuxu\/wp-json\/wp\/v2\/categories?post=40949"},{"taxonomy":"post_tag","embeddable":true,"href":"https:\/\/edublog.educastur.es\/ixuxu\/wp-json\/wp\/v2\/tags?post=40949"}],"curies":[{"name":"wp","href":"https:\/\/api.w.org\/{rel}","templated":true}]}}