{"id":40969,"date":"2025-01-28T09:07:49","date_gmt":"2025-01-28T07:07:49","guid":{"rendered":"https:\/\/edublog.educastur.es\/ixuxu\/?p=40969"},"modified":"2025-01-29T09:25:12","modified_gmt":"2025-01-29T07:25:12","slug":"nasturies-vamos-realizar-un-simulacro-demerxencia-del-sistema-es-alert","status":"publish","type":"post","link":"https:\/\/edublog.educastur.es\/ixuxu\/2025\/01\/nasturies-vamos-realizar-un-simulacro-demerxencia-del-sistema-es-alert\/","title":{"rendered":"N&#8217;Asturies vamos realizar un simulacro d&#8217;emerxencia del sistema ES-Alert."},"content":{"rendered":"<p style=\"text-align: center\">\n<!-- iframe plugin v.6.0 wordpress.org\/plugins\/iframe\/ -->\n<iframe loading=\"lazy\" src=\"https:\/\/www.instagram.com\/reel\/DFVC6StAg4m\/embed\" width=\"300\" height=\"600\" 0=\"\/iframe\" scrolling=\"yes\" class=\"iframe-class\" frameborder=\"0\"><\/iframe>\n<\/p>\n<div class=\"_aaqy _aaqz\">\n<div class=\"_aar0 _ad95 _aar1\">\n<div class=\"x78zum5\">\n<div class=\"_aaqt\">\n<div class=\"x9f619 xjbqb8w x78zum5 x168nmei x13lgxp2 x5pf9jr xo71vjh x1n2onr6 x1plvlek xryxfnj x1c4vz4f x2lah0s x1q0g3np xqjyukv x6s0dn4 x1oa3qoh x1nhvcw1\">\n<ul>\n<li aria-describedby=\":r14:\"><a class=\"x1i10hfl xjbqb8w x1ejq31n xd10rxx x1sy0etr x17r0tee x972fbf xcfux6l x1qhh985 xm0m39n x9f619 x1ypdohk xt0psk2 xe8uvvx xdj266r x11i5rnm xat24cr x1mh8g0r xexx8yu x4uap5 x18d9i69 xkhd6sd x16tdsg8 x1hl2dhg xggy1nq x1a2a7pz _acan _acao _acat _acaw _aj1- _ap30 _a6hd\" role=\"link\" href=\"https:\/\/www.instagram.com\/adrianbarbon\/?e=3bbccc8b-93fb-4a67-b86d-ac8e11508ea7&amp;g=5\">adrianbarbon<\/a><\/li>\n<\/ul>\n<\/div>\n<\/div>\n<\/div>\n<\/div>\n<\/div>\n<div class=\"xt0psk2\">\n<p class=\"_ap3a _aaco _aacu _aacx _aad7 _aade\" dir=\"auto\">? <strong>Esti martes, 28 de xineru, a partir de les 10:30 n&#8217;Asturies vamos realizar un simulacro d&#8217;emerxencia del sistema ES-Alert.<\/strong> Comprometi\u00e9ramos a ello y asina lo faemos. Quien atop\u00e9is en dalg\u00fan de los conceyos afectaos vais recibir nos vuesos m\u00f3viles un mensaxe de prueba acompa\u00f1\u00e1u d&#8217;un pit\u00edu.<\/p>\n<p dir=\"auto\">? \u00a1Comparte! Que s&#8217;entere tol mundu.<\/p>\n<p dir=\"auto\"><!--more--><\/p>\n<p>Les \u00e1rees a les que va llegar son les siguientes:<br \/>\n\u2022<strong><span style=\"color: #008080\"> \u00c1rea central y valles mineros:<\/span><\/strong>B<em>almonte, Bimenes, Cabranes, Candamo, Grau, Llangr\u00e9u, Llaviana, Llanera, Mieres, Morc\u00edn, Nava, Nore\u00f1a, Uvi\u00e9u, Proaza, Les Regueres, La Ribera, Riosa, Salas, Samart\u00edn del Rei Aurelio, Santo Adriano, Sariegu, Siero y Yernes y Tameza.<\/em><\/p>\n<p>\u2022<strong><span style=\"color: #008080\"> Cordal y Picos d&#8217;Europa<\/span><\/strong>: <em>Ayer, Amieva, Cabrales, Cangues d&#8217;On\u00eds, Casu, L.lena, On\u00eds, Parres, Pe\u00f1amellera Baxa, Pe\u00f1amellera Alta, Pilo\u00f1a, Ponga, Quir\u00f3s, Sobrescobiu, Somiedu y Teberga.<\/em><\/p>\n<p>&nbsp;<\/p>\n<\/div>\n<p>&nbsp;<\/p>\n<p style=\"text-align: center\"><a href=\"https:\/\/i.pinimg.com\/originals\/f0\/3a\/7b\/f03a7b518fd9d90d1ecfb83b897247c1.jpg\"><img loading=\"lazy\" decoding=\"async\" class=\"aligncenter size-large\" src=\"https:\/\/i.pinimg.com\/originals\/f0\/3a\/7b\/f03a7b518fd9d90d1ecfb83b897247c1.jpg\" width=\"1796\" height=\"835\" \/><\/a><\/p>\n<div class=\"xt0psk2\">\n<p style=\"text-align: center\"><a href=\"http:\/\/edublog.educastur.es\/corredoria3\/files\/2021\/02\/concejos_asturianos_web.jpg\"><img loading=\"lazy\" decoding=\"async\" class=\"aligncenter size-large\" src=\"http:\/\/edublog.educastur.es\/corredoria3\/files\/2021\/02\/concejos_asturianos_web.jpg\" width=\"1752\" height=\"1238\" \/><\/a><\/p>\n<p style=\"text-align: center\"><a href=\"https:\/\/actualidad.asturias.es\/documents\/537115\/2350707\/2025_01_28+Simulacro+de+emergencia+3.jpg\/70b08e7a-d173-a340-91b5-97d44f40ed58?t=1738059159273\"><img loading=\"lazy\" decoding=\"async\" class=\"aligncenter \" src=\"https:\/\/actualidad.asturias.es\/documents\/537115\/2350707\/2025_01_28+Simulacro+de+emergencia+3.jpg\/70b08e7a-d173-a340-91b5-97d44f40ed58?t=1738059159273\" width=\"384\" height=\"831\" \/><\/a><\/p>\n<p style=\"text-align: center\"><em><strong>El Princip\u00e1u remata con \u00e9situ&#8217;l simulacro d&#8217;emerxencia<\/strong> <\/em><br \/>\n<em>cola unviada de mensaxes al 99% de los tel\u00e9fonos m\u00f3viles <\/em><br \/>\n<em>de la poblaci\u00f3n de los conceyos afectaos.<\/em><\/p>\n<p style=\"text-align: center\"><a href=\"https:\/\/actualidad.asturias.es\/documents\/537115\/2350707\/2025_01_28+Simulacro+de+emergencia+6.jpg\/50c21bc6-6a05-f3e8-5294-8adecc0e52e7?t=1738061913131\"><img loading=\"lazy\" decoding=\"async\" class=\"aligncenter size-large\" src=\"https:\/\/actualidad.asturias.es\/documents\/537115\/2350707\/2025_01_28+Simulacro+de+emergencia+6.jpg\/50c21bc6-6a05-f3e8-5294-8adecc0e52e7?t=1738061913131\" width=\"1920\" height=\"1301\" \/><\/a><\/p>\n<p style=\"text-align: center\"><a href=\"https:\/\/actualidad.asturias.es\/documents\/537115\/2350707\/2025_01_28+Simulacro+de+emergencia+8.jpg\/f3b91b9c-453e-4da4-de33-a0b00263af3d?t=1738061913280\"><img loading=\"lazy\" decoding=\"async\" class=\"aligncenter size-large\" src=\"https:\/\/actualidad.asturias.es\/documents\/537115\/2350707\/2025_01_28+Simulacro+de+emergencia+8.jpg\/f3b91b9c-453e-4da4-de33-a0b00263af3d?t=1738061913280\" width=\"1920\" height=\"1280\" \/><\/a><\/p>\n<\/div>\n","protected":false},"excerpt":{"rendered":"<p>adrianbarbon ? Esti martes, 28 de xineru, a partir de les 10:30 n&#8217;Asturies vamos realizar un simulacro d&#8217;emerxencia del sistema ES-Alert. Comprometi\u00e9ramos a ello y asina lo faemos. Quien atop\u00e9is en dalg\u00fan de los conceyos afectaos vais recibir nos vuesos m\u00f3viles un mensaxe de prueba acompa\u00f1\u00e1u d&#8217;un pit\u00edu. ? \u00a1Comparte! Que s&#8217;entere tol mundu.<\/p>\n","protected":false},"author":117,"featured_media":0,"comment_status":"open","ping_status":"open","sticky":false,"template":"","format":"standard","meta":{"footnotes":""},"categories":[417],"tags":[],"class_list":["post-40969","post","type-post","status-publish","format-standard","hentry","category-simulacru"],"_links":{"self":[{"href":"https:\/\/edublog.educastur.es\/ixuxu\/wp-json\/wp\/v2\/posts\/40969","targetHints":{"allow":["GET"]}}],"collection":[{"href":"https:\/\/edublog.educastur.es\/ixuxu\/wp-json\/wp\/v2\/posts"}],"about":[{"href":"https:\/\/edublog.educastur.es\/ixuxu\/wp-json\/wp\/v2\/types\/post"}],"author":[{"embeddable":true,"href":"https:\/\/edublog.educastur.es\/ixuxu\/wp-json\/wp\/v2\/users\/117"}],"replies":[{"embeddable":true,"href":"https:\/\/edublog.educastur.es\/ixuxu\/wp-json\/wp\/v2\/comments?post=40969"}],"version-history":[{"count":11,"href":"https:\/\/edublog.educastur.es\/ixuxu\/wp-json\/wp\/v2\/posts\/40969\/revisions"}],"predecessor-version":[{"id":41015,"href":"https:\/\/edublog.educastur.es\/ixuxu\/wp-json\/wp\/v2\/posts\/40969\/revisions\/41015"}],"wp:attachment":[{"href":"https:\/\/edublog.educastur.es\/ixuxu\/wp-json\/wp\/v2\/media?parent=40969"}],"wp:term":[{"taxonomy":"category","embeddable":true,"href":"https:\/\/edublog.educastur.es\/ixuxu\/wp-json\/wp\/v2\/categories?post=40969"},{"taxonomy":"post_tag","embeddable":true,"href":"https:\/\/edublog.educastur.es\/ixuxu\/wp-json\/wp\/v2\/tags?post=40969"}],"curies":[{"name":"wp","href":"https:\/\/api.w.org\/{rel}","templated":true}]}}