{"id":41011,"date":"2025-01-29T08:19:53","date_gmt":"2025-01-29T06:19:53","guid":{"rendered":"https:\/\/edublog.educastur.es\/ixuxu\/?p=41011"},"modified":"2025-01-29T09:22:29","modified_gmt":"2025-01-29T07:22:29","slug":"estau-del-tiempu-miercoles-29-de-xineru-2025","status":"publish","type":"post","link":"https:\/\/edublog.educastur.es\/ixuxu\/2025\/01\/estau-del-tiempu-miercoles-29-de-xineru-2025\/","title":{"rendered":"Est\u00e1u del tiempu: mi\u00e9rcoles 29 de xineru 2025"},"content":{"rendered":"<div class=\"html-div xdj266r xexx8yu x4uap5 x18d9i69 xkhd6sd x1n2onr6 x1mh8g0r x11i5rnm xod5an3\">\n<div class=\"html-div xdj266r x11i5rnm xat24cr x1mh8g0r xexx8yu x4uap5 x18d9i69 xkhd6sd x6ikm8r x10wlt62\" style=\"text-align: center\"><a href=\"http:\/\/edublog.educastur.es\/ixuxu\/files\/2024\/11\/467747825_894074599540617_1227988172354431857_n.jpg\"><img loading=\"lazy\" decoding=\"async\" class=\"aligncenter  wp-image-36071\" src=\"http:\/\/edublog.educastur.es\/ixuxu\/files\/2024\/11\/467747825_894074599540617_1227988172354431857_n.jpg\" alt=\"\" width=\"306\" height=\"212\" srcset=\"https:\/\/edublog.educastur.es\/ixuxu\/files\/2024\/11\/467747825_894074599540617_1227988172354431857_n.jpg 450w, https:\/\/edublog.educastur.es\/ixuxu\/files\/2024\/11\/467747825_894074599540617_1227988172354431857_n-300x208.jpg 300w, https:\/\/edublog.educastur.es\/ixuxu\/files\/2024\/11\/467747825_894074599540617_1227988172354431857_n-433x300.jpg 433w\" sizes=\"auto, (max-width: 306px) 100vw, 306px\" \/><\/a><\/p>\n<div class=\"html-div xdj266r x11i5rnm xat24cr x1mh8g0r xexx8yu x4uap5 x18d9i69 xkhd6sd\" data-ad-rendering-role=\"profile_name\">\n<h3 class=\"html-h3 x11i5rnm xat24cr x1mh8g0r xexx8yu x4uap5 x18d9i69 xkhd6sd x1vvkbs x1heor9g x1qlqyl8 x1pd3egz x1a2a7pz x1gslohp x1yc453h\" style=\"text-align: center\"><span class=\"x1lliihq x6ikm8r x10wlt62 x1n2onr6\"><span class=\"xt0psk2\"><span class=\"xjp7ctv\"><a class=\"x1i10hfl xjbqb8w x1ejq31n xd10rxx x1sy0etr x17r0tee x972fbf xcfux6l x1qhh985 xm0m39n x9f619 x1ypdohk xt0psk2 xe8uvvx xdj266r x11i5rnm xat24cr x1mh8g0r xexx8yu x4uap5 x18d9i69 xkhd6sd x16tdsg8 x1hl2dhg xggy1nq x1a2a7pz x1sur9pj xkrqix3 xzsf02u x1s688f\" role=\"link\" href=\"https:\/\/www.facebook.com\/eltiempuenasturies?__cft__[0]=AZXNvXLbtqK6Zd8KdcXVkO7heLzPEeDm6yz1iV-HueAK1oddz3iGX_cptsPolxx8YNty-GRAnMWAkWND1qIx8cobjYokL76DYLcEtNHrKuO5OzzAl4Nmw4YdEG89R_YR1k3PE-PDCgkZW3_7Vq6jpFNnY7ZCJ3R5aVnaDT_cAmZECNJewHe_nTfHFxQD_lTusvy9cPtofBw1NOf32ThRyEMCzQuCftOUlerpc85V-r1MZg&amp;__tn__=-UC%2CP-y-R\" aria-describedby=\":rcn:\"><strong class=\"html-strong xdj266r x11i5rnm xat24cr x1mh8g0r xexx8yu x4uap5 x18d9i69 xkhd6sd x1hl2dhg x16tdsg8 x1vvkbs x1s688f\"><span class=\"html-span xdj266r x11i5rnm xat24cr x1mh8g0r xexx8yu x4uap5 x18d9i69 xkhd6sd x1hl2dhg x16tdsg8 x1vvkbs\">El Tiempu n&#8217;Asturies.<\/span><\/strong><\/a><\/span><\/span><\/span><\/h3>\n<\/div>\n<\/div>\n<\/div>\n<div class=\"xu06os2 x1ok221b\"><\/div>\n<div class=\"html-div xdj266r x11i5rnm xat24cr x1mh8g0r xexx8yu x4uap5 x18d9i69 xkhd6sd\" dir=\"auto\">\n<div class=\"html-div xdj266r x11i5rnm xat24cr x1mh8g0r xexx8yu x4uap5 x18d9i69 xkhd6sd\" data-ad-rendering-role=\"story_message\">\n<div class=\"x1l90r2v x1iorvi4 x1ye3gou xn6708d\" data-ad-comet-preview=\"message\" data-ad-preview=\"message\">\n<div class=\"x78zum5 xdt5ytf xz62fqu x16ldp7u\">\n<div class=\"xu06os2 x1ok221b\">\n<div class=\"x11i5rnm xat24cr x1mh8g0r x1vvkbs xtlvy1s x126k92a\">\n<div dir=\"auto\" style=\"text-align: center\"><span style=\"color: #008080;font-size: 24px\"><strong><em>\u00bb Subida de les temperatures<br \/>\nantes del role de vientu\u00bb<\/em><\/strong><\/span><\/div>\n<div dir=\"auto\"><\/div>\n<\/div>\n<div class=\"x11i5rnm xat24cr x1mh8g0r x1vvkbs xtlvy1s x126k92a\">\n<ul>\n<li dir=\"auto\"><strong><span style=\"color: #008080\">Alborecemos<\/span><\/strong> col cielu mui nuboso y dalguna gotera nes zones espuestes al vientu \u00e1brigu con unes temperatures que tan alrodiu de los 10\u00baC, rexistr\u00e1ndose nel puirtu payares -0,5\u00baC.<\/li>\n<\/ul>\n<\/div>\n<div class=\"x11i5rnm xat24cr x1mh8g0r x1vvkbs xtlvy1s x126k92a\">\n<ul>\n<li dir=\"auto\"><strong><span style=\"color: #008080\">G\u00fcei<\/span> <\/strong>vamos tener una primera parte del d\u00eda seliquina, sicas\u00ed l&#8217;aire \u00e1brigu que precede a la borrasca va soplar con fuercia en zones altes ya en puntos del llitoral. El cielu va tar mui nuboso pero con apertura de dellos claros o abancios nes hores centrales del d\u00eda. Al escurecer cuando role l&#8217;aire a componente norte la nubosid\u00e1 va dir n&#8217;aumentu y mos dexar\u00e1 precipitaciones xeneralizaes que sedr\u00e1n mui abondoses al finar el d\u00eda. Les temperatures subir\u00e1n por mor del vientu \u00e1brigu pero una vegada que role baxar\u00e1n moderadamente de nuevu pa dexanos nevaes copioses na cordelera. Na rolada vamos tener vientu racheados mui fuertes y la mar seguir\u00e1 mui brava. Muncho precuru porque esti pr\u00f3simu riscar va xuntase les marees vives m\u00e1s potentes del a\u00f1u, mui mala mar y precipitaciones importantes, coctel perfeutu pa que entre la mar tierra dientru nes zones favoretibles.<\/li>\n<\/ul>\n<p><!--more--><\/p>\n<\/div>\n<div class=\"x11i5rnm xat24cr x1mh8g0r x1vvkbs xtlvy1s x126k92a\">\n<ul>\n<li dir=\"auto\"><strong><span style=\"color: #008080\">Ma\u00f1ana xueves<\/span><\/strong> vamos tener xarabatos frecuentes que sedr\u00e1n m\u00e1s intensos y persistentes en zones de monta\u00f1a, sobre too de la fastera oriental onde nevar\u00e1 copiosamente perriba de los 900-1000m. L&#8217;aire dir\u00e1 amenorgando anque tov\u00eda van quedar raches mui fuertes en zones altes ya en puntos del llitoral con unes temperatures en descensu.<\/li>\n<\/ul>\n<\/div>\n<div class=\"x11i5rnm xat24cr x1mh8g0r x1vvkbs xtlvy1s x126k92a\">\n<ul>\n<li dir=\"auto\"><strong><span style=\"color: #008080\">El vienres<\/span><\/strong> meyorar\u00e1 y veremos el sol con ambiente ivernal y paez que la fin de selmana tendremos dalgo m\u00e1s de nubosid\u00e1 porque va colase una bolsa d&#8217;aire fr\u00edu n&#8217;altor que inestabilizar\u00e1 dalgo l&#8217;atm\u00f3sfera, faciendo que se desendolque dalguna nube pero sin m\u00e1s consecuencies con unes temperatures m\u00ednimes en descensu y xelaes nes zones favoretibles y puertos de monta\u00f1a.<\/li>\n<\/ul>\n<\/div>\n<div class=\"x11i5rnm xat24cr x1mh8g0r x1vvkbs xtlvy1s x126k92a\">\n<ul>\n<li dir=\"auto\"><strong><span style=\"color: #008080\">Pa m\u00e1s alantre<\/span><\/strong> se tan poniendo los modelos meteorol\u00f3xicos interesantes pa los que mos presta&#8217;l fr\u00edu n&#8217;iviernu, podr\u00eda establecese un enllaz d&#8217;altes presiones que mos apurrier\u00e1 vientu continental fr\u00edu pero esto y\u00e1 lu diremos viendo.<\/li>\n<\/ul>\n<\/div>\n<\/div>\n<\/div>\n<\/div>\n<\/div>\n<\/div>\n<p>&nbsp;<\/p>\n","protected":false},"excerpt":{"rendered":"<p>El Tiempu n&#8217;Asturies. \u00bb Subida de les temperatures antes del role de vientu\u00bb Alborecemos col cielu mui nuboso y dalguna gotera nes zones espuestes al vientu \u00e1brigu con unes temperatures que tan alrodiu de los 10\u00baC, rexistr\u00e1ndose nel puirtu payares -0,5\u00baC. G\u00fcei vamos tener una primera parte del d\u00eda seliquina, sicas\u00ed l&#8217;aire \u00e1brigu que precede [&hellip;]<\/p>\n","protected":false},"author":117,"featured_media":0,"comment_status":"open","ping_status":"open","sticky":false,"template":"","format":"standard","meta":{"footnotes":""},"categories":[5],"tags":[],"class_list":["post-41011","post","type-post","status-publish","format-standard","hentry","category-tiempu"],"_links":{"self":[{"href":"https:\/\/edublog.educastur.es\/ixuxu\/wp-json\/wp\/v2\/posts\/41011","targetHints":{"allow":["GET"]}}],"collection":[{"href":"https:\/\/edublog.educastur.es\/ixuxu\/wp-json\/wp\/v2\/posts"}],"about":[{"href":"https:\/\/edublog.educastur.es\/ixuxu\/wp-json\/wp\/v2\/types\/post"}],"author":[{"embeddable":true,"href":"https:\/\/edublog.educastur.es\/ixuxu\/wp-json\/wp\/v2\/users\/117"}],"replies":[{"embeddable":true,"href":"https:\/\/edublog.educastur.es\/ixuxu\/wp-json\/wp\/v2\/comments?post=41011"}],"version-history":[{"count":1,"href":"https:\/\/edublog.educastur.es\/ixuxu\/wp-json\/wp\/v2\/posts\/41011\/revisions"}],"predecessor-version":[{"id":41012,"href":"https:\/\/edublog.educastur.es\/ixuxu\/wp-json\/wp\/v2\/posts\/41011\/revisions\/41012"}],"wp:attachment":[{"href":"https:\/\/edublog.educastur.es\/ixuxu\/wp-json\/wp\/v2\/media?parent=41011"}],"wp:term":[{"taxonomy":"category","embeddable":true,"href":"https:\/\/edublog.educastur.es\/ixuxu\/wp-json\/wp\/v2\/categories?post=41011"},{"taxonomy":"post_tag","embeddable":true,"href":"https:\/\/edublog.educastur.es\/ixuxu\/wp-json\/wp\/v2\/tags?post=41011"}],"curies":[{"name":"wp","href":"https:\/\/api.w.org\/{rel}","templated":true}]}}