{"id":41036,"date":"2025-01-28T18:37:44","date_gmt":"2025-01-28T16:37:44","guid":{"rendered":"https:\/\/edublog.educastur.es\/ixuxu\/?p=41036"},"modified":"2025-01-30T14:21:49","modified_gmt":"2025-01-30T12:21:49","slug":"asturies-celebra-en-madrid-fusion-la-reconocencia-de-la-cultura-sidrera-asturiana","status":"publish","type":"post","link":"https:\/\/edublog.educastur.es\/ixuxu\/2025\/01\/asturies-celebra-en-madrid-fusion-la-reconocencia-de-la-cultura-sidrera-asturiana\/","title":{"rendered":"Asturies ye tradici\u00f3n, cultura, naturaleza y \u00abCocina de paisaxe\u00bb"},"content":{"rendered":"<div class=\"xu06os2 x1ok221b\">\n<div class=\"html-div xdj266r x11i5rnm xat24cr x1mh8g0r xexx8yu x4uap5 x18d9i69 xkhd6sd\" data-ad-rendering-role=\"profile_name\">\n<ul>\n<li id=\":R5aklmimjbsmipapd5aq:\" class=\"html-h3 x11i5rnm xat24cr x1mh8g0r xexx8yu x4uap5 x18d9i69 xkhd6sd x1vvkbs x1heor9g x1qlqyl8 x1pd3egz x1a2a7pz x1gslohp x1yc453h\"><span class=\"xt0psk2\"><span class=\"xjp7ctv\"><a class=\"x1i10hfl xjbqb8w x1ejq31n xd10rxx x1sy0etr x17r0tee x972fbf xcfux6l x1qhh985 xm0m39n x9f619 x1ypdohk xt0psk2 xe8uvvx xdj266r x11i5rnm xat24cr x1mh8g0r xexx8yu x4uap5 x18d9i69 xkhd6sd x16tdsg8 x1hl2dhg xggy1nq x1a2a7pz x1sur9pj xkrqix3 xzsf02u x1s688f\" role=\"link\" href=\"https:\/\/www.facebook.com\/tamosxasturies?__cft__[0]=AZVSjzm6y0YECQnX5LVL_leUixjrjKDErIyJ8iqbqNqH5Gy3mlw6nlWaYSNpvuF2P8I68TP2X61bPpd-5bBKRcCWpPCIcZD54obFVU76aUYk9jSlqnJ1b0p3jvG1nBJswNb_YLxg1BUszVYmchGnHy2i6WrLoY55DEChD9juOzytLQ&amp;__tn__=-UC%2CP-R\" aria-describedby=\":R2r7actaklmimjbsmipapd5aq:\"><strong class=\"html-strong xdj266r x11i5rnm xat24cr x1mh8g0r xexx8yu x4uap5 x18d9i69 xkhd6sd x1hl2dhg x16tdsg8 x1vvkbs x1s688f\"><span class=\"html-span xdj266r x11i5rnm xat24cr x1mh8g0r xexx8yu x4uap5 x18d9i69 xkhd6sd x1hl2dhg x16tdsg8 x1vvkbs\">Tamosxasturies<\/span><\/strong><\/a><\/span><\/span>\/<a href=\"https:\/\/l.facebook.com\/l.php?u=https%3A%2F%2Ftamosxasturies.es%2Fasturias-celebra-en-madrid-fusion-el-reconocimiento-de-la-cultura-sidrera-asturiana-como-patrimonio-inmaterial-de-la-humanidad%2F%3Ffbclid%3DIwZXh0bgNhZW0CMTAAAR2TFOJd7CAxZZ81Ugye-MvtyKhv_RbZxhIwLzJzdTI-iwJEhfCt94dkId0_aem_txoExXz2Qw7w489vshE4QQ&amp;h=AT2hi-RMUzYq59vEMy-VkzWZaCUdnPVEF1-H4Z3ID2ZTwVjrjyzVmrTiLwasYbXpxf2_cszm3TTsLfwQf1nZ042uenZ8Y3wnI8_Z2CXqC7bh3RZvIyCMJViUBBUQOcGpUg&amp;__tn__=-UK-R&amp;c[0]=AT2Idn3E9-eAz29H0lWd6nx8ESMzxC_Ji-Cn_hAwYyMs4WlV8IWxgLFojCBWr-eNkr3pBdZlNYt9JvaiNMOVfmqTwG7Uc23Yq_JzphxYjm5GQwyoZz71GdAgEQm5ftH0sJr7UAjd51byjoChPsWYUUkxaC4oOOq2Iixu3kIXifJl22tdVjjeoF1hAgN288JAPVffaw\"> enllaz art\u00edculu<\/a> \/ <span style=\"color: #008080\">\u00abAsturies, cocina de paisaxe\u00bb \/ <a href=\"https:\/\/actualidad.asturias.es\/-\/el-principado-celebra-en-madrid-fusi%C3%B3n-el-reconocimiento-de-la-cultura-sidrera-asturiana-como-patrimonio-inmaterial-de-la-humanidad?redirect=%2F\"><strong>Actualidad Asturies<\/strong> <\/a><br \/>\n<\/span><\/li>\n<li><a href=\"https:\/\/www.madridfusion.net\/es\/ponente\/ponente\/3843543\">Ponente Asturies<\/a>: <a href=\"https:\/\/www.madridfusion.net\/es\/ponente\/ponente\/3843543\">Xune Andrade \/ Chef en Monte (San Feliz, Asturies)<\/a><\/li>\n<\/ul>\n<\/div>\n<\/div>\n<div class=\"html-div xdj266r x11i5rnm xat24cr x1mh8g0r xexx8yu x4uap5 x18d9i69 xkhd6sd\" dir=\"auto\">\n<div class=\"html-div xdj266r x11i5rnm xat24cr x1mh8g0r xexx8yu x4uap5 x18d9i69 xkhd6sd\" data-ad-rendering-role=\"story_message\">\n<div id=\":R5aklmimjbsmipapd5aqH2:\" class=\"x1l90r2v x1iorvi4 x1ye3gou xn6708d\" data-ad-comet-preview=\"message\" data-ad-preview=\"message\">\n<div class=\"x78zum5 xdt5ytf xz62fqu x16ldp7u\">\n<div class=\"xu06os2 x1ok221b\">\n<div class=\"xdj266r x11i5rnm xat24cr x1mh8g0r x1vvkbs x126k92a\">\n<div dir=\"auto\"><span class=\"html-span xexx8yu x4uap5 x18d9i69 xkhd6sd x1hl2dhg x16tdsg8 x1vvkbs x3nfvp2 x1j61x8r x1fcty0u xdj266r xat24cr xgzva0m xhhsvwb xxymvpz xlup9mm x1kky2od\"><img loading=\"lazy\" decoding=\"async\" class=\"xz74otr\" src=\"https:\/\/static.xx.fbcdn.net\/images\/emoji.php\/v9\/t9e\/1\/16\/27a1.png\" alt=\"\u27a1\ufe0f\" width=\"16\" height=\"16\" \/><\/span> <span class=\"html-span xdj266r x11i5rnm xat24cr x1mh8g0r xexx8yu x4uap5 x18d9i69 xkhd6sd x1hl2dhg x16tdsg8 x1vvkbs\"><a class=\"x1i10hfl xjbqb8w x1ejq31n xd10rxx x1sy0etr x17r0tee x972fbf xcfux6l x1qhh985 xm0m39n x9f619 x1ypdohk xt0psk2 xe8uvvx xdj266r x11i5rnm xat24cr x1mh8g0r xexx8yu x4uap5 x18d9i69 xkhd6sd x16tdsg8 x1hl2dhg xggy1nq x1a2a7pz x1sur9pj xkrqix3 x1fey0fg x1s688f\" role=\"link\" href=\"https:\/\/www.facebook.com\/hashtag\/asturias?__eep__=6&amp;__cft__[0]=AZVSjzm6y0YECQnX5LVL_leUixjrjKDErIyJ8iqbqNqH5Gy3mlw6nlWaYSNpvuF2P8I68TP2X61bPpd-5bBKRcCWpPCIcZD54obFVU76aUYk9jSlqnJ1b0p3jvG1nBJswNb_YLxg1BUszVYmchGnHy2i6WrLoY55DEChD9juOzytLQ&amp;__tn__=*NK-R\">#Asturies\u00a0\u00a0<\/a><\/span> celebra en <a href=\"https:\/\/www.madridfusion.net\/\"><strong>Madrid Fusi\u00f3n<\/strong><\/a> la reconocencia de la cultura sidrera asturiana como patrimoniu inmaterial de la humanid\u00e1.<\/div>\n<div dir=\"auto\"><\/div>\n<div dir=\"auto\" style=\"text-align: center\"><a href=\"https:\/\/www.madridfusion.net\/media\/ec53e185-94bf-47d0-9903-f7c829c742d3.jpg\"><img loading=\"lazy\" decoding=\"async\" class=\"aligncenter size-large\" src=\"https:\/\/www.madridfusion.net\/media\/ec53e185-94bf-47d0-9903-f7c829c742d3.jpg\" width=\"600\" height=\"405\" \/><\/a><em>La sostenibilid\u00e1, el respetu pol mediu ambiente y una cuidada selecci\u00f3n<\/em><br \/>\n<em> de llabradores, ganaderos y artesanos son les gu\u00edes de la cocina de Xune Andrade.<\/em><\/div>\n<div dir=\"auto\"><!--more--><\/div>\n<div dir=\"auto\"><\/div>\n<div dir=\"auto\">L&#8217;estand d&#8217;Asturies en <strong>Madrid Fusi\u00f3n<\/strong>, que tien como referencia la marca <strong>Cocina de Paisaxe<\/strong>, cuenta con una superficie de 100 metros cuadraos, seis amosadores de productu y unu d&#8217;informaci\u00f3n, am\u00e1s d&#8217;un \u00e1rea central para demostraciones culinaries o showcooking.<\/div>\n<div dir=\"auto\" style=\"text-align: center\"><a href=\"https:\/\/www.madridfusion.net\/Content\/2025\/img\/brand\/MF2024logo.svg\"><img loading=\"lazy\" decoding=\"async\" class=\"aligncenter size-large\" src=\"https:\/\/www.madridfusion.net\/Content\/2025\/img\/brand\/MF2024logo.svg\" width=\"260\" height=\"79\" \/><\/a><\/div>\n<div dir=\"auto\">\n<p>La mayor\u00eda de les creaciones nesta edici\u00f3n van basase na cultura sidrera asturiana, por aciu l&#8217;<strong>empl\u00e9u de la mazana y la sidra como materies primes, para celebrar la declaraci\u00f3n como patrimoniu mundial.<\/strong><\/p>\n<p style=\"text-align: center\"><a href=\"https:\/\/tamosxasturies.es\/wp-content\/uploads\/2025\/01\/madridfu-1536x864.png\"><img loading=\"lazy\" decoding=\"async\" class=\"aligncenter size-large\" src=\"https:\/\/tamosxasturies.es\/wp-content\/uploads\/2025\/01\/madridfu-1536x864.png\" width=\"1536\" height=\"864\" \/><\/a><\/p>\n<p>Pela so parte, dellos de los productos que formen parte de la marca <strong>Alimentos del Para\u00edsu<\/strong> promocionase nos espacios espositivos que flanqueen l&#8217;estand y tami\u00e9n se van utilizar para les demostraciones en vivu na zona central. Nesta \u00e1rea van ufiertase <strong>degustaciones de miel d&#8217;Asturies, distintes variedaes de quesos, choscu de Tin\u00e9u, xata asturiana y embut\u00edos.<\/strong><\/p>\n<p>Na zona de demostraciones van desenvolver les sos propuestes culinaries seis profesionales asturianos de prest\u00edu que representen distintos enfoques y sensibilidaes. D&#8217;esta miente, van ponese de manifiestu la diversid\u00e1 gastron\u00f3mica de la comunid\u00e1, que non solo puede esfrutase nes ciudaes, sin\u00f3n que cunta con una amplia ufierta nel mediu rural, onde la restauraci\u00f3n ye un importante factor de dinamizaci\u00f3n econ\u00f3mica xuntu col turismu rural y el sector primariu.<\/p>\n<p style=\"text-align: center\"><a href=\"https:\/\/actualidad.asturias.es\/documents\/537115\/2349352\/2025_01_27+Consejero+Medio+Rural+Madrid+Fusion+3.jpg\/d68975e9-dce0-cc0b-2bf1-cbfc2b3f7b2f?t=1737977729901\"><img loading=\"lazy\" decoding=\"async\" class=\"aligncenter size-large\" src=\"https:\/\/actualidad.asturias.es\/documents\/537115\/2349352\/2025_01_27+Consejero+Medio+Rural+Madrid+Fusion+3.jpg\/d68975e9-dce0-cc0b-2bf1-cbfc2b3f7b2f?t=1737977729901\" width=\"3992\" height=\"2832\" \/><\/a><\/p>\n<\/div>\n<\/div>\n<div class=\"x11i5rnm xat24cr x1mh8g0r x1vvkbs xtlvy1s x126k92a\">\n<div dir=\"auto\"><span class=\"html-span xexx8yu x4uap5 x18d9i69 xkhd6sd x1hl2dhg x16tdsg8 x1vvkbs x3nfvp2 x1j61x8r x1fcty0u xdj266r xat24cr xgzva0m xhhsvwb xxymvpz xlup9mm x1kky2od\"><img loading=\"lazy\" decoding=\"async\" class=\"xz74otr\" src=\"https:\/\/static.xx.fbcdn.net\/images\/emoji.php\/v9\/tb3\/1\/16\/1f517.png\" alt=\"?\" width=\"16\" height=\"16\" \/><\/span> <span class=\"html-span xdj266r x11i5rnm xat24cr x1mh8g0r xexx8yu x4uap5 x18d9i69 xkhd6sd x1hl2dhg x16tdsg8 x1vvkbs\"><a class=\"x1i10hfl xjbqb8w x1ejq31n xd10rxx x1sy0etr x17r0tee x972fbf xcfux6l x1qhh985 xm0m39n x9f619 x1ypdohk xt0psk2 xe8uvvx xdj266r x11i5rnm xat24cr x1mh8g0r xexx8yu x4uap5 x18d9i69 xkhd6sd x16tdsg8 x1hl2dhg xggy1nq x1a2a7pz x1sur9pj xkrqix3 x1fey0fg x1s688f\" role=\"link\" href=\"https:\/\/l.facebook.com\/l.php?u=https%3A%2F%2Ftamosxasturies.es%2Fasturias-celebra-en-madrid-fusion-el-reconocimiento-de-la-cultura-sidrera-asturiana-como-patrimonio-inmaterial-de-la-humanidad%2F%3Ffbclid%3DIwZXh0bgNhZW0CMTAAAR2TFOJd7CAxZZ81Ugye-MvtyKhv_RbZxhIwLzJzdTI-iwJEhfCt94dkId0_aem_txoExXz2Qw7w489vshE4QQ&amp;h=AT2hi-RMUzYq59vEMy-VkzWZaCUdnPVEF1-H4Z3ID2ZTwVjrjyzVmrTiLwasYbXpxf2_cszm3TTsLfwQf1nZ042uenZ8Y3wnI8_Z2CXqC7bh3RZvIyCMJViUBBUQOcGpUg&amp;__tn__=-UK-R&amp;c[0]=AT2Idn3E9-eAz29H0lWd6nx8ESMzxC_Ji-Cn_hAwYyMs4WlV8IWxgLFojCBWr-eNkr3pBdZlNYt9JvaiNMOVfmqTwG7Uc23Yq_JzphxYjm5GQwyoZz71GdAgEQm5ftH0sJr7UAjd51byjoChPsWYUUkxaC4oOOq2Iixu3kIXifJl22tdVjjeoF1hAgN288JAPVffaw\" target=\"_blank\" rel=\"nofollow noopener noreferrer\">https:\/\/tamosxasturies.es\/asturias-celebra-en-madrid&#8230;\/<\/a><\/span><\/div>\n<\/div>\n<div dir=\"auto\" style=\"text-align: center\">\n<!-- iframe plugin v.6.0 wordpress.org\/plugins\/iframe\/ -->\n<iframe loading=\"lazy\" src=\"https:\/\/www.facebook.com\/plugins\/post.php?href=https%3A%2F%2Fwww.facebook.com%2Fphoto.php%3Ffbid%3D122137224464478687%26set%3Da.122103865376478687%26type%3D3&#038;show_text=false&#038;width=500\" width=\"500\" height=\"606\" style=\"border:none;overflow:hidden\" scrolling=\"no\" frameborder=\"0\" allowfullscreen=\"true\" allow=\"autoplay; clipboard-write; encrypted-media; picture-in-picture; web-share\" 0=\"\/iframe\" class=\"iframe-class\"><\/iframe>\n<\/div>\n<div dir=\"auto\"><\/div>\n<div dir=\"auto\" style=\"text-align: center\">\n<!-- iframe plugin v.6.0 wordpress.org\/plugins\/iframe\/ -->\n<iframe loading=\"lazy\" src=\"https:\/\/www.facebook.com\/plugins\/post.php?href=https%3A%2F%2Fwww.facebook.com%2Fphoto.php%3Ffbid%3D917664493872051%26set%3Da.228420436129797%26type%3D3&#038;show_text=false&#038;width=500\" width=\"500\" height=\"664\" style=\"border:none;overflow:hidden\" scrolling=\"no\" frameborder=\"0\" allowfullscreen=\"true\" allow=\"autoplay; clipboard-write; encrypted-media; picture-in-picture; web-share\" 0=\"\/iframe\" class=\"iframe-class\"><\/iframe>\n<\/div>\n<\/div>\n<\/div>\n<\/div>\n<\/div>\n<\/div>\n<p>&nbsp;<\/p>\n<p style=\"text-align: center\">\n<!-- iframe plugin v.6.0 wordpress.org\/plugins\/iframe\/ -->\n<iframe loading=\"lazy\" src=\"https:\/\/www.facebook.com\/plugins\/video.php?height=314&#038;href=https%3A%2F%2Fwww.facebook.com%2FMieldeAsturias%2Fvideos%2F1665762344017669%2F&#038;show_text=false&#038;width=560&#038;t=0\" width=\"560\" height=\"314\" style=\"border:none;overflow:hidden\" scrolling=\"no\" frameborder=\"0\" allowfullscreen=\"true\" allow=\"autoplay; clipboard-write; encrypted-media; picture-in-picture; web-share\" 0=\"\/iframe\" class=\"iframe-class\"><\/iframe>\n<\/p>\n","protected":false},"excerpt":{"rendered":"<p>Tamosxasturies\/ enllaz art\u00edculu \/ \u00abAsturies, cocina de paisaxe\u00bb \/ Actualidad Asturies Ponente Asturies: Xune Andrade \/ Chef en Monte (San Feliz, Asturies) #Asturies\u00a0\u00a0 celebra en Madrid Fusi\u00f3n la reconocencia de la cultura sidrera asturiana como patrimoniu inmaterial de la humanid\u00e1. La sostenibilid\u00e1, el respetu pol mediu ambiente y una cuidada selecci\u00f3n de llabradores, ganaderos y [&hellip;]<\/p>\n","protected":false},"author":117,"featured_media":0,"comment_status":"open","ping_status":"open","sticky":false,"template":"","format":"standard","meta":{"footnotes":""},"categories":[138,167,219],"tags":[],"class_list":["post-41036","post","type-post","status-publish","format-standard","hentry","category-alimentos","category-feries","category-gastronomia"],"_links":{"self":[{"href":"https:\/\/edublog.educastur.es\/ixuxu\/wp-json\/wp\/v2\/posts\/41036","targetHints":{"allow":["GET"]}}],"collection":[{"href":"https:\/\/edublog.educastur.es\/ixuxu\/wp-json\/wp\/v2\/posts"}],"about":[{"href":"https:\/\/edublog.educastur.es\/ixuxu\/wp-json\/wp\/v2\/types\/post"}],"author":[{"embeddable":true,"href":"https:\/\/edublog.educastur.es\/ixuxu\/wp-json\/wp\/v2\/users\/117"}],"replies":[{"embeddable":true,"href":"https:\/\/edublog.educastur.es\/ixuxu\/wp-json\/wp\/v2\/comments?post=41036"}],"version-history":[{"count":12,"href":"https:\/\/edublog.educastur.es\/ixuxu\/wp-json\/wp\/v2\/posts\/41036\/revisions"}],"predecessor-version":[{"id":41148,"href":"https:\/\/edublog.educastur.es\/ixuxu\/wp-json\/wp\/v2\/posts\/41036\/revisions\/41148"}],"wp:attachment":[{"href":"https:\/\/edublog.educastur.es\/ixuxu\/wp-json\/wp\/v2\/media?parent=41036"}],"wp:term":[{"taxonomy":"category","embeddable":true,"href":"https:\/\/edublog.educastur.es\/ixuxu\/wp-json\/wp\/v2\/categories?post=41036"},{"taxonomy":"post_tag","embeddable":true,"href":"https:\/\/edublog.educastur.es\/ixuxu\/wp-json\/wp\/v2\/tags?post=41036"}],"curies":[{"name":"wp","href":"https:\/\/api.w.org\/{rel}","templated":true}]}}