{"id":41053,"date":"2025-01-29T11:05:55","date_gmt":"2025-01-29T09:05:55","guid":{"rendered":"https:\/\/edublog.educastur.es\/ixuxu\/?p=41053"},"modified":"2025-01-29T22:23:50","modified_gmt":"2025-01-29T20:23:50","slug":"capitan-recluta-un-exercitu-en-l-lena-para-dar-una-lleccion-de-vida","status":"publish","type":"post","link":"https:\/\/edublog.educastur.es\/ixuxu\/2025\/01\/capitan-recluta-un-exercitu-en-l-lena-para-dar-una-lleccion-de-vida\/","title":{"rendered":"Capi, exprofesor del nuesu colexu, recluta un ex\u00e9rcitu en L.lena para dar una llecci\u00f3n de vida"},"content":{"rendered":"<ul>\n<li>Fonte: <a href=\"https:\/\/www.lne.es\/cuencas\/2025\/01\/29\/capitan-recluta-ejercito-lena-dar-113791983.html\">LNE<\/a> \/ <a class=\"x1i10hfl xjbqb8w x1ejq31n xd10rxx x1sy0etr x17r0tee x972fbf xcfux6l x1qhh985 xm0m39n x9f619 x1ypdohk xt0psk2 xe8uvvx xdj266r x11i5rnm xat24cr x1mh8g0r xexx8yu x4uap5 x18d9i69 xkhd6sd x16tdsg8 x1hl2dhg xggy1nq x1a2a7pz x1sur9pj xkrqix3 xzsf02u x1s688f\" role=\"link\" href=\"https:\/\/www.facebook.com\/llenaaesgaya?__cft__[0]=AZW_b1xgh2Aboosr-cCwo8DGekHHXAWLX8EDkw_78XO-XoWzuHGvL16nURaKurk_pSrP_-yK0gnzkijHUyV_WLCH1PLvZrCGwRucUW1qdmJzNk0hsxU1S2yHxhqlGfQubupcUOAAFB4FBy4KF3ptRkHZ0JnH7sdiDFFh0jhMhfEm2w&amp;__tn__=-UC%2CP-R\" aria-describedby=\":R2r7actaklmimjbsmipapd5aq:\"><strong class=\"html-strong xdj266r x11i5rnm xat24cr x1mh8g0r xexx8yu x4uap5 x18d9i69 xkhd6sd x1hl2dhg x16tdsg8 x1vvkbs x1s688f\"><span class=\"html-span xdj266r x11i5rnm xat24cr x1mh8g0r xexx8yu x4uap5 x18d9i69 xkhd6sd x1hl2dhg x16tdsg8 x1vvkbs\">\u1e36\u1e37ena a esgaya &#8211; llenaaesgaya.es<\/span><\/strong><\/a> \/<\/li>\n<\/ul>\n<p>Capit\u00e1n recluta un ex\u00e9rcitu en L.lena para dar una llecci\u00f3n de vida a los escolares de les Cuenques.\u00a0 Jos\u00e9 Luis Capit\u00e1n sigue sinti\u00e9ndose atleta magar que la ELA caltienlu sent\u00e1u n&#8217;una siella de ruedes, y tami\u00e9n sigue siendo un bon profesor, anque xubil\u00e1u desque la enfermed\u00e1 torg\u00f3-y siguir exerciendo; demostrolo con una llecci\u00f3n maxistral \u00e9nte 300 escolares nel teatru Vital Aza de La Pola L.lena<\/p>\n<p style=\"text-align: center\"><a href=\"https:\/\/estaticos-cdn.prensaiberica.es\/clip\/68a59787-ae4a-4965-b122-03ce579e2b3a_16-9-aspect-ratio_default_0.webp\"><img loading=\"lazy\" decoding=\"async\" class=\"aligncenter size-large\" src=\"https:\/\/estaticos-cdn.prensaiberica.es\/clip\/68a59787-ae4a-4965-b122-03ce579e2b3a_16-9-aspect-ratio_default_0.webp\" width=\"880\" height=\"495\" \/><\/a><\/p>\n<p><em>\u00abLa ELA ye peor que la Cue\u00f1a les Cabres, pero dalg\u00fan d\u00eda tien qu&#8217;haber la primer persona curada de la enfermed\u00e1\u00bb<\/em>. Jos\u00e9 Luis Capit\u00e1n solo puede mover los g\u00fceyos y llixeramente la boca, pero sigue siendo&#8217;l deportista que caltien el r\u00e9cord de xubida al Angliru corriendo. Naide, y son munchos los que lo intentaron, llogr\u00f3 baxar el crono d&#8217;esa hora y 36 segundos que Capit\u00e1n estableci\u00f3 en 2005.<\/p>\n<p style=\"text-align: center\"><!--more-->\n<!-- iframe plugin v.6.0 wordpress.org\/plugins\/iframe\/ -->\n<iframe loading=\"lazy\" src=\"https:\/\/www.facebook.com\/plugins\/post.php?href=https%3A%2F%2Fwww.facebook.com%2Fphoto.php%3Ffbid%3D1010482291114993%26set%3Da.422434203253141%26type%3D3&#038;show_text=false&#038;width=500\" width=\"500\" height=\"690\" style=\"border:none;overflow:hidden\" scrolling=\"no\" frameborder=\"0\" allowfullscreen=\"true\" allow=\"autoplay; clipboard-write; encrypted-media; picture-in-picture; web-share\" 0=\"\/iframe\" class=\"iframe-class\"><\/iframe>\n<\/p>\n<div class=\"x11i5rnm xat24cr x1mh8g0r x1vvkbs xtlvy1s x126k92a\">\n<div dir=\"auto\"><span class=\"html-span xexx8yu x4uap5 x18d9i69 xkhd6sd x1hl2dhg x16tdsg8 x1vvkbs x3nfvp2 x1j61x8r x1fcty0u xdj266r xat24cr xgzva0m xhhsvwb xxymvpz xlup9mm x1kky2od\"><img loading=\"lazy\" decoding=\"async\" class=\"xz74otr\" src=\"https:\/\/static.xx.fbcdn.net\/images\/emoji.php\/v9\/td6\/1\/16\/1f4f0.png\" alt=\"?\" width=\"16\" height=\"16\" \/><\/span> 300 escolares de Lena, \u00abnamoraos dE LA vida\u00bb tras la clas maxistral de Jos\u00e9 Luis Capit\u00e1n.<\/div>\n<\/div>\n<div class=\"x11i5rnm xat24cr x1mh8g0r x1vvkbs xtlvy1s x126k92a\">\n<div dir=\"auto\"><span class=\"html-span xexx8yu x4uap5 x18d9i69 xkhd6sd x1hl2dhg x16tdsg8 x1vvkbs x3nfvp2 x1j61x8r x1fcty0u xdj266r xat24cr xgzva0m xhhsvwb xxymvpz xlup9mm x1kky2od\"><img loading=\"lazy\" decoding=\"async\" class=\"xz74otr\" src=\"https:\/\/static.xx.fbcdn.net\/images\/emoji.php\/v9\/tb3\/1\/16\/1f517.png\" alt=\"?\" width=\"16\" height=\"16\" \/><\/span> <span class=\"html-span xdj266r x11i5rnm xat24cr x1mh8g0r xexx8yu x4uap5 x18d9i69 xkhd6sd x1hl2dhg x16tdsg8 x1vvkbs\"><a class=\"x1i10hfl xjbqb8w x1ejq31n xd10rxx x1sy0etr x17r0tee x972fbf xcfux6l x1qhh985 xm0m39n x9f619 x1ypdohk xt0psk2 xe8uvvx xdj266r x11i5rnm xat24cr x1mh8g0r xexx8yu x4uap5 x18d9i69 xkhd6sd x16tdsg8 x1hl2dhg xggy1nq x1a2a7pz x1sur9pj xkrqix3 x1fey0fg x1s688f\" role=\"link\" href=\"https:\/\/llenaaesgaya.es\/300-escolares-de-lena-enamorados-de-la-vida-tras-la-clase-magistral-de-jose-luis-capitan\/?fbclid=IwZXh0bgNhZW0CMTAAAR1FLhyg-TgOm9xZW_XCoUR0nyAqQWVlXUdWXYprAE4n9vUvSzFXxhDkQqM_aem_6pdVgj2Hlqwbjj-re1RW1g\" target=\"_blank\" rel=\"nofollow noopener noreferrer\">https:\/\/llenaaesgaya.es\/300-escolares-de-lena-enamorados&#8230;\/<\/a><\/span> <span class=\"html-span xdj266r x11i5rnm xat24cr x1mh8g0r xexx8yu x4uap5 x18d9i69 xkhd6sd x1hl2dhg x16tdsg8 x1vvkbs\"><a class=\"x1i10hfl xjbqb8w x1ejq31n xd10rxx x1sy0etr x17r0tee x972fbf xcfux6l x1qhh985 xm0m39n x9f619 x1ypdohk xt0psk2 xe8uvvx xdj266r x11i5rnm xat24cr x1mh8g0r xexx8yu x4uap5 x18d9i69 xkhd6sd x16tdsg8 x1hl2dhg xggy1nq x1a2a7pz x1sur9pj xkrqix3 x1fey0fg x1s688f\" role=\"link\" href=\"https:\/\/www.facebook.com\/profile.php?id=100063714545504&amp;__cft__[0]=AZVi1Wnb5s0fnJNCF1d-7oV-E97i4HP_iW0o4HnijL0T2ZxGatVWS0q3RLhpYy1daQnkHIvlMaIpYTWEy8Z_lj_nPrv6mVMygPc3iftZkT--Tldh3v2J1OeavKP2ddJkEoq4RaRF1THZXRMigs6uiaoGR0JtW0ybOnkYdsulBUhytzw2FQokpq0DWFfwc718q2wa-RqhrXb0ShIgKXw3OtJEDlbrnKtQH_12Uc-gDxIvUA&amp;__tn__=-]K-y-R\"><span class=\"xt0psk2\"><span class=\"xjp7ctv\"><span aria-describedby=\":r11e:\">Colegio P\u00fablico Jes\u00fas Neira<\/span><\/span><\/span><\/a><\/span><\/div>\n<div dir=\"auto\"><\/div>\n<\/div>\n<div dir=\"auto\" style=\"text-align: center\">\n<!-- iframe plugin v.6.0 wordpress.org\/plugins\/iframe\/ -->\n<iframe loading=\"lazy\" src=\"https:\/\/www.facebook.com\/plugins\/video.php?height=476&#038;href=https%3A%2F%2Fwww.facebook.com%2Fllenaaesgaya%2Fvideos%2F962802148835270%2F&#038;show_text=false&#038;width=267&#038;t=0\" width=\"267\" height=\"476\" style=\"border:none;overflow:hidden\" scrolling=\"no\" frameborder=\"0\" allowfullscreen=\"true\" allow=\"autoplay; clipboard-write; encrypted-media; picture-in-picture; web-share\" 0=\"\/iframe\" class=\"iframe-class\"><\/iframe>\n<\/div>\n<p>&nbsp;<\/p>\n","protected":false},"excerpt":{"rendered":"<p>Fonte: LNE \/ \u1e36\u1e37ena a esgaya &#8211; llenaaesgaya.es \/ Capit\u00e1n recluta un ex\u00e9rcitu en L.lena para dar una llecci\u00f3n de vida a los escolares de les Cuenques.\u00a0 Jos\u00e9 Luis Capit\u00e1n sigue sinti\u00e9ndose atleta magar que la ELA caltienlu sent\u00e1u n&#8217;una siella de ruedes, y tami\u00e9n sigue siendo un bon profesor, anque xubil\u00e1u desque la enfermed\u00e1 [&hellip;]<\/p>\n","protected":false},"author":117,"featured_media":0,"comment_status":"open","ping_status":"open","sticky":false,"template":"","format":"standard","meta":{"footnotes":""},"categories":[300],"tags":[],"class_list":["post-41053","post","type-post","status-publish","format-standard","hentry","category-enfermedaes"],"_links":{"self":[{"href":"https:\/\/edublog.educastur.es\/ixuxu\/wp-json\/wp\/v2\/posts\/41053","targetHints":{"allow":["GET"]}}],"collection":[{"href":"https:\/\/edublog.educastur.es\/ixuxu\/wp-json\/wp\/v2\/posts"}],"about":[{"href":"https:\/\/edublog.educastur.es\/ixuxu\/wp-json\/wp\/v2\/types\/post"}],"author":[{"embeddable":true,"href":"https:\/\/edublog.educastur.es\/ixuxu\/wp-json\/wp\/v2\/users\/117"}],"replies":[{"embeddable":true,"href":"https:\/\/edublog.educastur.es\/ixuxu\/wp-json\/wp\/v2\/comments?post=41053"}],"version-history":[{"count":5,"href":"https:\/\/edublog.educastur.es\/ixuxu\/wp-json\/wp\/v2\/posts\/41053\/revisions"}],"predecessor-version":[{"id":41110,"href":"https:\/\/edublog.educastur.es\/ixuxu\/wp-json\/wp\/v2\/posts\/41053\/revisions\/41110"}],"wp:attachment":[{"href":"https:\/\/edublog.educastur.es\/ixuxu\/wp-json\/wp\/v2\/media?parent=41053"}],"wp:term":[{"taxonomy":"category","embeddable":true,"href":"https:\/\/edublog.educastur.es\/ixuxu\/wp-json\/wp\/v2\/categories?post=41053"},{"taxonomy":"post_tag","embeddable":true,"href":"https:\/\/edublog.educastur.es\/ixuxu\/wp-json\/wp\/v2\/tags?post=41053"}],"curies":[{"name":"wp","href":"https:\/\/api.w.org\/{rel}","templated":true}]}}