{"id":41056,"date":"2025-01-29T11:30:31","date_gmt":"2025-01-29T09:30:31","guid":{"rendered":"https:\/\/edublog.educastur.es\/ixuxu\/?p=41056"},"modified":"2025-01-30T10:58:27","modified_gmt":"2025-01-30T08:58:27","slug":"serviciu-112-asturies","status":"publish","type":"post","link":"https:\/\/edublog.educastur.es\/ixuxu\/2025\/01\/serviciu-112-asturies\/","title":{"rendered":"112 Asturies: SEPA, Serviciu d&#8217;Emerxencies del Princip\u00e1u d&#8217;Asturies"},"content":{"rendered":"<ul>\n<li><a class=\"css-1jxf684 r-bcqeeo r-1ttztb7 r-qvutc0 r-poiln3 r-4qtqp9 r-1a11zyx r-1loqt21\" dir=\"ltr\" role=\"none\" href=\"https:\/\/t.co\/ce32nSfCYK\" target=\"_blank\" rel=\"noopener noreferrer nofollow\" data-testid=\"UserUrl\"><span class=\"css-1jxf684 r-bcqeeo r-1ttztb7 r-qvutc0 r-poiln3\">112asturias.es<\/span><\/a><\/li>\n<li><span style=\"color: #0000ff\"><em><span class=\"css-1jxf684 r-bcqeeo r-1ttztb7 r-qvutc0 r-poiln3\"><strong>SEPA: Serviciu d&#8217;Emerxencies del Princip\u00e1u d&#8217;Asturies<\/strong> <\/span><\/em><\/span><\/li>\n<\/ul>\n<p style=\"text-align: center\"><a href=\"https:\/\/arquitecturadeasturias.com\/obras\/wp-content\/uploads\/2015\/05\/03-COLOR45.jpg\"><img loading=\"lazy\" decoding=\"async\" class=\"aligncenter size-large\" src=\"https:\/\/arquitecturadeasturias.com\/obras\/wp-content\/uploads\/2015\/05\/03-COLOR45.jpg\" width=\"770\" height=\"271\" \/><\/a><\/p>\n<p style=\"text-align: left\">La recepci\u00f3n y atenci\u00f3n de les llamaes al <strong>n\u00famberu telef\u00f3nicu 112<\/strong> realizaes polos ciudadanos nel \u00e1mbitu territorial del Princip\u00e1u d&#8217;Asturies para riquir, en casos d&#8217;urxente necesid\u00e1, l&#8217;asistencia de los servicios p\u00fablicos competentes en materia d&#8217;<strong>urxencies sanitaries, d&#8217;estinci\u00f3n de quemes y salvamentos, de segurid\u00e1 ciudadana, y, pola posible necesid\u00e1 de coordinar los anteriores, de protecci\u00f3n civil<\/strong>, s\u00eda&#8217;l que quier l&#8217;Alministraci\u00f3n p\u00fablica o entid\u00e1 competente para la prestaci\u00f3n material de l&#8217;asistencia riquida en cada casu.<\/p>\n<p style=\"text-align: center\"><a href=\"https:\/\/pbs.twimg.com\/profile_images\/1766382071528701952\/1WsQZqal_400x400.jpg\"><img loading=\"lazy\" decoding=\"async\" class=\"aligncenter size-large\" src=\"https:\/\/pbs.twimg.com\/profile_images\/1766382071528701952\/1WsQZqal_400x400.jpg\" width=\"400\" height=\"400\" \/><\/a><!--more--><\/p>\n<p style=\"text-align: left\"><img loading=\"lazy\" decoding=\"async\" class=\"aligncenter size-large\" src=\"https:\/\/estaticos-cdn.prensaiberica.es\/clip\/a134bfcb-7b1e-4c78-b7fa-e9a9938f8513_source-aspect-ratio_default_0.jpg\" width=\"2000\" height=\"1333\" \/><\/p>\n<p>&nbsp;<\/p>\n<p style=\"text-align: center\"><a href=\"https:\/\/www.112asturias.es\/v_portal\/inc\/imagen.asp?f=1010269389.JPG&amp;w=1900&amp;c=0\"><img loading=\"lazy\" decoding=\"async\" class=\"aligncenter \" src=\"https:\/\/www.112asturias.es\/v_portal\/inc\/imagen.asp?f=1010269389.JPG&amp;w=1900&amp;c=0\" width=\"575\" height=\"383\" \/><\/a><\/p>\n<p style=\"text-align: center\"><a href=\"https:\/\/i.ytimg.com\/vi\/ci6DlAo5XPA\/maxresdefault.jpg\"><img loading=\"lazy\" decoding=\"async\" class=\"aligncenter size-large\" src=\"https:\/\/i.ytimg.com\/vi\/ci6DlAo5XPA\/maxresdefault.jpg\" width=\"1280\" height=\"720\" \/><\/a><a href=\"https:\/\/ambulanciasdeasturias.com\/\">Web Transinsa<\/a><\/p>\n<p style=\"text-align: center\"><a href=\"https:\/\/img.lavdg.com\/sc\/0MdZkXLbILb0VJXekosorKpkmZ0=\/1280x\/2021\/09\/15\/00121631720762417586928\/Foto\/eup_20210915_015229986.jpg\"><img loading=\"lazy\" decoding=\"async\" class=\"aligncenter size-large\" src=\"https:\/\/img.lavdg.com\/sc\/0MdZkXLbILb0VJXekosorKpkmZ0=\/1280x\/2021\/09\/15\/00121631720762417586928\/Foto\/eup_20210915_015229986.jpg\" width=\"1280\" height=\"720\" \/><\/a><\/p>\n<p style=\"text-align: center\"><a href=\"https:\/\/cdn.flightsim.to\/images\/25\/bomberos-de-asturias-ec-mgu-520710-1688078338-6QSGH.jpg?width=1400\"><img loading=\"lazy\" decoding=\"async\" class=\"aligncenter size-large\" src=\"https:\/\/cdn.flightsim.to\/images\/25\/bomberos-de-asturias-ec-mgu-520710-1688078338-6QSGH.jpg?width=1400\" width=\"1400\" height=\"697\" \/><\/a><\/p>\n<p style=\"text-align: center\"><a href=\"https:\/\/www.112asturias.es\/v_portal\/inc\/imagen.asp?f=2020.07.30_RESCATE_MONTANA_CANTABR24.jpg&amp;c=0\"><img loading=\"lazy\" decoding=\"async\" class=\"aligncenter size-large\" src=\"https:\/\/www.112asturias.es\/v_portal\/inc\/imagen.asp?f=2020.07.30_RESCATE_MONTANA_CANTABR24.jpg&amp;c=0\" width=\"1000\" height=\"450\" \/><\/a><\/p>\n<div class=\"css-175oi2r r-xoduu5\" style=\"text-align: center\"><span class=\"r-18u37iz\"><a class=\"css-1jxf684 r-bcqeeo r-1ttztb7 r-qvutc0 r-poiln3 r-1loqt21\" dir=\"ltr\" role=\"link\" href=\"https:\/\/x.com\/BomberosAstur\">@bomberosAstur<\/a><\/span><\/div>\n<div style=\"text-align: center\"><a href=\"https:\/\/pbs.twimg.com\/profile_images\/1766382673855995904\/Vxvy6o6a_400x400.jpg\"><img loading=\"lazy\" decoding=\"async\" class=\"aligncenter size-large\" src=\"https:\/\/pbs.twimg.com\/profile_images\/1766382673855995904\/Vxvy6o6a_400x400.jpg\" width=\"400\" height=\"400\" \/><\/a><\/div>\n<p><span class=\"css-1jxf684 r-bcqeeo r-1ttztb7 r-qvutc0 r-poiln3\">\u00a0\u00c1rees sanitaries d&#8217;Asturies y hospitales comarcales onde deriven accidentaos dependiendo de la so graved\u00e1.<br \/>\n<\/span>L&#8217;<strong>HUCA<\/strong> ye l&#8217;hospital xeneral pa delles enfermed\u00e1es.<\/p>\n<p style=\"text-align: center\"><a href=\"https:\/\/th.bing.com\/th\/id\/OIP.FxbqwE6xd2kcuD8EbpEuoAHaDt?rs=1&amp;pid=ImgDetMain\"><img loading=\"lazy\" decoding=\"async\" class=\"aligncenter size-large\" src=\"https:\/\/th.bing.com\/th\/id\/OIP.FxbqwE6xd2kcuD8EbpEuoAHaDt?rs=1&amp;pid=ImgDetMain\" width=\"474\" height=\"237\" \/><\/a><\/p>\n<p style=\"text-align: center\"><a href=\"https:\/\/th.bing.com\/th\/id\/OIP.k9wJS0ZUkRojWmJX34SPeQHaCp?rs=1&amp;pid=ImgDetMain\"><img loading=\"lazy\" decoding=\"async\" class=\"aligncenter \" src=\"https:\/\/th.bing.com\/th\/id\/OIP.k9wJS0ZUkRojWmJX34SPeQHaCp?rs=1&amp;pid=ImgDetMain\" width=\"297\" height=\"106\" \/><\/a><\/p>\n","protected":false},"excerpt":{"rendered":"<p>112asturias.es SEPA: Serviciu d&#8217;Emerxencies del Princip\u00e1u d&#8217;Asturies La recepci\u00f3n y atenci\u00f3n de les llamaes al n\u00famberu telef\u00f3nicu 112 realizaes polos ciudadanos nel \u00e1mbitu territorial del Princip\u00e1u d&#8217;Asturies para riquir, en casos d&#8217;urxente necesid\u00e1, l&#8217;asistencia de los servicios p\u00fablicos competentes en materia d&#8217;urxencies sanitaries, d&#8217;estinci\u00f3n de quemes y salvamentos, de segurid\u00e1 ciudadana, y, pola posible necesid\u00e1 [&hellip;]<\/p>\n","protected":false},"author":117,"featured_media":0,"comment_status":"open","ping_status":"open","sticky":false,"template":"","format":"standard","meta":{"footnotes":""},"categories":[1],"tags":[],"class_list":["post-41056","post","type-post","status-publish","format-standard","hentry","category-sin-categoria"],"_links":{"self":[{"href":"https:\/\/edublog.educastur.es\/ixuxu\/wp-json\/wp\/v2\/posts\/41056","targetHints":{"allow":["GET"]}}],"collection":[{"href":"https:\/\/edublog.educastur.es\/ixuxu\/wp-json\/wp\/v2\/posts"}],"about":[{"href":"https:\/\/edublog.educastur.es\/ixuxu\/wp-json\/wp\/v2\/types\/post"}],"author":[{"embeddable":true,"href":"https:\/\/edublog.educastur.es\/ixuxu\/wp-json\/wp\/v2\/users\/117"}],"replies":[{"embeddable":true,"href":"https:\/\/edublog.educastur.es\/ixuxu\/wp-json\/wp\/v2\/comments?post=41056"}],"version-history":[{"count":10,"href":"https:\/\/edublog.educastur.es\/ixuxu\/wp-json\/wp\/v2\/posts\/41056\/revisions"}],"predecessor-version":[{"id":41119,"href":"https:\/\/edublog.educastur.es\/ixuxu\/wp-json\/wp\/v2\/posts\/41056\/revisions\/41119"}],"wp:attachment":[{"href":"https:\/\/edublog.educastur.es\/ixuxu\/wp-json\/wp\/v2\/media?parent=41056"}],"wp:term":[{"taxonomy":"category","embeddable":true,"href":"https:\/\/edublog.educastur.es\/ixuxu\/wp-json\/wp\/v2\/categories?post=41056"},{"taxonomy":"post_tag","embeddable":true,"href":"https:\/\/edublog.educastur.es\/ixuxu\/wp-json\/wp\/v2\/tags?post=41056"}],"curies":[{"name":"wp","href":"https:\/\/api.w.org\/{rel}","templated":true}]}}