{"id":41149,"date":"2025-01-30T14:23:19","date_gmt":"2025-01-30T12:23:19","guid":{"rendered":"https:\/\/edublog.educastur.es\/ixuxu\/?p=41149"},"modified":"2025-01-30T14:44:55","modified_gmt":"2025-01-30T12:44:55","slug":"interpretamos-un-cartelu-4","status":"publish","type":"post","link":"https:\/\/edublog.educastur.es\/ixuxu\/2025\/01\/interpretamos-un-cartelu-4\/","title":{"rendered":"XXII edici\u00f3n del Ciclu de Teatru Costumista Asturianu"},"content":{"rendered":"<ul>\n<li><a href=\"https:\/\/scontent-mad1-1.xx.fbcdn.net\/v\/t39.30808-6\/475473055_9218168391631129_6433944878270879248_n.jpg?_nc_cat=103&amp;ccb=1-7&amp;_nc_sid=127cfc&amp;_nc_ohc=EZCgV5LsWrMQ7kNvgGzLVP0&amp;_nc_zt=23&amp;_nc_ht=scontent-mad1-1.xx&amp;_nc_gid=AopQ8NsdgiJgm3xX3quR1AT&amp;oh=00_AYAbdU8VsjIU6YtCj4bwXH1Diy2Ec-1FPhNM156PyojKkQ&amp;oe=67A13D3F\">Cartelu<\/a> \/<\/li>\n<\/ul>\n<p style=\"text-align: center\">\n<!-- iframe plugin v.6.0 wordpress.org\/plugins\/iframe\/ -->\n<iframe loading=\"lazy\" src=\"https:\/\/www.facebook.com\/plugins\/post.php?href=https%3A%2F%2Fwww.facebook.com%2Ffundacionbelenos%2Fposts%2Fpfbid0MPNkG2MWUkaJYCpsZ5dkJyhTr7U6Pj7R8hX8YnUp8btEGHSKcmBiHN37PRq7MkXbl&#038;show_text=false&#038;width=500\" width=\"500\" height=\"496\" style=\"border:none;overflow:hidden\" scrolling=\"no\" frameborder=\"0\" allowfullscreen=\"true\" allow=\"autoplay; clipboard-write; encrypted-media; picture-in-picture; web-share\" 0=\"\/iframe\" class=\"iframe-class\"><\/iframe>\n<\/p>\n<p>Llangr\u00e9u celebra la tradici\u00f3n y l&#8217;humor asturiano cola<strong><span style=\"color: #008080\"> XXII edici\u00f3n del Ciclu de Teatru Costumista Asturianu<\/span><\/strong>, que va tener llugar nel Nuevu Teatru de La Felguera. Esti eventu, y\u00e1 consolid\u00e1u como una cita cultural imprescindible, va traer al escenariu una variada programaci\u00f3n con obres que combinen comedia, costumismu y emociones que conecten col p\u00fablicu.<\/p>\n<p><!--more--><\/p>\n<p>Del 31 de xineru al 29 de marzu de 2025, un total de nueve compa\u00f1\u00edes teatrales asturianes van presentar hestories que reflexen la esencia de la nuesa tierra. Toles funciones van celebrase a les 20:15 hores, con entraes disponibles al preciu de 5 euros, que podr\u00e1n adquirise en taquilla y al travi\u00e9s de la web Uniticket.<\/p>\n<p>El s\u00e1badu 29 de marzu, va desenvolvese la gala d&#8217;entrega de premios poniendo&#8217;l broche final a un ciclu que cada a\u00f1u refuerza&#8217;l compromisu col teatru costumista y la cultura asturiana.<\/p>\n<p><strong><em><span style=\"color: #008080\">PROGRAMACI\u00d3N COMPLETA DEL CICLU- Nuevu *Teatru de La Felguera, 20:15 h<\/span><\/em><\/strong><\/p>\n<p><strong><em><span style=\"color: #008080\">Xineru 2025<\/span><\/em><\/strong><\/p>\n<p><em>Vienres, 31 de xineru: \u201cRifif\u00ed a l\u2019asturiana\u201d de Teatru Carbay\u00edn<\/em><\/p>\n<p><strong><span style=\"color: #008080\">Febreru 2025<\/span><\/strong><\/p>\n<p><em>S\u00e1badu, 8 de febreru: \u201c*Hai xente pa too\u201d de Grupu de Teatru Rosario Trabanco<\/em><\/p>\n<p><em>S\u00e1badu, 15 de febreru: \u201cEsp\u00e9rote nel puertu\u201dde Sata B\u00e1rbara Teatru<\/em><\/p>\n<p><em>S\u00e1badu, 22 de febreru: \u201cLos \u00e1nxeles de Chari\u201dde Grupu de Teatru Selena<\/em><\/p>\n<p><strong><span style=\"color: #008080\">Marzu 2025<\/span><\/strong><\/p>\n<p><em>S\u00e1badu, 1 de marzu: \u201cDivorciu de grupu\u201d de Les Filanderes<\/em><\/p>\n<p><em>S\u00e1badu, 8 de marzu: \u201cM\u00e1s p\u2019all\u00e1 que p\u2019ac\u00e1\u201d de Padre Coll.<\/em><\/p>\n<p><em>S\u00e1badu, 15 de marzu: \u201cA la romana\u201d de Compa\u00f1\u00eda Asturiana de Comedies<\/em><\/p>\n<p><em>S\u00e1badu, 22 de marzu: \u201cVecines\u2026 puerta con puerta\u201d de Carmen L\u00f3pez Teatru<\/em><\/p>\n<p><em>S\u00e1badu, 29 de marzu: Gala d&#8217;entrega de premios y representaci\u00f3n de \u201cLila la l\u00eda\u201d de Teatru L&#8217;Horru<\/em><\/p>\n","protected":false},"excerpt":{"rendered":"<p>Cartelu \/ Llangr\u00e9u celebra la tradici\u00f3n y l&#8217;humor asturiano cola XXII edici\u00f3n del Ciclu de Teatru Costumista Asturianu, que va tener llugar nel Nuevu Teatru de La Felguera. Esti eventu, y\u00e1 consolid\u00e1u como una cita cultural imprescindible, va traer al escenariu una variada programaci\u00f3n con obres que combinen comedia, costumismu y emociones que conecten col [&hellip;]<\/p>\n","protected":false},"author":117,"featured_media":0,"comment_status":"open","ping_status":"open","sticky":false,"template":"","format":"standard","meta":{"footnotes":""},"categories":[214,82],"tags":[],"class_list":["post-41149","post","type-post","status-publish","format-standard","hentry","category-cartelos","category-teatru"],"_links":{"self":[{"href":"https:\/\/edublog.educastur.es\/ixuxu\/wp-json\/wp\/v2\/posts\/41149","targetHints":{"allow":["GET"]}}],"collection":[{"href":"https:\/\/edublog.educastur.es\/ixuxu\/wp-json\/wp\/v2\/posts"}],"about":[{"href":"https:\/\/edublog.educastur.es\/ixuxu\/wp-json\/wp\/v2\/types\/post"}],"author":[{"embeddable":true,"href":"https:\/\/edublog.educastur.es\/ixuxu\/wp-json\/wp\/v2\/users\/117"}],"replies":[{"embeddable":true,"href":"https:\/\/edublog.educastur.es\/ixuxu\/wp-json\/wp\/v2\/comments?post=41149"}],"version-history":[{"count":4,"href":"https:\/\/edublog.educastur.es\/ixuxu\/wp-json\/wp\/v2\/posts\/41149\/revisions"}],"predecessor-version":[{"id":41158,"href":"https:\/\/edublog.educastur.es\/ixuxu\/wp-json\/wp\/v2\/posts\/41149\/revisions\/41158"}],"wp:attachment":[{"href":"https:\/\/edublog.educastur.es\/ixuxu\/wp-json\/wp\/v2\/media?parent=41149"}],"wp:term":[{"taxonomy":"category","embeddable":true,"href":"https:\/\/edublog.educastur.es\/ixuxu\/wp-json\/wp\/v2\/categories?post=41149"},{"taxonomy":"post_tag","embeddable":true,"href":"https:\/\/edublog.educastur.es\/ixuxu\/wp-json\/wp\/v2\/tags?post=41149"}],"curies":[{"name":"wp","href":"https:\/\/api.w.org\/{rel}","templated":true}]}}