{"id":41151,"date":"2025-01-30T14:33:37","date_gmt":"2025-01-30T12:33:37","guid":{"rendered":"https:\/\/edublog.educastur.es\/ixuxu\/?p=41151"},"modified":"2025-01-30T14:39:31","modified_gmt":"2025-01-30T12:39:31","slug":"musicasturiana-com-crea-la-playlist-esto-ye-muyeres","status":"publish","type":"post","link":"https:\/\/edublog.educastur.es\/ixuxu\/2025\/01\/musicasturiana-com-crea-la-playlist-esto-ye-muyeres\/","title":{"rendered":"Musicasturiana.com crea la playlist \u2018Esto ye: Muyeres\u2019"},"content":{"rendered":"<div class=\"html-div xdj266r x11i5rnm xat24cr x1mh8g0r xexx8yu x4uap5 x18d9i69 xkhd6sd\">\n<div class=\"html-div xdj266r x11i5rnm x1mh8g0r x18d9i69 x1cy8zhl x78zum5 x1q0g3np xod5an3 xz9dl7a x1ye3gou xn6708d\">\n<div class=\"html-div xdj266r x11i5rnm xat24cr x1mh8g0r xexx8yu x4uap5 x18d9i69 xkhd6sd x1iyjqo2\">\n<div class=\"x78zum5 xdt5ytf xz62fqu x16ldp7u\">\n<div class=\"xu06os2 x1ok221b\">\n<div class=\"html-div xdj266r x11i5rnm xat24cr x1mh8g0r xexx8yu x4uap5 x18d9i69 xkhd6sd\" data-ad-rendering-role=\"profile_name\">\n<ul>\n<li id=\":rnc:\" class=\"html-h4 x11i5rnm xat24cr x1mh8g0r xexx8yu x4uap5 x18d9i69 xkhd6sd x1vvkbs x1heor9g x1qlqyl8 x1pd3egz x1a2a7pz x1gslohp x1yc453h\"><span class=\"xt0psk2\"><a class=\"x1i10hfl xjbqb8w x1ejq31n xd10rxx x1sy0etr x17r0tee x972fbf xcfux6l x1qhh985 xm0m39n x9f619 x1ypdohk xt0psk2 xe8uvvx xdj266r x11i5rnm xat24cr x1mh8g0r xexx8yu x4uap5 x18d9i69 xkhd6sd x16tdsg8 x1hl2dhg xggy1nq x1a2a7pz x1sur9pj xkrqix3 xzsf02u x1s688f\" role=\"link\" href=\"https:\/\/www.facebook.com\/musicasturiana?__cft__[0]=AZU42Tj-rUoFyLpKYay8-OqL_GPPon2z9Tof0e136pmat_PStxacNh9AYXax9wGQzZKyx5ZgjclbHWM0UDMCRhcBDl7H94eSAbQ0NiPIWjH51eb2cfFFbIOir_9c2Tph0q9RnzPluP003yqXvTynbgNJs722H73hAB9-_KhQH4O58onATjmp5acWc-PVr8JzaGle5NNd_6Wzelbi2aUkPnfboKraLGBa2bbSK6gfBN0hqA&amp;__tn__=-UC%2CP-R\" aria-describedby=\":ru3:\"><strong class=\"html-strong xdj266r x11i5rnm xat24cr x1mh8g0r xexx8yu x4uap5 x18d9i69 xkhd6sd x1hl2dhg x16tdsg8 x1vvkbs x1s688f\"><span class=\"html-span xdj266r x11i5rnm xat24cr x1mh8g0r xexx8yu x4uap5 x18d9i69 xkhd6sd x1hl2dhg x16tdsg8 x1vvkbs\">musicasturiana.com<\/span><\/strong><\/a><\/span><b><\/b><b>\/ <em><a href=\"https:\/\/open.spotify.com\/playlist\/3kS5WEvyG7459KThQsx467?go=1&amp;sp_cid=e40475995c639dfb4938c6e0cb667efa&amp;utm_source=embed_player_p&amp;utm_medium=desktop&amp;nd=1&amp;dlsi=50f9520d93bb4e01\">Spotify \u00abEsto ye: Muyeres\u00bb<\/a> <\/em>\/<a class=\"x1i10hfl xjbqb8w x1ejq31n xd10rxx x1sy0etr x17r0tee x972fbf xcfux6l x1qhh985 xm0m39n x9f619 x1ypdohk xt0psk2 xe8uvvx xdj266r x11i5rnm xat24cr x1mh8g0r xexx8yu x4uap5 x18d9i69 xkhd6sd x16tdsg8 x1hl2dhg xggy1nq x1a2a7pz x1sur9pj xkrqix3 xzsf02u x1s688f\" role=\"link\" href=\"https:\/\/www.facebook.com\/muyeresoficial?__cft__[0]=AZUYItXYy96ueVdNdm_2Rn5R-rv3dAFnKudhUu4mUOIhwcaJd6r623yRkB4eL183DIjK_XuEjBphC1e_9a3g8GjWGqj_uWiE8wd1b8RveMyb2o8CqHsFRDRHcHMkwQDEyJmk64FhNP9loZPdRNqml73Zd0OcydpPUeAClrS7tsn8xR1uKWAEJqa17gymRRRwIE4_Kg6E0m-qxg2arh00Ao_bEXDyGzs_BbNFSepHWOXPOh_yKNJzd3a9Sms6OwXcOdY&amp;__tn__=-UC%2CP-R\" aria-describedby=\":r2f4:\"><strong class=\"html-strong xdj266r x11i5rnm xat24cr x1mh8g0r xexx8yu x4uap5 x18d9i69 xkhd6sd x1hl2dhg x16tdsg8 x1vvkbs x1s688f\"><span class=\"html-span xdj266r x11i5rnm xat24cr x1mh8g0r xexx8yu x4uap5 x18d9i69 xkhd6sd x1hl2dhg x16tdsg8 x1vvkbs\">Muyeres <\/span><\/strong><\/a><\/b><b>Coleutivu de m\u00fasiques <span class=\"html-span xdj266r x11i5rnm xat24cr x1mh8g0r xexx8yu x4uap5 x18d9i69 xkhd6sd x1hl2dhg x16tdsg8 x1vvkbs\"><a class=\"x1i10hfl xjbqb8w x1ejq31n xd10rxx x1sy0etr x17r0tee x972fbf xcfux6l x1qhh985 xm0m39n x9f619 x1ypdohk xt0psk2 xe8uvvx xdj266r x11i5rnm xat24cr x1mh8g0r xexx8yu x4uap5 x18d9i69 xkhd6sd x16tdsg8 x1hl2dhg xggy1nq x1a2a7pz x1sur9pj xkrqix3 x1fey0fg x1s688f\" role=\"link\" href=\"https:\/\/www.facebook.com\/muyeresoficial?__cft__[0]=AZU42Tj-rUoFyLpKYay8-OqL_GPPon2z9Tof0e136pmat_PStxacNh9AYXax9wGQzZKyx5ZgjclbHWM0UDMCRhcBDl7H94eSAbQ0NiPIWjH51eb2cfFFbIOir_9c2Tph0q9RnzPluP003yqXvTynbgNJs722H73hAB9-_KhQH4O58onATjmp5acWc-PVr8JzaGle5NNd_6Wzelbi2aUkPnfboKraLGBa2bbSK6gfBN0hqA&amp;__tn__=-]K-R\"><span class=\"xt0psk2\"><span class=\"xjp7ctv\"><span aria-describedby=\":rud:\">Muyeres<\/span><\/span><\/span><\/a><\/span><\/b><\/li>\n<\/ul>\n<\/div>\n<\/div>\n<\/div>\n<\/div>\n<\/div>\n<\/div>\n<div class=\"html-div xdj266r x11i5rnm xat24cr x1mh8g0r xexx8yu x4uap5 x18d9i69 xkhd6sd\">\n<div class=\"html-div xdj266r x11i5rnm xat24cr x1mh8g0r xexx8yu x4uap5 x18d9i69 xkhd6sd\" dir=\"auto\">\n<div class=\"html-div xdj266r x11i5rnm xat24cr x1mh8g0r xexx8yu x4uap5 x18d9i69 xkhd6sd\" data-ad-rendering-role=\"story_message\">\n<div id=\":rne:\" class=\"x1l90r2v x1iorvi4 x1ye3gou xn6708d\" data-ad-comet-preview=\"message\" data-ad-preview=\"message\">\n<div class=\"x78zum5 xdt5ytf xz62fqu x16ldp7u\">\n<div class=\"xu06os2 x1ok221b\">\n<div class=\"xdj266r x11i5rnm xat24cr x1mh8g0r x1vvkbs x126k92a\">\n<div dir=\"auto\">\n<div class=\"elementor-element elementor-element-667e3c7 elementor-widget elementor-widget-theme-post-title elementor-page-title elementor-widget-heading\" data-id=\"667e3c7\" data-element_type=\"widget\" data-widget_type=\"theme-post-title.default\">\n<div class=\"elementor-widget-container\">\n<p class=\"elementor-heading-title elementor-size-default\"><em><span style=\"font-size: 16px\">A malpenes dos meses de finar la xira &#8216;Humanes&#8217;, el coleutivu de m\u00fasiques <\/span><span class=\"html-span xdj266r x11i5rnm xat24cr x1mh8g0r xexx8yu x4uap5 x18d9i69 xkhd6sd x1hl2dhg x16tdsg8 x1vvkbs\" style=\"font-size: 16px\"><a class=\"x1i10hfl xjbqb8w x1ejq31n xd10rxx x1sy0etr x17r0tee x972fbf xcfux6l x1qhh985 xm0m39n x9f619 x1ypdohk xt0psk2 xe8uvvx xdj266r x11i5rnm xat24cr x1mh8g0r xexx8yu x4uap5 x18d9i69 xkhd6sd x16tdsg8 x1hl2dhg xggy1nq x1a2a7pz x1sur9pj xkrqix3 x1fey0fg x1s688f\" role=\"link\" href=\"https:\/\/www.facebook.com\/muyeresoficial?__cft__[0]=AZU42Tj-rUoFyLpKYay8-OqL_GPPon2z9Tof0e136pmat_PStxacNh9AYXax9wGQzZKyx5ZgjclbHWM0UDMCRhcBDl7H94eSAbQ0NiPIWjH51eb2cfFFbIOir_9c2Tph0q9RnzPluP003yqXvTynbgNJs722H73hAB9-_KhQH4O58onATjmp5acWc-PVr8JzaGle5NNd_6Wzelbi2aUkPnfboKraLGBa2bbSK6gfBN0hqA&amp;__tn__=-]K-R\"><span class=\"xt0psk2\"><span class=\"xjp7ctv\"><span aria-describedby=\":rud:\">Muyeres<\/span><\/span><\/span><\/a><\/span><span style=\"font-size: 16px\">, la voz coleutiva con m\u00e1s fuercia de la m\u00fasica asturiana, protagoniza la entrega de xineru d&#8217;esta estaya con 30 cantares ic\u00f3nicos <\/span><span class=\"html-span xexx8yu x4uap5 x18d9i69 xkhd6sd x1hl2dhg x16tdsg8 x1vvkbs x3nfvp2 x1j61x8r x1fcty0u xdj266r xat24cr xgzva0m xhhsvwb xxymvpz xlup9mm x1kky2od\" style=\"font-size: 16px\"><img loading=\"lazy\" decoding=\"async\" class=\"xz74otr\" src=\"https:\/\/static.xx.fbcdn.net\/images\/emoji.php\/v9\/t1\/1\/16\/1f3a7.png\" alt=\"?\" width=\"16\" height=\"16\" \/><\/span><a href=\"https:\/\/open.spotify.com\/playlist\/3kS5WEvyG7459KThQsx467?go=1&amp;sp_cid=e40475995c639dfb4938c6e0cb667efa&amp;utm_source=embed_player_p&amp;utm_medium=desktop&amp;nd=1&amp;dlsi=50f9520d93bb4e01\"><span style=\"font-size: 16px\"> Si\u00e9ntila nel nuesu perfil de Spotify.<\/span><\/a><\/em><\/p>\n<p style=\"text-align: center\">\n<!-- iframe plugin v.6.0 wordpress.org\/plugins\/iframe\/ -->\n<iframe style=\"border-radius:12px\" src=\"https:\/\/open.spotify.com\/embed\/playlist\/3kS5WEvyG7459KThQsx467?utm_source=generator\" width=\"100%\" height=\"400\" frameborder=\"0\" allowfullscreen allow=\"autoplay; clipboard-write; encrypted-media; fullscreen; picture-in-picture\" loading=\"lazy\" 0=\"\/iframe\" scrolling=\"yes\" class=\"iframe-class\"><\/iframe>\n<\/p>\n<p><!--more--><\/p>\n<p style=\"text-align: center\"><a href=\"https:\/\/musicasturiana.com\/wp-content\/uploads\/2025\/01\/Esto-ye-Muyeres.jpg\"><img loading=\"lazy\" decoding=\"async\" class=\"aligncenter size-large\" src=\"https:\/\/musicasturiana.com\/wp-content\/uploads\/2025\/01\/Esto-ye-Muyeres.jpg\" width=\"1200\" height=\"600\" \/><\/a><\/p>\n<p>Finamos xineru dedicando la estaya de playlist<strong>\u00a0<em><a href=\"https:\/\/open.spotify.com\/playlist\/3kS5WEvyG7459KThQsx467?si=952673f44f5e4205\" target=\"_blank\" rel=\"noreferrer noopener\" data-type=\"link\" data-id=\"https:\/\/open.spotify.com\/playlist\/3kS5WEvyG7459KThQsx467?si=952673f44f5e4205\">Esto ye<\/a><\/em><\/strong><em>\u00a0<\/em>a\u00a0<strong><a href=\"https:\/\/open.spotify.com\/playlist\/3kS5WEvyG7459KThQsx467?si=952673f44f5e4205\" target=\"_blank\" rel=\"noreferrer noopener\" data-type=\"link\" data-id=\"https:\/\/open.spotify.com\/playlist\/3kS5WEvyG7459KThQsx467?si=952673f44f5e4205\">Muyeres<\/a><\/strong>\u00a0con una llista de reproducci\u00f3n qu\u2019axunta\u00a0<strong>30 cantares<\/strong>\u00a0de la so discograf\u00eda, que y\u00e1 ta dafechu disponible en Spotify:\u00a0<em><a href=\"https:\/\/open.spotify.com\/intl-es\/album\/7zncoDQ8rffHK5dPAkATiZ?si=N3cnjyYySfOFg66qV_pv4Q\" target=\"_blank\" rel=\"noreferrer noopener\" data-type=\"link\" data-id=\"https:\/\/open.spotify.com\/intl-es\/album\/7zncoDQ8rffHK5dPAkATiZ?si=N3cnjyYySfOFg66qV_pv4Q\">Muyeres<\/a>\u00a0<\/em>(1994);\u00a0<em><a href=\"https:\/\/open.spotify.com\/intl-es\/album\/41rb4B3RD7UzBbTUTPvoBA?si=eS5M39OhSm-7XMEKNxnNhg\" target=\"_blank\" rel=\"noreferrer noopener\" data-type=\"link\" data-id=\"https:\/\/open.spotify.com\/intl-es\/album\/41rb4B3RD7UzBbTUTPvoBA?si=eS5M39OhSm-7XMEKNxnNhg\">Muyeres II<\/a>\u00a0<\/em>(1997);\u00a0<em><a href=\"https:\/\/open.spotify.com\/intl-es\/album\/5UyVWxuqwnq7RNuQbzTgJc?si=rtSbUlcFSJW7IL4tLYss_w\" target=\"_blank\" rel=\"noreferrer noopener\" data-type=\"link\" data-id=\"https:\/\/open.spotify.com\/intl-es\/album\/5UyVWxuqwnq7RNuQbzTgJc?si=rtSbUlcFSJW7IL4tLYss_w\">Pasamentu<\/a>\u00a0<\/em>(2001);\u00a0<em><a href=\"https:\/\/open.spotify.com\/intl-es\/album\/03XiMjVNrTwNwEvUnij5SI?si=jUUo3hHOR4-r2s3j4EtxdQ\" target=\"_blank\" rel=\"noreferrer noopener\" data-type=\"link\" data-id=\"https:\/\/open.spotify.com\/intl-es\/album\/03XiMjVNrTwNwEvUnij5SI?si=jUUo3hHOR4-r2s3j4EtxdQ\">Onde canta la culiebra<\/a>\u00a0<\/em>(2006);\u00a0<em><a href=\"https:\/\/open.spotify.com\/intl-es\/album\/2uh022B8FruzJ7R5ppXRfx?si=h1DH0EuzSw2QL7RMbRoeyA\" target=\"_blank\" rel=\"noreferrer noopener\" data-type=\"link\" data-id=\"https:\/\/open.spotify.com\/intl-es\/album\/2uh022B8FruzJ7R5ppXRfx?si=h1DH0EuzSw2QL7RMbRoeyA\">Pa\u00eds Malva<\/a>\u00a0<\/em>(2018); y\u00a0<em><a href=\"https:\/\/open.spotify.com\/intl-es\/album\/7ovHZtM6dcaHSiVDcR9gp0?si=-iQ2DYknSW6DQS4f8rge3Q\" target=\"_blank\" rel=\"noreferrer noopener\" data-type=\"link\" data-id=\"https:\/\/open.spotify.com\/intl-es\/album\/7ovHZtM6dcaHSiVDcR9gp0?si=-iQ2DYknSW6DQS4f8rge3Q\">Humanes<\/a>\u00a0<\/em>(2020).<\/p>\n<p><strong><a href=\"https:\/\/muyeres.org\/\" target=\"_blank\" rel=\"noreferrer noopener\" data-type=\"link\" data-id=\"https:\/\/muyeres.org\/\">Muyeres<\/a><\/strong>\u00a0ye la voz coleutiva con m\u00e1s fuercia de la m\u00fasica asturiana. Dende la so fundaci\u00f3n en 1993, reivindiquen el papel de les muyeres nel\u00a0<strong>caltenimientu del patrimoniu oral<\/strong>\u00a0del pa\u00eds y la\u00a0<strong>m\u00fasica tradicional de percusi\u00f3n<\/strong>. Nestes m\u00e1s de tres d\u00e9cades dende que se form\u00f3\u2019l proyectu, participaron\u00a0<strong>m\u00e1s de 150 muyeres<\/strong>\u00a0y collaboradores de dellos\u00a0<strong>grupos d\u2019investigaci\u00f3n etnogr\u00e1fica<\/strong>\u00a0del territoriu. El pr\u00f3ximu\u00a0<strong>domingu 9 de marzu<\/strong>\u00a0finen la xira del so espect\u00e1culu\u00a0<em><strong>Humanes\u00a0<\/strong><\/em>nel Teatru La Llaboral de Xix\u00f3n, pal que les\u00a0<a href=\"https:\/\/uniticket.janto.es\/laboral\/public\/janto\/main.php?Nivel=Evento&amp;idEvento=20250309T\" target=\"_blank\" rel=\"noreferrer noopener\" data-type=\"link\" data-id=\"https:\/\/uniticket.janto.es\/laboral\/public\/janto\/main.php?Nivel=Evento&amp;idEvento=20250309T\">entraes<\/a>\u00a0y\u00e1 t\u00e1n a la venta.<\/p>\n<\/div>\n<\/div>\n<\/div>\n<\/div>\n<\/div>\n<\/div>\n<\/div>\n<\/div>\n<\/div>\n<\/div>\n<p>&nbsp;<\/p>\n","protected":false},"excerpt":{"rendered":"<p>musicasturiana.com\/ Spotify \u00abEsto ye: Muyeres\u00bb \/Muyeres Coleutivu de m\u00fasiques Muyeres A malpenes dos meses de finar la xira &#8216;Humanes&#8217;, el coleutivu de m\u00fasiques Muyeres, la voz coleutiva con m\u00e1s fuercia de la m\u00fasica asturiana, protagoniza la entrega de xineru d&#8217;esta estaya con 30 cantares ic\u00f3nicos Si\u00e9ntila nel nuesu perfil de Spotify.<\/p>\n","protected":false},"author":117,"featured_media":0,"comment_status":"open","ping_status":"open","sticky":false,"template":"","format":"standard","meta":{"footnotes":""},"categories":[35,125,121],"tags":[],"class_list":["post-41151","post","type-post","status-publish","format-standard","hentry","category-musica","category-musicasturiana-com","category-muyeres"],"_links":{"self":[{"href":"https:\/\/edublog.educastur.es\/ixuxu\/wp-json\/wp\/v2\/posts\/41151","targetHints":{"allow":["GET"]}}],"collection":[{"href":"https:\/\/edublog.educastur.es\/ixuxu\/wp-json\/wp\/v2\/posts"}],"about":[{"href":"https:\/\/edublog.educastur.es\/ixuxu\/wp-json\/wp\/v2\/types\/post"}],"author":[{"embeddable":true,"href":"https:\/\/edublog.educastur.es\/ixuxu\/wp-json\/wp\/v2\/users\/117"}],"replies":[{"embeddable":true,"href":"https:\/\/edublog.educastur.es\/ixuxu\/wp-json\/wp\/v2\/comments?post=41151"}],"version-history":[{"count":4,"href":"https:\/\/edublog.educastur.es\/ixuxu\/wp-json\/wp\/v2\/posts\/41151\/revisions"}],"predecessor-version":[{"id":41155,"href":"https:\/\/edublog.educastur.es\/ixuxu\/wp-json\/wp\/v2\/posts\/41151\/revisions\/41155"}],"wp:attachment":[{"href":"https:\/\/edublog.educastur.es\/ixuxu\/wp-json\/wp\/v2\/media?parent=41151"}],"wp:term":[{"taxonomy":"category","embeddable":true,"href":"https:\/\/edublog.educastur.es\/ixuxu\/wp-json\/wp\/v2\/categories?post=41151"},{"taxonomy":"post_tag","embeddable":true,"href":"https:\/\/edublog.educastur.es\/ixuxu\/wp-json\/wp\/v2\/tags?post=41151"}],"curies":[{"name":"wp","href":"https:\/\/api.w.org\/{rel}","templated":true}]}}