{"id":41166,"date":"2025-01-30T19:55:57","date_gmt":"2025-01-30T17:55:57","guid":{"rendered":"https:\/\/edublog.educastur.es\/ixuxu\/?p=41166"},"modified":"2025-01-31T11:40:29","modified_gmt":"2025-01-31T09:40:29","slug":"41166","status":"publish","type":"post","link":"https:\/\/edublog.educastur.es\/ixuxu\/2025\/01\/41166\/","title":{"rendered":"Entrega del VII Premiu pola Paz Carmen Ruiz-Tilve"},"content":{"rendered":"<ul>\n<li>Fonte: <a href=\"https:\/\/www.lne.es\/oviedo\/la-corredoria\/2025\/01\/30\/colegio-carmen-ruiz-tilve-premia-113856638.html\">LNE<\/a> \/ <a href=\"https:\/\/www.elcomercio.es\/oviedo\/oviedo-premios-paz-colegio-carmen-ruiz-tilve-20250131093859-nt.html\">El Comercio<\/a> \/<\/li>\n<\/ul>\n<p style=\"text-align: center\"><a href=\"https:\/\/estaticos-cdn.prensaiberica.es\/clip\/48e54435-743e-4fa7-9042-dde709ed8056_source-aspect-ratio_default_0.jpg\"><img loading=\"lazy\" decoding=\"async\" class=\"aligncenter size-large\" src=\"https:\/\/estaticos-cdn.prensaiberica.es\/clip\/48e54435-743e-4fa7-9042-dde709ed8056_source-aspect-ratio_default_0.jpg\" width=\"2000\" height=\"1333\" \/><\/a><\/p>\n<p><strong>Solidarid\u00e1, empat\u00eda y respetu.<\/strong> Estos son los valores qu&#8217;acald\u00eda&#8217;l profesor\u00e1u del colexu Carmen Ruiz-Tilve, de La Corredoria, inculca a los sos alumnos. Amuesa d&#8217;ello ye que mientres les \u00faltimes selmanes estudiaron el llabor d&#8217;ocho persones ya instituciones que con un solu xestu dexen una gran buelga na socied\u00e1 y, ayeri, homenax\u00e1ronlos coincidiendo col D\u00eda de la Paz. Foi mientres un actu presid\u00edu pola cronista oficial d&#8217;Uvi\u00e9u, que da nome al centru y arguyeci\u00f3se d&#8217;amadrinar una activid\u00e1 exemplar\u00bb.<\/p>\n<p><!--more--><\/p>\n<p>Conduci\u00f3 l&#8217;actu Mercedes Fern\u00e1ndez, tutora de segundu de Primaria B, quien reivindic\u00f3 que les actividaes de ca\u00fanu de los premiaos conviden \u00aba cavilgar\u00bb. Unu de los ganadores foi&#8217;l cantante Rodrigo Cueves porque <span style=\"color: #008080\"><em><strong>\u00abapuesta por construyir una socied\u00e1 m\u00e1s inclusiva y tien capacid\u00e1 de conectar con distintes xeneraciones al travi\u00e9s del humor y la m\u00fasica\u00bb<\/strong><\/em><\/span>, reconoci\u00f3-y el xur\u00e1u.<\/p>\n<p>El cantante nun pudo allegar pos s&#8217;atopa de xira en Chile, pero grab\u00f3 un v\u00eddeu nel que s&#8217;amos\u00f3 \u00abbien sosprend\u00edu y estimosu\u00bb por esta reconocencia, que recoy\u00f3 la so madre, Yolanda Gonz\u00e1lez.<span style=\"color: #008080\"><em><strong> \u00abYe bien importante que los alumnos sepan que la paz nun ye nam\u00e1 que nun haya guerres; ye l&#8217;ausencia d&#8217;acoso, tener garantizaos los derechos humanos y l&#8217;accesu a la cultura\u00bb<\/strong><\/em><\/span>, dixo&#8217;l cantante nel so mensaxes antes d&#8217;anunciar que se va atopar colos alumnos n&#8217;otra ocasi\u00f3n.<\/p>\n<p style=\"text-align: center\"><a href=\"https:\/\/estaticos-cdn.prensaiberica.es\/clip\/badd2284-83a9-4c8e-aa1d-636cacc64209_source-aspect-ratio_default_0.jpg\"><img loading=\"lazy\" decoding=\"async\" class=\"aligncenter size-large\" src=\"https:\/\/estaticos-cdn.prensaiberica.es\/clip\/badd2284-83a9-4c8e-aa1d-636cacc64209_source-aspect-ratio_default_0.jpg\" width=\"2000\" height=\"1333\" \/><\/a><\/p>\n<p>L&#8217;otru premi\u00e1u foi&#8217;l <strong>Movimientu Asturianu pola Paz<\/strong>, una instituci\u00f3n que surde en 1991 coles mires d&#8217;ayudar de forma independiente a espublizar la paz. L&#8217;encarg\u00e1u de recoyer el galard\u00f3n foi&#8217;l so presidente, Alberto Hidalgo, quien reivindic\u00f3 que la paz \u00abensin el desarme ye pr\u00e1cticamente una utop\u00eda\u00bb.<\/p>\n<p>La ceremonia tami\u00e9n sirvi\u00f3 para homenaxar a otros seis persones ya instituciones que fueron nomaos. Ente ellos, Gonzalo M\u00edguez, coordinador de Protecci\u00f3n Civil, quien s&#8217;amos\u00f3 por dem\u00e1s emocion\u00e1u porque \u00absiempres procur\u00e9 tener un compromisu importante cola socied\u00e1 y los m\u00e1s desfavorecios\u00bb.<\/p>\n<p>Tami\u00e9n galardonaron a I\u00f1aki Zubizarreta pol so llabor lluchando contra l&#8217;acoso escolar, a Protecci\u00f3n Civil de Pilo\u00f1a, la Rede Europea de Llucha contra la Probeza y l&#8217;Esclusi\u00f3n Social, el Frida Club de F\u00fatbol Femenino y el Centru Nacional d&#8217;Educaci\u00f3n nel Deporte.<\/p>\n<p><span style=\"color: #008080\">D\u00eda de celebraci\u00f3n y de formaci\u00f3n nel colexu Carmen Ruiz-Tilve, qu&#8217;acoy\u00f3 la entrega de los Premios pola Paz, na so s\u00e9ptima edici\u00f3n. Amadrinaos pola escritora, caderalga y cronista oficial d&#8217;Uvi\u00e9u, Carmen Ruiz-Tilve, los galardones busquen \u00abformar ciudadanos con valores\u00bb. Rodrigo Cueves y Maspaz fueron los premiaos.<\/span><\/p>\n<p><span style=\"color: #008080\">El xur\u00e1u estrem\u00f3 al cantante y compositor asturianu pol so compromisu colos derechos del colectivu LGTBIQ+ y la defensa de les tradiciones y folclore del Princip\u00e1u. <em>\u00abConsolid\u00f3se como una de les figures m\u00e1s emblem\u00e1tiques na defensa de los derechos humanos, llogrando xunir xeneraciones y tresformar la socied\u00e1 dende la cultura y la m\u00fasica, fomentando la paz\u00bb<\/em>, apunt\u00f3. De xira en Chile, la so madre, Yolanda Gonz\u00e1lez, recoy\u00f3&#8217;l premiu nel so nome con agradecimientu y \u00abemocionada y\u00e1 que ye la primer vegada que recueyo un premiu para&#8217;l mio f\u00edu en solitariu\u00bb, declar\u00f3. Al travi\u00e9s d&#8217;un v\u00eddeu, Cueves nun quixo perder la ocasi\u00f3n de dar les gracies al colexu y recordar a los alumnos la importancia d&#8217;entender que <em><strong>\u00abla paz nun ye solo l&#8217;ausencia de guerra, sin\u00f3n tami\u00e9n l&#8217;accesu a la cultura y la garant\u00eda de los derechos humanos\u00bb.<\/strong><\/em><\/span><\/p>\n<p><span style=\"color: #008080\">Ruiz-Tilve amos\u00f3se arguyosa cuando&#8217;l que fuera compa\u00f1eru d&#8217;aula, Alberto Hidalgo, presidente de Maspaz, sentose al so llau en recibiendo&#8217;l premiu: <strong><em>\u00abYe un prestar tar sent\u00e1u al pie de ti, Carmen. Somos compa\u00f1eros dende la universid\u00e1 y xuntos fundemos esti movimientu pola paz\u00bb.<\/em><\/strong><\/span><\/p>\n<p><span style=\"color: #008080\">Na categor\u00eda de persones los premiaos fueron Gonzalo Miguel Garc\u00eda, exconserje del colexu Corredoria I, ya I\u00f1aki Zubizarreta, exjugador de baloncestu y voz contra&#8217;l bullying. Na categor\u00eda d&#8217;instituciones, destacaron a Protecci\u00f3n Civil de Pilo\u00f1a; Rede Europea contra la probeza (EAPN); Frida club f\u00fatbol femen\u00edn y el Centru Nacional d&#8217;Educaci\u00f3n nel Deporte.<\/span><\/p>\n","protected":false},"excerpt":{"rendered":"<p>Fonte: LNE \/ El Comercio \/ Solidarid\u00e1, empat\u00eda y respetu. Estos son los valores qu&#8217;acald\u00eda&#8217;l profesor\u00e1u del colexu Carmen Ruiz-Tilve, de La Corredoria, inculca a los sos alumnos. Amuesa d&#8217;ello ye que mientres les \u00faltimes selmanes estudiaron el llabor d&#8217;ocho persones ya instituciones que con un solu xestu dexen una gran buelga na socied\u00e1 y, [&hellip;]<\/p>\n","protected":false},"author":117,"featured_media":0,"comment_status":"open","ping_status":"open","sticky":false,"template":"","format":"standard","meta":{"footnotes":""},"categories":[64,58],"tags":[],"class_list":["post-41166","post","type-post","status-publish","format-standard","hentry","category-carmen-ruiz-tilve","category-premios"],"_links":{"self":[{"href":"https:\/\/edublog.educastur.es\/ixuxu\/wp-json\/wp\/v2\/posts\/41166","targetHints":{"allow":["GET"]}}],"collection":[{"href":"https:\/\/edublog.educastur.es\/ixuxu\/wp-json\/wp\/v2\/posts"}],"about":[{"href":"https:\/\/edublog.educastur.es\/ixuxu\/wp-json\/wp\/v2\/types\/post"}],"author":[{"embeddable":true,"href":"https:\/\/edublog.educastur.es\/ixuxu\/wp-json\/wp\/v2\/users\/117"}],"replies":[{"embeddable":true,"href":"https:\/\/edublog.educastur.es\/ixuxu\/wp-json\/wp\/v2\/comments?post=41166"}],"version-history":[{"count":9,"href":"https:\/\/edublog.educastur.es\/ixuxu\/wp-json\/wp\/v2\/posts\/41166\/revisions"}],"predecessor-version":[{"id":41185,"href":"https:\/\/edublog.educastur.es\/ixuxu\/wp-json\/wp\/v2\/posts\/41166\/revisions\/41185"}],"wp:attachment":[{"href":"https:\/\/edublog.educastur.es\/ixuxu\/wp-json\/wp\/v2\/media?parent=41166"}],"wp:term":[{"taxonomy":"category","embeddable":true,"href":"https:\/\/edublog.educastur.es\/ixuxu\/wp-json\/wp\/v2\/categories?post=41166"},{"taxonomy":"post_tag","embeddable":true,"href":"https:\/\/edublog.educastur.es\/ixuxu\/wp-json\/wp\/v2\/tags?post=41166"}],"curies":[{"name":"wp","href":"https:\/\/api.w.org\/{rel}","templated":true}]}}