{"id":41190,"date":"2025-01-30T08:47:39","date_gmt":"2025-01-30T06:47:39","guid":{"rendered":"https:\/\/edublog.educastur.es\/ixuxu\/?p=41190"},"modified":"2025-01-31T12:21:17","modified_gmt":"2025-01-31T10:21:17","slug":"presentacion-de-lasociacion-de-profesionales-de-la-ilustracion-de-asturias-apiast","status":"publish","type":"post","link":"https:\/\/edublog.educastur.es\/ixuxu\/2025\/01\/presentacion-de-lasociacion-de-profesionales-de-la-ilustracion-de-asturias-apiast\/","title":{"rendered":"Presentaci\u00f3n de l\u2019Asociaci\u00f3n de Profesionales de la Ilustraci\u00f3n de Asturias (APIAST)"},"content":{"rendered":"<p style=\"text-align: center\">\n<!-- iframe plugin v.6.0 wordpress.org\/plugins\/iframe\/ -->\n<iframe loading=\"lazy\" src=\"https:\/\/www.instagram.com\/reel\/DFdT7jIsEfI\/embed\" width=\"360\" height=\"600\" 0=\"\/iframe\" scrolling=\"yes\" class=\"iframe-class\" frameborder=\"0\"><\/iframe>\n<\/p>\n<div class=\"xt0psk2\">\n<p class=\"_ap3a _aaco _aacu _aacx _aad7 _aade\" dir=\"auto\">? G\u00fcei celebramos un momentu hist\u00f3ricu pa la ilustraci\u00f3n asturiana nel Mus\u00e9u Barjola de Xix\u00f3n cola presentaci\u00f3n de l\u2019<strong>Asociaci\u00f3n de Profesionales de la Ilustraci\u00f3n de Asturias (APIAST)<\/strong> y la inauguraci\u00f3n de \u2018Somos APIAST: La ilustraci\u00f3n contempor\u00e1nea asturiana en 50 obres\u2019.<\/p>\n<ul>\n<li>APIAST: <a href=\"https:\/\/www.instagram.com\/apiast.ilustracion\/\">Instagram<\/a> \/ <a href=\"http:\/\/www.apiast.com\">web<\/a> \/<\/li>\n<\/ul>\n<p><!--more--><\/p>\n<p>?\ufe0fUna esposici\u00f3n que da valor al enorme talentu de les y los ilustradores d\u2019Asturies, un trabayu que ye esencial pa la cultura asturiana y que merez ser reconoc\u00edu y dignific\u00e1u.<\/p>\n<p>La conseyera de Cultura, Vanessa Guti\u00e9rrez, intervieno esti mediud\u00eda nel actu oficial xunto a representantes de l\u2019asociaci\u00f3n y del Conceyu de Xix\u00f3n.<\/p>\n<p>La esposici\u00f3n ta abierta al p\u00fablicu hasta\u2019l 28 de febreru. \u00a1Nun la pierdas! ?<\/p>\n<p style=\"text-align: center\">\n<!-- iframe plugin v.6.0 wordpress.org\/plugins\/iframe\/ -->\n<iframe loading=\"lazy\" src=\"https:\/\/www.instagram.com\/reel\/DEjyEiKtR3r\/embed\" width=\"360\" height=\"640\" 0=\"\/iframe\" scrolling=\"yes\" class=\"iframe-class\" frameborder=\"0\"><\/iframe>\n<\/p>\n<p class=\"_ap3a _aaco _aacu _aacx _aad7 _aade\" dir=\"auto\">PROGRAMACI\u00d3N y CARTEL de Somos APIAST \u270f\ufe0f El evento donde presentaremos oficialmente nuestra asociaci\u00f3n el pr\u00f3ximo 30 de enero, D\u00eda Mundial de la Ilustraci\u00f3n, en el <a class=\"x1i10hfl xjbqb8w x1ejq31n xd10rxx x1sy0etr x17r0tee x972fbf xcfux6l x1qhh985 xm0m39n x9f619 x1ypdohk xt0psk2 xe8uvvx xdj266r x11i5rnm xat24cr x1mh8g0r xexx8yu x4uap5 x18d9i69 xkhd6sd x16tdsg8 x1hl2dhg xggy1nq x1a2a7pz notranslate _a6hd\" role=\"link\" href=\"https:\/\/www.instagram.com\/museo.barjola\/\">@museo.barjola<\/a> de Gij\u00f3n.<\/p>\n<p>\u2728 Con aperitivo, exposici\u00f3n de 50 obras de personas socias, y charlas de <a class=\"x1i10hfl xjbqb8w x1ejq31n xd10rxx x1sy0etr x17r0tee x972fbf xcfux6l x1qhh985 xm0m39n x9f619 x1ypdohk xt0psk2 xe8uvvx xdj266r x11i5rnm xat24cr x1mh8g0r xexx8yu x4uap5 x18d9i69 xkhd6sd x16tdsg8 x1hl2dhg xggy1nq x1a2a7pz notranslate _a6hd\" role=\"link\" href=\"https:\/\/www.instagram.com\/jenrycomic\/\">@jenrycomic<\/a> <a class=\"x1i10hfl xjbqb8w x1ejq31n xd10rxx x1sy0etr x17r0tee x972fbf xcfux6l x1qhh985 xm0m39n x9f619 x1ypdohk xt0psk2 xe8uvvx xdj266r x11i5rnm xat24cr x1mh8g0r xexx8yu x4uap5 x18d9i69 xkhd6sd x16tdsg8 x1hl2dhg xggy1nq x1a2a7pz notranslate _a6hd\" role=\"link\" href=\"https:\/\/www.instagram.com\/evarami.studio\/\">@evarami.studio<\/a> y <a class=\"x1i10hfl xjbqb8w x1ejq31n xd10rxx x1sy0etr x17r0tee x972fbf xcfux6l x1qhh985 xm0m39n x9f619 x1ypdohk xt0psk2 xe8uvvx xdj266r x11i5rnm xat24cr x1mh8g0r xexx8yu x4uap5 x18d9i69 xkhd6sd x16tdsg8 x1hl2dhg xggy1nq x1a2a7pz notranslate _a6hd\" role=\"link\" href=\"https:\/\/www.instagram.com\/veronicagrech\/\">@veronicagrech<\/a>.<\/p>\n<p>? Desde APIAST hemos trabajado durante meses, siempre en equipo y con mucha ilusi\u00f3n, para organizar este evento que dar\u00e1 visibilidad a profesionales del sector de toda Asturias. \u00a1Nos vemos muy pronto, y esperamos que lo disfrut\u00e9is!<\/p>\n<p>Ilustraci\u00f3n de cartel <a class=\"x1i10hfl xjbqb8w x1ejq31n xd10rxx x1sy0etr x17r0tee x972fbf xcfux6l x1qhh985 xm0m39n x9f619 x1ypdohk xt0psk2 xe8uvvx xdj266r x11i5rnm xat24cr x1mh8g0r xexx8yu x4uap5 x18d9i69 xkhd6sd x16tdsg8 x1hl2dhg xggy1nq x1a2a7pz notranslate _a6hd\" role=\"link\" href=\"https:\/\/www.instagram.com\/oscar_vazquez_glez\/\">@oscar_vazquez_glez<\/a> | Dise\u00f1o <a class=\"x1i10hfl xjbqb8w x1ejq31n xd10rxx x1sy0etr x17r0tee x972fbf xcfux6l x1qhh985 xm0m39n x9f619 x1ypdohk xt0psk2 xe8uvvx xdj266r x11i5rnm xat24cr x1mh8g0r xexx8yu x4uap5 x18d9i69 xkhd6sd x16tdsg8 x1hl2dhg xggy1nq x1a2a7pz notranslate _a6hd\" role=\"link\" href=\"https:\/\/www.instagram.com\/oscar_vazquez_glez\/\">@oscar_vazquez_glez<\/a> <a class=\"x1i10hfl xjbqb8w x1ejq31n xd10rxx x1sy0etr x17r0tee x972fbf xcfux6l x1qhh985 xm0m39n x9f619 x1ypdohk xt0psk2 xe8uvvx xdj266r x11i5rnm xat24cr x1mh8g0r xexx8yu x4uap5 x18d9i69 xkhd6sd x16tdsg8 x1hl2dhg xggy1nq x1a2a7pz notranslate _a6hd\" role=\"link\" href=\"https:\/\/www.instagram.com\/rugidoillustration\/\">@rugidoillustration<\/a> | Redes sociales <a class=\"x1i10hfl xjbqb8w x1ejq31n xd10rxx x1sy0etr x17r0tee x972fbf xcfux6l x1qhh985 xm0m39n x9f619 x1ypdohk xt0psk2 xe8uvvx xdj266r x11i5rnm xat24cr x1mh8g0r xexx8yu x4uap5 x18d9i69 xkhd6sd x16tdsg8 x1hl2dhg xggy1nq x1a2a7pz notranslate _a6hd\" role=\"link\" href=\"https:\/\/www.instagram.com\/cinth.alvarez\/\">@cinth.alvarez<\/a><\/p>\n<\/div>\n","protected":false},"excerpt":{"rendered":"<p>? G\u00fcei celebramos un momentu hist\u00f3ricu pa la ilustraci\u00f3n asturiana nel Mus\u00e9u Barjola de Xix\u00f3n cola presentaci\u00f3n de l\u2019Asociaci\u00f3n de Profesionales de la Ilustraci\u00f3n de Asturias (APIAST) y la inauguraci\u00f3n de \u2018Somos APIAST: La ilustraci\u00f3n contempor\u00e1nea asturiana en 50 obres\u2019. APIAST: Instagram \/ web \/<\/p>\n","protected":false},"author":117,"featured_media":0,"comment_status":"open","ping_status":"open","sticky":false,"template":"","format":"standard","meta":{"footnotes":""},"categories":[53],"tags":[],"class_list":["post-41190","post","type-post","status-publish","format-standard","hentry","category-asociaciones"],"_links":{"self":[{"href":"https:\/\/edublog.educastur.es\/ixuxu\/wp-json\/wp\/v2\/posts\/41190","targetHints":{"allow":["GET"]}}],"collection":[{"href":"https:\/\/edublog.educastur.es\/ixuxu\/wp-json\/wp\/v2\/posts"}],"about":[{"href":"https:\/\/edublog.educastur.es\/ixuxu\/wp-json\/wp\/v2\/types\/post"}],"author":[{"embeddable":true,"href":"https:\/\/edublog.educastur.es\/ixuxu\/wp-json\/wp\/v2\/users\/117"}],"replies":[{"embeddable":true,"href":"https:\/\/edublog.educastur.es\/ixuxu\/wp-json\/wp\/v2\/comments?post=41190"}],"version-history":[{"count":4,"href":"https:\/\/edublog.educastur.es\/ixuxu\/wp-json\/wp\/v2\/posts\/41190\/revisions"}],"predecessor-version":[{"id":41211,"href":"https:\/\/edublog.educastur.es\/ixuxu\/wp-json\/wp\/v2\/posts\/41190\/revisions\/41211"}],"wp:attachment":[{"href":"https:\/\/edublog.educastur.es\/ixuxu\/wp-json\/wp\/v2\/media?parent=41190"}],"wp:term":[{"taxonomy":"category","embeddable":true,"href":"https:\/\/edublog.educastur.es\/ixuxu\/wp-json\/wp\/v2\/categories?post=41190"},{"taxonomy":"post_tag","embeddable":true,"href":"https:\/\/edublog.educastur.es\/ixuxu\/wp-json\/wp\/v2\/tags?post=41190"}],"curies":[{"name":"wp","href":"https:\/\/api.w.org\/{rel}","templated":true}]}}