{"id":41196,"date":"2025-01-31T12:00:43","date_gmt":"2025-01-31T10:00:43","guid":{"rendered":"https:\/\/edublog.educastur.es\/ixuxu\/?p=41196"},"modified":"2025-02-01T16:09:33","modified_gmt":"2025-02-01T14:09:33","slug":"41196","status":"publish","type":"post","link":"https:\/\/edublog.educastur.es\/ixuxu\/2025\/01\/41196\/","title":{"rendered":""},"content":{"rendered":"<p style=\"text-align: center\"><span style=\"font-size: 24px\"><em><span style=\"color: #800080\">\u00abLo importante nun ye la tecnolox\u00eda.<\/span><\/em><\/span><br \/>\n<span style=\"font-size: 24px\"><em><span style=\"color: #800080\"><strong> Lo importante son les palabres.<\/strong> <\/span><\/em><\/span><br \/>\n<span style=\"font-size: 24px\"><strong><em><span style=\"color: #800080\">El fechu de compartir les palabres.<\/span><\/em><\/strong><\/span><br \/>\n<span style=\"font-size: 24px\"><strong><em><span style=\"color: #800080\"> L&#8217;activaci\u00f3n de la imaxinaci\u00f3n<br \/>\npor aciu la llectura de palabres&#8230;<\/span><\/em><\/strong><\/span><br \/>\n<span style=\"font-size: 24px\"><em><span style=\"color: #800080\"><strong> Lleer ye una manera d&#8217;escuchar.<\/strong> <\/span><\/em><\/span><br \/>\n<span style=\"font-size: 24px\"><em><span style=\"color: #800080\">Lleer nun ye tan pasivu como oyer o ver.<\/span><\/em><\/span><br \/>\n<span style=\"font-size: 24px\"><em><span style=\"color: #800080\"> Ye un actu: fac\u00e9moslo.<\/span><\/em><\/span><\/p>\n<p style=\"text-align: center\"><!--more--><br \/>\n<span style=\"color: #800080;font-size: 24px\"><strong><em> Lleemos al nuesu propiu ritmu,<\/em><\/strong><\/span><br \/>\n<span style=\"color: #800080;font-size: 24px\"><strong><em> a nuesa mesma velocid\u00e1, <\/em><\/strong><\/span><br \/>\n<span style=\"color: #800080;font-size: 24px\"><em>non acordies con la corriente incesante, <\/em><\/span><br \/>\n<span style=\"color: #800080;font-size: 24px\"><em>incoerente, confusa y chillona <\/em><\/span><br \/>\n<span style=\"color: #800080;font-size: 24px\"><em>de los medios de comunicaci\u00f3n&#8230;<br \/>\n<\/em><\/span><br \/>\n<span style=\"color: #800080;font-size: 24px\"><strong><em>Cuando lleemos una hestoria, <\/em><\/strong><\/span><br \/>\n<span style=\"color: #800080;font-size: 24px\"><strong><em>t\u00e1n cunt\u00e1ndonos daqu\u00e9,<\/em><\/strong><\/span><br \/>\n<span style=\"color: #800080;font-size: 24px\"><em> pero nun quieren vendenos nada. <\/em><\/span><br \/>\n<span style=\"color: #800080;font-size: 24px\"><strong><em>Y anque polo xeneral lleemos en soled\u00e1, <\/em><\/strong><\/span><br \/>\n<span style=\"color: #800080;font-size: 24px\"><em>entramos en comuni\u00f3n con otres mentes. <\/em><\/span><br \/>\n<span style=\"color: #800080;font-size: 24px\"><em>Nun nos llaven el celebru <\/em><\/span><br \/>\n<span style=\"color: #800080;font-size: 24px\"><em>nin nos recluten nin nos utilicen;<\/em><\/span><br \/>\n<span style=\"color: #800080;font-size: 24px\"><strong><em> axuntamos nun actu de la imaxinaci\u00f3n&#8230;<\/em><\/strong><\/span><\/p>\n<p style=\"text-align: center\"><span style=\"color: #800080;font-size: 24px\"><strong><em>L&#8217;alfabetismu ye importante <\/em><\/strong><\/span><br \/>\n<span style=\"color: #800080;font-size: 24px\"><strong><em>porque la lliteratura<br \/>\nson les instrucciones d&#8217;usu.<\/em><\/strong><\/span><br \/>\n<span style=\"color: #800080;font-size: 24px\"><strong><em> Ye&#8217;l meyor manual que tenemos<\/em><\/strong><\/span><br \/>\n<span style=\"color: #800080;font-size: 24px\"><strong><em>La gu\u00eda m\u00e1s \u00fatil del pa\u00eds<br \/>\nque visitamos: la vida\u00bb.<\/em><\/strong><\/span><\/p>\n<p style=\"text-align: center\"><span class=\"x193iq5w xeuugli x13faqbe x1vvkbs x1xmvt09 x1lliihq x1s928wv xhkezso x1gmr53x x1cpjm7i x1fgarty x1943h6x xudqn12 x3x7a5m x1f6kntn xvq8zen xo1l8bm xzsf02u x1yc453h\" dir=\"auto\">Ursula K. Le Guin<\/span><\/p>\n<p style=\"text-align: center\"><a href=\"https:\/\/ethic.es\/wp-content\/uploads\/2018\/04\/ursula-k-le-guin-768x640-1.jpg\"><img loading=\"lazy\" decoding=\"async\" class=\"aligncenter \" src=\"https:\/\/ethic.es\/wp-content\/uploads\/2018\/04\/ursula-k-le-guin-768x640-1.jpg\" width=\"510\" height=\"425\" \/><\/a><\/p>\n","protected":false},"excerpt":{"rendered":"<p>\u00abLo importante nun ye la tecnolox\u00eda. Lo importante son les palabres. El fechu de compartir les palabres. L&#8217;activaci\u00f3n de la imaxinaci\u00f3n por aciu la llectura de palabres&#8230; Lleer ye una manera d&#8217;escuchar. Lleer nun ye tan pasivu como oyer o ver. Ye un actu: fac\u00e9moslo.<\/p>\n","protected":false},"author":117,"featured_media":0,"comment_status":"open","ping_status":"open","sticky":false,"template":"","format":"quote","meta":{"footnotes":""},"categories":[1],"tags":[],"class_list":["post-41196","post","type-post","status-publish","format-quote","hentry","category-sin-categoria","post_format-post-format-quote"],"_links":{"self":[{"href":"https:\/\/edublog.educastur.es\/ixuxu\/wp-json\/wp\/v2\/posts\/41196","targetHints":{"allow":["GET"]}}],"collection":[{"href":"https:\/\/edublog.educastur.es\/ixuxu\/wp-json\/wp\/v2\/posts"}],"about":[{"href":"https:\/\/edublog.educastur.es\/ixuxu\/wp-json\/wp\/v2\/types\/post"}],"author":[{"embeddable":true,"href":"https:\/\/edublog.educastur.es\/ixuxu\/wp-json\/wp\/v2\/users\/117"}],"replies":[{"embeddable":true,"href":"https:\/\/edublog.educastur.es\/ixuxu\/wp-json\/wp\/v2\/comments?post=41196"}],"version-history":[{"count":4,"href":"https:\/\/edublog.educastur.es\/ixuxu\/wp-json\/wp\/v2\/posts\/41196\/revisions"}],"predecessor-version":[{"id":41233,"href":"https:\/\/edublog.educastur.es\/ixuxu\/wp-json\/wp\/v2\/posts\/41196\/revisions\/41233"}],"wp:attachment":[{"href":"https:\/\/edublog.educastur.es\/ixuxu\/wp-json\/wp\/v2\/media?parent=41196"}],"wp:term":[{"taxonomy":"category","embeddable":true,"href":"https:\/\/edublog.educastur.es\/ixuxu\/wp-json\/wp\/v2\/categories?post=41196"},{"taxonomy":"post_tag","embeddable":true,"href":"https:\/\/edublog.educastur.es\/ixuxu\/wp-json\/wp\/v2\/tags?post=41196"}],"curies":[{"name":"wp","href":"https:\/\/api.w.org\/{rel}","templated":true}]}}