{"id":41199,"date":"2025-01-29T18:00:36","date_gmt":"2025-01-29T16:00:36","guid":{"rendered":"https:\/\/edublog.educastur.es\/ixuxu\/?p=41199"},"modified":"2025-01-31T12:17:09","modified_gmt":"2025-01-31T10:17:09","slug":"feria-de-la-ciencia-y-linnovacion-dasturies","status":"publish","type":"post","link":"https:\/\/edublog.educastur.es\/ixuxu\/2025\/01\/feria-de-la-ciencia-y-linnovacion-dasturies\/","title":{"rendered":"III Feria de la Ciencia y l&#8217;Innovaci\u00f3n d&#8217;Asturies"},"content":{"rendered":"<div class=\"html-div xdj266r xat24cr x1mh8g0r xexx8yu x4uap5 x18d9i69 xkhd6sd x78zum5 x2lah0s xqtp20y x1emribx\">\n<div class=\"xc9qbxq x1td3qas x6s0dn4 x78zum5 xl56j7k\">\n<div style=\"text-align: center\"><a href=\"https:\/\/www.educastur.es\/documents\/34868\/40897\/2025-01-act-ciencia-ppdo-feria-ciencia-700.jpg\/0b94cac2-f768-74e5-5f6a-53a1e91d4b95?t=1738157846942\"><img loading=\"lazy\" decoding=\"async\" class=\"aligncenter \" src=\"https:\/\/www.educastur.es\/documents\/34868\/40897\/2025-01-act-ciencia-ppdo-feria-ciencia-700.jpg\/0b94cac2-f768-74e5-5f6a-53a1e91d4b95?t=1738157846942\" width=\"256\" height=\"262\" \/><\/a><\/div>\n<div class=\"\" style=\"text-align: center\">\n<!-- iframe plugin v.6.0 wordpress.org\/plugins\/iframe\/ -->\n<iframe loading=\"lazy\" src=\"https:\/\/www.facebook.com\/plugins\/video.php?height=316&#038;href=https%3A%2F%2Fwww.facebook.com%2FCienciaAsturias%2Fvideos%2F1129227485017424%2F&#038;show_text=false&#038;width=560&#038;t=0\" width=\"560\" height=\"316\" style=\"border:none;overflow:hidden\" scrolling=\"no\" frameborder=\"0\" allowfullscreen=\"true\" allow=\"autoplay; clipboard-write; encrypted-media; picture-in-picture; web-share\" 0=\"\/iframe\" class=\"iframe-class\"><\/iframe>\n<\/div>\n<\/div>\n<\/div>\n<div class=\"x78zum5 xdt5ytf xz62fqu x16ldp7u\">\n<div class=\"xu06os2 x1ok221b\">\n<div class=\"html-div xdj266r x11i5rnm xat24cr x1mh8g0r xexx8yu x4uap5 x18d9i69 xkhd6sd\" data-ad-rendering-role=\"profile_name\">\n<ul>\n<li class=\"html-h3 x11i5rnm xat24cr x1mh8g0r xexx8yu x4uap5 x18d9i69 xkhd6sd x1vvkbs x1heor9g x1qlqyl8 x1pd3egz x1a2a7pz x1gslohp x1yc453h\"><span class=\"x1lliihq x6ikm8r x10wlt62 x1n2onr6\"><span class=\"xt0psk2\"><span class=\"xjp7ctv\"><a class=\"x1i10hfl xjbqb8w x1ejq31n xd10rxx x1sy0etr x17r0tee x972fbf xcfux6l x1qhh985 xm0m39n x9f619 x1ypdohk xt0psk2 xe8uvvx xdj266r x11i5rnm xat24cr x1mh8g0r xexx8yu x4uap5 x18d9i69 xkhd6sd x16tdsg8 x1hl2dhg xggy1nq x1a2a7pz x1sur9pj xkrqix3 xzsf02u x1s688f\" role=\"link\" href=\"https:\/\/www.facebook.com\/CienciaAsturias?__cft__[0]=AZWgSTOjZvTEXnB2ZqBcLGGP-nfsOo2eNYuNsh13zfOW6Z9aBOBtc1vyUXvW1ZKqovahRX10dWWGQmcEPatRgTE7p3PMSqYZ8Yedf-a8TeIVggsRGeqhQoZmbGt-IiEwfRmTeVE571--JhROwW8UcHgKGnO_d9gp4Nqk-vstl1ySkdDKlDnP60d8xWHbop-KCzfFGJkYju9GZdsmCyrFqjE4CkTkAhP6MJgA6hIouGFIMw&amp;__tn__=-UC%2CP-y-R\" aria-describedby=\":r18t:\"><strong class=\"html-strong xdj266r x11i5rnm xat24cr x1mh8g0r xexx8yu x4uap5 x18d9i69 xkhd6sd x1hl2dhg x16tdsg8 x1vvkbs x1s688f\"><span class=\"html-span xdj266r x11i5rnm xat24cr x1mh8g0r xexx8yu x4uap5 x18d9i69 xkhd6sd x1hl2dhg x16tdsg8 x1vvkbs\">Conseyer\u00eda de Ciencia, Empresas, Formaci\u00f3n y Empleo<\/span><\/strong><\/a><\/span><\/span><\/span>\/<span class=\"html-span xdj266r x11i5rnm xat24cr x1mh8g0r xexx8yu x4uap5 x18d9i69 xkhd6sd x1hl2dhg x16tdsg8 x1vvkbs\"><a class=\"x1i10hfl xjbqb8w x1ejq31n xd10rxx x1sy0etr x17r0tee x972fbf xcfux6l x1qhh985 xm0m39n x9f619 x1ypdohk xt0psk2 xe8uvvx xdj266r x11i5rnm xat24cr x1mh8g0r xexx8yu x4uap5 x18d9i69 xkhd6sd x16tdsg8 x1hl2dhg xggy1nq x1a2a7pz x1sur9pj xkrqix3 x1fey0fg x1s688f\" role=\"link\" href=\"https:\/\/l.facebook.com\/l.php?u=https%3A%2F%2Fgoo.su%2F3tU7zYU%3Ffbclid%3DIwZXh0bgNhZW0CMTAAAR2VRx4J5ilRkZ78wE7xdLtElEayxtr0XJWli8YJrgUw0trROGib9XTR95g_aem_88Ykz8STneGZ5axmth-Z5g&amp;h=AT2ZgDtd2GxsVU_7cQpvnnRzvRmPw_lyWKdmuanhQ2VYmi3KK2AzPoKFXaanNbIzN-K3RonJOQ5KXGk3LRy20MqRzrG_l95dhECTDxfMnpk4fWqCLpPmTEwW2-p3AodQ-Q&amp;__tn__=-UK-y-R&amp;c[0]=AT11fgQ9WG1Il1JuHKcF_IC5dLZnf9nrqr-V1XPT5PRYx0OCyZqzoKZzi165HxRTKq1BVzjMQ_nXKKgbp2pkgya-HWgJ570eXugGYEu4BiON5dkc-_CizEJ5k2GIijWtV0bHVZotEiQSiPOBvKPr42kSzVlN5WUJbdcn_9mV0TAbb5-p-ARXL0GyKwdnD9kMb1_YkMOU8l-CpolMqR8e4WgT8YMYXryy45NNLflT-qHgQP8I4g\" target=\"_blank\" rel=\"nofollow noopener noreferrer\">https:\/\/goo.su\/3tU7zYU<\/a><\/span><\/li>\n<li><a href=\"https:\/\/www.educastur.es\/-\/iii-feria-ciencia-innovacion-asturias-2025?redirect=%2F\">Educastur<\/a> \/<\/li>\n<\/ul>\n<p><em>Tamos preparando una nueva edici\u00f3n de la <strong>Feria de la Ciencia y l&#8217;Innovaci\u00f3n d&#8217;Asturies. <\/strong>Los centros d&#8217;Educaci\u00f3n Secundaria, Bachilleratu y FP y\u00e1 pueden inscribise como participantes con un estand o como visitantes. Equ\u00ed tienes m\u00e1s informaci\u00f3n y enllaces a los formularios d&#8217;inscripci\u00f3n.<\/em><\/p>\n<\/div>\n<ul>\n<li>Fecha: 9 de mayu de 2025.<\/li>\n<li>Llugar: Nave de Ca\u00f1ones de la F\u00e1brica d&#8217;Armes de La Vega (Uvi\u00e9u).<\/li>\n<\/ul>\n<p><!--more--><\/p>\n<ul>\n<li>Horariu: 10:00 a 14:30 hores para estudiantes d&#8217;ESO, Bachilleratu y\/o Formaci\u00f3n Profesional. A partir de les 16:30 hores apertura llibre al p\u00fablicu.<\/li>\n<li>Tresporte: la organizaci\u00f3n va sufragar el costu d&#8217;un autob\u00fas per centru cuando s\u00eda necesariu.<\/li>\n<\/ul>\n<p><strong>Tem\u00e1tica: <\/strong>La tem\u00e1tica va xirar en redol a los \u00e1mbitos de la Estratexa d&#8217;Especializaci\u00f3n Intelixente d&#8217;Asturies:<\/p>\n<p><em>&#8211; Agroalimentaci\u00f3n<\/em><br \/>\n<em>&#8211; Avieyamientu activu y saludable.<\/em><br \/>\n<em>&#8211; Patrimoniu y biodiversid\u00e1.<\/em><br \/>\n<em>&#8211; Enerx\u00eda y circularid\u00e1.<\/em><br \/>\n<em>&#8211; Industria intelixente y resiliente.<\/em><\/p>\n<p><strong>Oxetivos:<\/strong><\/p>\n<ul>\n<li><em>Presentaci\u00f3n d&#8217;acciones singulares que se realicen n&#8217;Asturies nel \u00e1mbitu de la I+D+i y espardimientu d&#8217;exemplos de bones pr\u00e1ctiques.<\/em><\/li>\n<li><em>Espertar y fomentar vocaciones cient\u00edfiques.<\/em><\/li>\n<li><em>Visibilizar la ciencia y l&#8217;innovaci\u00f3n que se realiza nos centros educativos y ponela en contactu col ecosistema cient\u00edfico y tecnol\u00f3xico asturianu.<\/em><\/li>\n<li><em>Contribuyir a que l&#8217;alumn\u00e1u entienda los elementos y procedimientos fundamentales de la investigaci\u00f3n y de los m\u00e9todos cient\u00edficos.<\/em><\/li>\n<li><em>Facilitar que l&#8217;estudiant\u00e1u pueda conocer y valorar de forma cr\u00edtica la contribuci\u00f3n de la ciencia y la tecnolox\u00eda nel camb\u00e9u de les condiciones de vida, seg\u00fan afitar la sensibilid\u00e1 y el respetu escontra&#8217;l mediu ambiente.<\/em><\/li>\n<li><em>Tender pontes y esquizar v\u00edes de collaboraci\u00f3n ente centros educativos y actores del ecosistema I+D+i asturianu.<\/em><\/li>\n<\/ul>\n<p><strong>Participaci\u00f3n de los centros educativos:<\/strong> Queremos convidar a los centros educativos a visitar la Feria o a participar nella si cunten con dalg\u00fan proyectu, acci\u00f3n o iniciativa innovadora que consideren d&#8217;inter\u00e9s p&#8217;amosar a la socied\u00e1.<\/p>\n<p>&nbsp;<\/p>\n<\/div>\n<\/div>\n<p>&nbsp;<\/p>\n","protected":false},"excerpt":{"rendered":"<p>Conseyer\u00eda de Ciencia, Empresas, Formaci\u00f3n y Empleo\/https:\/\/goo.su\/3tU7zYU Educastur \/ Tamos preparando una nueva edici\u00f3n de la Feria de la Ciencia y l&#8217;Innovaci\u00f3n d&#8217;Asturies. Los centros d&#8217;Educaci\u00f3n Secundaria, Bachilleratu y FP y\u00e1 pueden inscribise como participantes con un estand o como visitantes. Equ\u00ed tienes m\u00e1s informaci\u00f3n y enllaces a los formularios d&#8217;inscripci\u00f3n. Fecha: 9 de mayu [&hellip;]<\/p>\n","protected":false},"author":117,"featured_media":0,"comment_status":"open","ping_status":"open","sticky":false,"template":"","format":"standard","meta":{"footnotes":""},"categories":[45,167],"tags":[],"class_list":["post-41199","post","type-post","status-publish","format-standard","hentry","category-ciencia","category-feries"],"_links":{"self":[{"href":"https:\/\/edublog.educastur.es\/ixuxu\/wp-json\/wp\/v2\/posts\/41199","targetHints":{"allow":["GET"]}}],"collection":[{"href":"https:\/\/edublog.educastur.es\/ixuxu\/wp-json\/wp\/v2\/posts"}],"about":[{"href":"https:\/\/edublog.educastur.es\/ixuxu\/wp-json\/wp\/v2\/types\/post"}],"author":[{"embeddable":true,"href":"https:\/\/edublog.educastur.es\/ixuxu\/wp-json\/wp\/v2\/users\/117"}],"replies":[{"embeddable":true,"href":"https:\/\/edublog.educastur.es\/ixuxu\/wp-json\/wp\/v2\/comments?post=41199"}],"version-history":[{"count":4,"href":"https:\/\/edublog.educastur.es\/ixuxu\/wp-json\/wp\/v2\/posts\/41199\/revisions"}],"predecessor-version":[{"id":41206,"href":"https:\/\/edublog.educastur.es\/ixuxu\/wp-json\/wp\/v2\/posts\/41199\/revisions\/41206"}],"wp:attachment":[{"href":"https:\/\/edublog.educastur.es\/ixuxu\/wp-json\/wp\/v2\/media?parent=41199"}],"wp:term":[{"taxonomy":"category","embeddable":true,"href":"https:\/\/edublog.educastur.es\/ixuxu\/wp-json\/wp\/v2\/categories?post=41199"},{"taxonomy":"post_tag","embeddable":true,"href":"https:\/\/edublog.educastur.es\/ixuxu\/wp-json\/wp\/v2\/tags?post=41199"}],"curies":[{"name":"wp","href":"https:\/\/api.w.org\/{rel}","templated":true}]}}