{"id":41228,"date":"2025-02-01T08:20:38","date_gmt":"2025-02-01T06:20:38","guid":{"rendered":"https:\/\/edublog.educastur.es\/ixuxu\/?p=41228"},"modified":"2025-02-01T23:10:05","modified_gmt":"2025-02-01T21:10:05","slug":"41228","status":"publish","type":"post","link":"https:\/\/edublog.educastur.es\/ixuxu\/2025\/02\/41228\/","title":{"rendered":"Est\u00e1u del tiempu: s\u00e1badu 1 febreru 2025"},"content":{"rendered":"<div class=\"xu06os2 x1ok221b\">\n<div class=\"html-div xdj266r x11i5rnm xat24cr x1mh8g0r xexx8yu x4uap5 x18d9i69 xkhd6sd\" data-ad-rendering-role=\"profile_name\">\n<ul>\n<li class=\"html-h3 x11i5rnm xat24cr x1mh8g0r xexx8yu x4uap5 x18d9i69 xkhd6sd x1vvkbs x1heor9g x1qlqyl8 x1pd3egz x1a2a7pz x1gslohp x1yc453h\"><span class=\"x1lliihq x6ikm8r x10wlt62 x1n2onr6\"><span class=\"xt0psk2\"><span class=\"xjp7ctv\"><a class=\"x1i10hfl xjbqb8w x1ejq31n xd10rxx x1sy0etr x17r0tee x972fbf xcfux6l x1qhh985 xm0m39n x9f619 x1ypdohk xt0psk2 xe8uvvx xdj266r x11i5rnm xat24cr x1mh8g0r xexx8yu x4uap5 x18d9i69 xkhd6sd x16tdsg8 x1hl2dhg xggy1nq x1a2a7pz x1sur9pj xkrqix3 xzsf02u x1s688f\" role=\"link\" href=\"https:\/\/www.facebook.com\/eltiempuenasturies?__cft__[0]=AZUR3srVjx86zWn9WSPjilpEOWGySL0hnEwHioq5jG7oqdEppQg3bNjhsYv-dgVqBKXho3nIrWzcdBzaScRTFCoBzPF3SajrnjGoz3vFaqQ4eXr_wNBao2hjc0z8qzkTMdsk4EnFbFFPwG_MJuxmUEZtaKRIOeizWZlaZsLCeBpx0Tb6eMUNKK4EC427pjIbm3yDXLSpi-Nwr-Kylapy5VR38BCrWswGw8l8daH65Em2EQ&amp;__tn__=-UC%2CP-y-R\" aria-describedby=\":r2dp:\"><strong class=\"html-strong xdj266r x11i5rnm xat24cr x1mh8g0r xexx8yu x4uap5 x18d9i69 xkhd6sd x1hl2dhg x16tdsg8 x1vvkbs x1s688f\"><span class=\"html-span xdj266r x11i5rnm xat24cr x1mh8g0r xexx8yu x4uap5 x18d9i69 xkhd6sd x1hl2dhg x16tdsg8 x1vvkbs\">El Tiempu n&#8217;Asturies.<\/span><\/strong><\/a><\/span><\/span><\/span><\/li>\n<li><a href=\"https:\/\/www.eltiempo.es\/noticias\/febrero-2025-rompe-la-tendencia-esto-es-lo-que-nos-depara-el-tiempo-en-este-mes?fbclid=IwY2xjawILbLZleHRuA2FlbQIxMQABHTug04G6Foj4OXucmExQNdRoM3s7twsdr4Zgd_p7amJLtM5wAxtQaHY1ew_aem_bMQre8WhbdGFoV9PJctmaQ\">C\u00f3mo ser\u00e1&#8217;l tiempu en febreru<\/a><\/li>\n<\/ul>\n<\/div>\n<\/div>\n<div class=\"xu06os2 x1ok221b\" style=\"text-align: center\">\n<!-- iframe plugin v.6.0 wordpress.org\/plugins\/iframe\/ -->\n<iframe loading=\"lazy\" src=\"https:\/\/www.facebook.com\/plugins\/post.php?href=https%3A%2F%2Fwww.facebook.com%2Feltiempuenasturies%2Fposts%2Fpfbid02d1vpKcnj87PSMyHL5s4ppqWUn3BGTis5WrPLNmu6Yj5tgxpGGP2yk4b2MX1St6j9l&#038;show_text=false&#038;width=500\" width=\"500\" height=\"443\" style=\"border:none;overflow:hidden\" scrolling=\"no\" frameborder=\"0\" allowfullscreen=\"true\" allow=\"autoplay; clipboard-write; encrypted-media; picture-in-picture; web-share\" 0=\"\/iframe\" class=\"iframe-class\"><\/iframe>\n<\/div>\n<div style=\"text-align: center\"><em><span class=\"x193iq5w xeuugli x13faqbe x1vvkbs x1xmvt09 x1lliihq x1s928wv xhkezso x1gmr53x x1cpjm7i x1fgarty x1943h6x xudqn12 x3x7a5m x1f6kntn xvq8zen xo1l8bm xzsf02u x1yc453h\" dir=\"auto\">Semeya de Tom\u00e1s Garc\u00eda Suarez<\/span><\/em><\/div>\n<div class=\"html-div xdj266r x11i5rnm xat24cr x1mh8g0r xexx8yu x4uap5 x18d9i69 xkhd6sd\" dir=\"auto\">\n<div class=\"html-div xdj266r x11i5rnm xat24cr x1mh8g0r xexx8yu x4uap5 x18d9i69 xkhd6sd\" data-ad-rendering-role=\"story_message\">\n<div class=\"x1l90r2v x1iorvi4 x1ye3gou xn6708d\" data-ad-comet-preview=\"message\" data-ad-preview=\"message\">\n<div class=\"x78zum5 xdt5ytf xz62fqu x16ldp7u\">\n<div class=\"xu06os2 x1ok221b\">\n<div class=\"x11i5rnm xat24cr x1mh8g0r x1vvkbs xtlvy1s x126k92a\">\n<div dir=\"auto\" style=\"text-align: center\"><span style=\"color: #008080;font-size: 20px\"><strong><em>\u00abMa\u00f1ana torna la nieve a la cordelera\u00bb<\/em><\/strong><\/span><\/div>\n<\/div>\n<div class=\"x11i5rnm xat24cr x1mh8g0r x1vvkbs xtlvy1s x126k92a\">\n<ul>\n<li dir=\"auto\">A<strong><span style=\"color: #008080\">lborecemos<\/span><\/strong> col cielu cubiertu y orpinando con unes temperatures que tan alrodiu de los 9\u00baC, rexistr\u00e1ndose nel puirtu Payares 2\u00baC.<\/li>\n<\/ul>\n<\/div>\n<div class=\"x11i5rnm xat24cr x1mh8g0r x1vvkbs xtlvy1s x126k92a\">\n<ul>\n<li dir=\"auto\"><strong><span style=\"color: #008080\">G\u00fcei<\/span> <\/strong>vamos tener el cielu cubiertu por nubes baxes que van dexar dalgo d&#8217;orp\u00edn n&#8217;estes primeres hores na met\u00e1 norte d&#8217;Asturies. Y\u00e1 pela tardiquina dir\u00e1n abri\u00e9ndose dellos claros o abancios con unes temperatures n&#8217;ascensu, sobre too les m\u00ednimes.<\/li>\n<\/ul>\n<p><!--more--><\/p>\n<\/div>\n<div class=\"x11i5rnm xat24cr x1mh8g0r x1vvkbs xtlvy1s x126k92a\">\n<ul>\n<li dir=\"auto\"><strong><span style=\"color: #008080\">Ma\u00f1ana domingu<\/span><\/strong> un embolsamientu d&#8217;aire fr\u00edu n&#8217;altor va colase pel norte apurri\u00e9ndonos precipitaciones xeneralizaes y abondoses, am\u00e1s nevar\u00e1 copiosamente pela cordelera perriba de los 1300m, baxanado dalgo la cota pela tarde con unes temperatures en descensu ya col aire que va soplar con delles raches moderaes de componente noroeste en zones de monta\u00f1a ya en puntos del llitoral.<\/li>\n<\/ul>\n<\/div>\n<div class=\"x11i5rnm xat24cr x1mh8g0r x1vvkbs xtlvy1s x126k92a\">\n<ul>\n<li dir=\"auto\"><strong><span style=\"color: #008080\">Entamaremos la selmana viniente<\/span><\/strong> con sol y bon tiempu pero con fr\u00edu peles nueches y l&#8217;aborecer ya podr\u00edemos finala con muncho fr\u00edu y temporal de nieve y agua pero esto y\u00e1 lu diremos viendo.<\/li>\n<\/ul>\n<\/div>\n<\/div>\n<\/div>\n<\/div>\n<\/div>\n<\/div>\n<p>&nbsp;<\/p>\n","protected":false},"excerpt":{"rendered":"<p>El Tiempu n&#8217;Asturies. C\u00f3mo ser\u00e1&#8217;l tiempu en febreru Semeya de Tom\u00e1s Garc\u00eda Suarez \u00abMa\u00f1ana torna la nieve a la cordelera\u00bb Alborecemos col cielu cubiertu y orpinando con unes temperatures que tan alrodiu de los 9\u00baC, rexistr\u00e1ndose nel puirtu Payares 2\u00baC. G\u00fcei vamos tener el cielu cubiertu por nubes baxes que van dexar dalgo d&#8217;orp\u00edn n&#8217;estes [&hellip;]<\/p>\n","protected":false},"author":117,"featured_media":0,"comment_status":"open","ping_status":"open","sticky":false,"template":"","format":"standard","meta":{"footnotes":""},"categories":[5],"tags":[],"class_list":["post-41228","post","type-post","status-publish","format-standard","hentry","category-tiempu"],"_links":{"self":[{"href":"https:\/\/edublog.educastur.es\/ixuxu\/wp-json\/wp\/v2\/posts\/41228","targetHints":{"allow":["GET"]}}],"collection":[{"href":"https:\/\/edublog.educastur.es\/ixuxu\/wp-json\/wp\/v2\/posts"}],"about":[{"href":"https:\/\/edublog.educastur.es\/ixuxu\/wp-json\/wp\/v2\/types\/post"}],"author":[{"embeddable":true,"href":"https:\/\/edublog.educastur.es\/ixuxu\/wp-json\/wp\/v2\/users\/117"}],"replies":[{"embeddable":true,"href":"https:\/\/edublog.educastur.es\/ixuxu\/wp-json\/wp\/v2\/comments?post=41228"}],"version-history":[{"count":6,"href":"https:\/\/edublog.educastur.es\/ixuxu\/wp-json\/wp\/v2\/posts\/41228\/revisions"}],"predecessor-version":[{"id":41305,"href":"https:\/\/edublog.educastur.es\/ixuxu\/wp-json\/wp\/v2\/posts\/41228\/revisions\/41305"}],"wp:attachment":[{"href":"https:\/\/edublog.educastur.es\/ixuxu\/wp-json\/wp\/v2\/media?parent=41228"}],"wp:term":[{"taxonomy":"category","embeddable":true,"href":"https:\/\/edublog.educastur.es\/ixuxu\/wp-json\/wp\/v2\/categories?post=41228"},{"taxonomy":"post_tag","embeddable":true,"href":"https:\/\/edublog.educastur.es\/ixuxu\/wp-json\/wp\/v2\/tags?post=41228"}],"curies":[{"name":"wp","href":"https:\/\/api.w.org\/{rel}","templated":true}]}}