{"id":41237,"date":"2025-01-31T09:00:11","date_gmt":"2025-01-31T07:00:11","guid":{"rendered":"https:\/\/edublog.educastur.es\/ixuxu\/?p=41237"},"modified":"2025-02-05T12:16:06","modified_gmt":"2025-02-05T10:16:06","slug":"dia-internacional-de-la-cebra","status":"publish","type":"post","link":"https:\/\/edublog.educastur.es\/ixuxu\/2025\/01\/dia-internacional-de-la-cebra\/","title":{"rendered":"D\u00eda Internacional de la Cebra."},"content":{"rendered":"<p style=\"text-align: center\"><a href=\"https:\/\/www.primeraedicion.com.ar\/wp-content\/uploads\/2025\/01\/cebra-1_ee8306d5_221212154856_1280x720-750x375.jpg\"><img loading=\"lazy\" decoding=\"async\" class=\"aligncenter size-large\" src=\"https:\/\/www.primeraedicion.com.ar\/wp-content\/uploads\/2025\/01\/cebra-1_ee8306d5_221212154856_1280x720-750x375.jpg\" width=\"750\" height=\"375\" \/><\/a><\/p>\n<p>El 31 de xineru celebra&#8217;l <strong>D\u00eda de la Cebra<\/strong> que tien como finalid\u00e1 caltener a esti espectacular animal. Esisten tr\u00e9s especies y, na actualid\u00e1, toes at\u00f3pense en peligru d&#8217;estinci\u00f3n por cuenta de la perda del so h\u00e1bitat. El prop\u00f3situ d&#8217;esti d\u00eda ye concientizar sobro la importancia del so caltenimientu.<\/p>\n<p><!--more--><\/p>\n<p style=\"text-align: center\"><a href=\"https:\/\/i0.wp.com\/novedadesdetabasco.com.mx\/wp-content\/uploads\/2024\/01\/cebras.jpeg?fit=618%2C412&amp;ssl=1\"><img loading=\"lazy\" decoding=\"async\" class=\"aligncenter size-large\" src=\"https:\/\/i0.wp.com\/novedadesdetabasco.com.mx\/wp-content\/uploads\/2024\/01\/cebras.jpeg?fit=618%2C412&amp;ssl=1\" width=\"618\" height=\"412\" \/><\/a><\/p>\n<p>Les cebres son animales qu&#8217;espierten inter\u00e9s por cuenta de les sos caracter\u00edstiques \u00faniques.<strong> El so patr\u00f3n de rayes ye unu de los aspeutos m\u00e1s fascinantes, y\u00e1 que act\u00faa como una buelga dactilar, onde nun hai dos cebres iguales<\/strong>. Esti distintivu dise\u00f1u foi oxetu d&#8217;estudiu mientres a\u00f1os, y propunx\u00e9ronse diverses teor\u00edes sobro&#8217;l so prop\u00f3situ. La idea m\u00e1s aceptada ye que les rayes ayuden a confundir a los insectos hemat\u00f3fagos, enzancando qu&#8217;aterricen na so piel. Am\u00e1s, estes rayes nun son solo superficiales, sin\u00f3n que tami\u00e9n t\u00e1n presentes na so piel, lo que demuestra que la pigmentaci\u00f3n sigue la mesma distribuci\u00f3n que la so pelame.<\/p>\n<p>Un datu interesante sobro les cebres ye la so intensa dedicaci\u00f3n al llendo. <strong>Pasen hasta 18 hores al d\u00eda comiendo xuna varied\u00e1 de camperes que s&#8217;atopen nel so h\u00e1bitat. Esta necesid\u00e1 de consumir grandes cantidaes d&#8217;alimentu d\u00e9bese a la baxa calid\u00e1 nutricional de les camperes dures y gruesos que componen la so dieta.<\/strong> El so sistema dixestivu ye menos eficiente qu&#8217;el de los rumiantes, lo que-yos obliga a dedicar m\u00e1s tiempu a l&#8217;alimentaci\u00f3n pa llograr los nutrientes necesarios.<\/p>\n<p>Otru aspeutu sorprendente de les cebres ye que s<strong>on l&#8217;\u00fanicu equ\u00edn que nun foi adom\u00e1u.<\/strong> A lo llargo de la hestoria, hubo intentos de doma, pero la so naturaleza selvaxe y el so comportamientu impredicible fixeron qu&#8217;estos intentos fracasen. Les cebres tienen una estructura social y un temperamentu bien distintos al de los sos primos, los caballos y los pollinos, lo que les fai <strong>menos susceptibles al control humanu.<\/strong><\/p>\n<p style=\"text-align: center\"><a href=\"https:\/\/www.muyinteresante.com\/wp-content\/uploads\/sites\/5\/2024\/01\/30\/65b8f9852fd96.jpeg?resize=1024,771\"><img loading=\"lazy\" decoding=\"async\" class=\"aligncenter size-large\" src=\"https:\/\/www.muyinteresante.com\/wp-content\/uploads\/sites\/5\/2024\/01\/30\/65b8f9852fd96.jpeg?resize=1024,771\" width=\"1024\" height=\"771\" \/><\/a><\/p>\n<p>El patr\u00f3n de rayes de les cebres foi oxetu de fascinaci\u00f3n y estudiu mientres d\u00e9cades. Estes rayes non solo son est\u00e9ticamente llamatives, sin\u00f3n que tami\u00e9n cumplen funciones pr\u00e1ctiques. Una de les teor\u00edes m\u00e1s aceptaes ye que<strong> les rayes ayuden a les cebres a camuflase na so redolada. Cuando t\u00e1n en menaes, les rayes pueden confundir a los depredadores,<\/strong> faciendo que s\u00eda dif\u00edcil estremar a un individuu del grupu. Esta ilusi\u00f3n \u00f3ptica ye especialmente efectiva cuando les cebres t\u00e1n en movimientu.<\/p>\n<p>Am\u00e1s de la so funci\u00f3n de camuflaje, <strong>les rayes tami\u00e9n xueguen un papel importante na regulaci\u00f3n de la temperatura corporal.<\/strong> Les diferencies de color ente les rayes blancu y negru crean corrientes d&#8217;aire qu&#8217;ayuden a esfrecer el cuerpu de la cebra. <strong>Esti mecanismu d&#8217;autorregulaci\u00f3n t\u00e9rmica ye crucial pa la so supervivencia nel calorosu clima de la sabana africana.<\/strong><\/p>\n<p>A lo \u00faltimo, <strong>les rayes de les cebres tami\u00e9n son un mediu de comunicaci\u00f3n ente los individuos.<\/strong> Cada cebra tien un patr\u00f3n \u00fanicu que dexa a los miembros de la menada reconocese ente s\u00ed. Esta reconocencia visual ye esencial pa caltener la cohesi\u00f3n del grupu y coordinar los sos movimientos, especialmente mientres les migraciones.<\/p>\n<p style=\"text-align: left\">Nel gran mosaicu de la vida montesa africana, la cebra ye una criatura f\u00e1cilmente reconocible que prinda instant\u00e1neamente la imaxinaci\u00f3n col so llamativu paxellu en blancu y negru a rayes; un patr\u00f3n tan \u00fanicu para cada individuu como lu ye una buelga dixital para los humanos. Estos \u00e9quidos, parientes de los caballos y los burros\/pollinos, analayen poles sabanes d&#8217;\u00c1frica y g\u00fcei vamos recordar dalgunes de los intereses menos populares d&#8217;estos fascinantes animales.<\/p>\n","protected":false},"excerpt":{"rendered":"<p>El 31 de xineru celebra&#8217;l D\u00eda de la Cebra que tien como finalid\u00e1 caltener a esti espectacular animal. Esisten tr\u00e9s especies y, na actualid\u00e1, toes at\u00f3pense en peligru d&#8217;estinci\u00f3n por cuenta de la perda del so h\u00e1bitat. El prop\u00f3situ d&#8217;esti d\u00eda ye concientizar sobro la importancia del so caltenimientu.<\/p>\n","protected":false},"author":117,"featured_media":0,"comment_status":"open","ping_status":"open","sticky":false,"template":"","format":"standard","meta":{"footnotes":""},"categories":[6],"tags":[],"class_list":["post-41237","post","type-post","status-publish","format-standard","hentry","category-dia-de"],"_links":{"self":[{"href":"https:\/\/edublog.educastur.es\/ixuxu\/wp-json\/wp\/v2\/posts\/41237","targetHints":{"allow":["GET"]}}],"collection":[{"href":"https:\/\/edublog.educastur.es\/ixuxu\/wp-json\/wp\/v2\/posts"}],"about":[{"href":"https:\/\/edublog.educastur.es\/ixuxu\/wp-json\/wp\/v2\/types\/post"}],"author":[{"embeddable":true,"href":"https:\/\/edublog.educastur.es\/ixuxu\/wp-json\/wp\/v2\/users\/117"}],"replies":[{"embeddable":true,"href":"https:\/\/edublog.educastur.es\/ixuxu\/wp-json\/wp\/v2\/comments?post=41237"}],"version-history":[{"count":5,"href":"https:\/\/edublog.educastur.es\/ixuxu\/wp-json\/wp\/v2\/posts\/41237\/revisions"}],"predecessor-version":[{"id":41405,"href":"https:\/\/edublog.educastur.es\/ixuxu\/wp-json\/wp\/v2\/posts\/41237\/revisions\/41405"}],"wp:attachment":[{"href":"https:\/\/edublog.educastur.es\/ixuxu\/wp-json\/wp\/v2\/media?parent=41237"}],"wp:term":[{"taxonomy":"category","embeddable":true,"href":"https:\/\/edublog.educastur.es\/ixuxu\/wp-json\/wp\/v2\/categories?post=41237"},{"taxonomy":"post_tag","embeddable":true,"href":"https:\/\/edublog.educastur.es\/ixuxu\/wp-json\/wp\/v2\/tags?post=41237"}],"curies":[{"name":"wp","href":"https:\/\/api.w.org\/{rel}","templated":true}]}}