{"id":41245,"date":"2025-01-31T08:20:25","date_gmt":"2025-01-31T06:20:25","guid":{"rendered":"https:\/\/edublog.educastur.es\/ixuxu\/?p=41245"},"modified":"2025-02-01T16:32:25","modified_gmt":"2025-02-01T14:32:25","slug":"estau-del-tiempu-vienres-31-de-xineru-2025-2","status":"publish","type":"post","link":"https:\/\/edublog.educastur.es\/ixuxu\/2025\/01\/estau-del-tiempu-vienres-31-de-xineru-2025-2\/","title":{"rendered":"Est\u00e1u del tiempu: vienres 31 de xineru 2025"},"content":{"rendered":"<div class=\"html-div xdj266r xat24cr x1mh8g0r xexx8yu x4uap5 x18d9i69 xkhd6sd x78zum5 x2lah0s xqtp20y x1emribx\">\n<div class=\"x1vqgdyp x100vrsf\">\n<div class=\"\">\n<div class=\"x78zum5 xdt5ytf xz62fqu x16ldp7u\">\n<div class=\"xu06os2 x1ok221b\">\n<div class=\"html-div xdj266r x11i5rnm xat24cr x1mh8g0r xexx8yu x4uap5 x18d9i69 xkhd6sd\" data-ad-rendering-role=\"profile_name\">\n<ul>\n<li id=\":ri0:\" class=\"html-h3 x11i5rnm xat24cr x1mh8g0r xexx8yu x4uap5 x18d9i69 xkhd6sd x1vvkbs x1heor9g x1qlqyl8 x1pd3egz x1a2a7pz x1gslohp x1yc453h\"><span class=\"xt0psk2\"><span class=\"xjp7ctv\"><a class=\"x1i10hfl xjbqb8w x1ejq31n xd10rxx x1sy0etr x17r0tee x972fbf xcfux6l x1qhh985 xm0m39n x9f619 x1ypdohk xt0psk2 xe8uvvx xdj266r x11i5rnm xat24cr x1mh8g0r xexx8yu x4uap5 x18d9i69 xkhd6sd x16tdsg8 x1hl2dhg xggy1nq x1a2a7pz x1sur9pj xkrqix3 xzsf02u x1s688f\" role=\"link\" href=\"https:\/\/www.facebook.com\/eltiempuenasturies?__cft__[0]=AZW0HQ9FYJhzH5s7UNUHTpG3AEWPj9dZ-NrqYa2n-wKA88YGM-bskEAKxI4vbwM05f5Z0Z24AJUPOpDrPSY9ARxxRR5HppofrPhdRB8c5VhC1LJ4CbOXUgC-cYm1WN_YGPwLJOHIhSeyhFmibCddFppDQ1UoVyDHKLIesXrfPBc6Jl18YNONj4a7fGmZfp0QDWI&amp;__tn__=-UC%2CP-R\" aria-describedby=\":ri8:\"><strong class=\"html-strong xdj266r x11i5rnm xat24cr x1mh8g0r xexx8yu x4uap5 x18d9i69 xkhd6sd x1hl2dhg x16tdsg8 x1vvkbs x1s688f\"><span class=\"html-span xdj266r x11i5rnm xat24cr x1mh8g0r xexx8yu x4uap5 x18d9i69 xkhd6sd x1hl2dhg x16tdsg8 x1vvkbs\">El Tiempu n&#8217;Asturies.<\/span><\/strong><\/a><\/span><\/span><\/li>\n<\/ul>\n<\/div>\n<\/div>\n<\/div>\n<\/div>\n<\/div>\n<\/div>\n<div class=\"html-div xdj266r x11i5rnm xat24cr x1mh8g0r xexx8yu x4uap5 x18d9i69 xkhd6sd\" dir=\"auto\">\n<div class=\"html-div xdj266r x11i5rnm xat24cr x1mh8g0r xexx8yu x4uap5 x18d9i69 xkhd6sd\" data-ad-rendering-role=\"story_message\">\n<div id=\":ri2:\" class=\"x1l90r2v x1iorvi4 x1ye3gou xn6708d\" data-ad-comet-preview=\"message\" data-ad-preview=\"message\">\n<div class=\"x78zum5 xdt5ytf xz62fqu x16ldp7u\">\n<div class=\"xu06os2 x1ok221b\">\n<div class=\"x11i5rnm xat24cr x1mh8g0r x1vvkbs xtlvy1s x126k92a\">\n<div dir=\"auto\" style=\"text-align: center\"><span style=\"color: #008080;font-size: 20px\"><strong><em>\u00ab\u00danicu d\u00eda de cielu escampl\u00e1u\u00bb<\/em><\/strong><\/span><\/div>\n<\/div>\n<div class=\"x11i5rnm xat24cr x1mh8g0r x1vvkbs xtlvy1s x126k92a\">\n<ul>\n<li dir=\"auto\"><span style=\"color: #008080\"><strong>Alborecemos <\/strong><\/span>col cielu poco nuboso o escampl\u00e1u con xelaes nes zones favoretibles ya con unes temperatures que tan alrodiu de los 2\u00baC, rexistr\u00e1ndose nel puirtu Payares -7,3\u00baC.<\/li>\n<\/ul>\n<\/div>\n<div class=\"x11i5rnm xat24cr x1mh8g0r x1vvkbs xtlvy1s x126k92a\">\n<ul>\n<li dir=\"auto\"><span style=\"color: #008080\"><strong>G\u00fcei <\/strong><\/span>vamos tener el cielu poco nuboso con unes temperatures que van subir dalgo a primera hora de la tarde. Y\u00e1 pela tardiquina aumentar\u00e1 la nubosid\u00e1 pa dexanos el cielu nuble al finar.<\/li>\n<\/ul>\n<p><!--more--><\/p>\n<\/div>\n<div class=\"x11i5rnm xat24cr x1mh8g0r x1vvkbs xtlvy1s x126k92a\">\n<ul>\n<li dir=\"auto\"><span style=\"color: #008080\"><strong>Ma\u00f1ana s\u00e1badu<\/strong><\/span> tendremos el cielu nuboso cola posibilid\u00e1 de que caiga dalguna gotera ocasional ya dispersa con unes temperatures que suben tantu les m\u00ednimes que lu fadr\u00e1n bultablemente como les m\u00e1simes que lo fadr\u00e1n llixeramente.<\/li>\n<\/ul>\n<\/div>\n<div class=\"x11i5rnm xat24cr x1mh8g0r x1vvkbs xtlvy1s x126k92a\">\n<ul>\n<li dir=\"auto\"><span style=\"color: #008080\"><strong>El domingu <\/strong><\/span>al final l&#8217;embolsamientu d&#8217;aire fr\u00edu que va colase pel norte va dexanos precipitaciones xeneralizaes pela ma\u00f1ana sobre too con un descensu de les temperatures y con nueves nevaes moderaes na cordelera perriba de los 1000-1200m. L&#8217;aire de componente noroeste pue soplar con dalguna racha fuerte en zones del llitoral y puntos altos de la cordelera.<\/li>\n<\/ul>\n<\/div>\n<div class=\"x11i5rnm xat24cr x1mh8g0r x1vvkbs xtlvy1s x126k92a\">\n<ul>\n<li dir=\"auto\"><span style=\"color: #008080\"><strong>El llunes<\/strong><\/span> tender\u00e1 a escamplar y asina paez que pue tar la mayor parte de la selmana viniente, con unes temperatures nuecherniegues en descensu ya con xelaes nes zones favoretibles pero esto y\u00e1 lu diremos viendo<\/li>\n<\/ul>\n<\/div>\n<\/div>\n<\/div>\n<\/div>\n<\/div>\n<\/div>\n","protected":false},"excerpt":{"rendered":"<p>El Tiempu n&#8217;Asturies. \u00ab\u00danicu d\u00eda de cielu escampl\u00e1u\u00bb Alborecemos col cielu poco nuboso o escampl\u00e1u con xelaes nes zones favoretibles ya con unes temperatures que tan alrodiu de los 2\u00baC, rexistr\u00e1ndose nel puirtu Payares -7,3\u00baC. G\u00fcei vamos tener el cielu poco nuboso con unes temperatures que van subir dalgo a primera hora de la tarde. [&hellip;]<\/p>\n","protected":false},"author":117,"featured_media":0,"comment_status":"open","ping_status":"open","sticky":false,"template":"","format":"standard","meta":{"footnotes":""},"categories":[5],"tags":[],"class_list":["post-41245","post","type-post","status-publish","format-standard","hentry","category-tiempu"],"_links":{"self":[{"href":"https:\/\/edublog.educastur.es\/ixuxu\/wp-json\/wp\/v2\/posts\/41245","targetHints":{"allow":["GET"]}}],"collection":[{"href":"https:\/\/edublog.educastur.es\/ixuxu\/wp-json\/wp\/v2\/posts"}],"about":[{"href":"https:\/\/edublog.educastur.es\/ixuxu\/wp-json\/wp\/v2\/types\/post"}],"author":[{"embeddable":true,"href":"https:\/\/edublog.educastur.es\/ixuxu\/wp-json\/wp\/v2\/users\/117"}],"replies":[{"embeddable":true,"href":"https:\/\/edublog.educastur.es\/ixuxu\/wp-json\/wp\/v2\/comments?post=41245"}],"version-history":[{"count":1,"href":"https:\/\/edublog.educastur.es\/ixuxu\/wp-json\/wp\/v2\/posts\/41245\/revisions"}],"predecessor-version":[{"id":41246,"href":"https:\/\/edublog.educastur.es\/ixuxu\/wp-json\/wp\/v2\/posts\/41245\/revisions\/41246"}],"wp:attachment":[{"href":"https:\/\/edublog.educastur.es\/ixuxu\/wp-json\/wp\/v2\/media?parent=41245"}],"wp:term":[{"taxonomy":"category","embeddable":true,"href":"https:\/\/edublog.educastur.es\/ixuxu\/wp-json\/wp\/v2\/categories?post=41245"},{"taxonomy":"post_tag","embeddable":true,"href":"https:\/\/edublog.educastur.es\/ixuxu\/wp-json\/wp\/v2\/tags?post=41245"}],"curies":[{"name":"wp","href":"https:\/\/api.w.org\/{rel}","templated":true}]}}