{"id":41258,"date":"2025-02-01T18:55:08","date_gmt":"2025-02-01T16:55:08","guid":{"rendered":"https:\/\/edublog.educastur.es\/ixuxu\/?p=41258"},"modified":"2025-02-01T20:33:04","modified_gmt":"2025-02-01T18:33:04","slug":"41258","status":"publish","type":"post","link":"https:\/\/edublog.educastur.es\/ixuxu\/2025\/02\/41258\/","title":{"rendered":"Nueva \u00abAsociaci\u00f3n  de folclore La Flor de Grau\u00bb"},"content":{"rendered":"<div class=\"html-div xdj266r xat24cr x1mh8g0r xexx8yu x4uap5 x18d9i69 xkhd6sd x78zum5 x2lah0s xqtp20y x1emribx\">\n<div class=\"xc9qbxq x1td3qas x6s0dn4 x78zum5 xl56j7k\">\n<div class=\"\" style=\"text-align: center\"><a href=\"https:\/\/lavozdeltrubia.es\/wp-content\/uploads\/2025\/02\/WhatsApp-Image-2025-01-31-at-20.34.04-1-1320x990.jpeg\"><img loading=\"lazy\" decoding=\"async\" class=\"aligncenter \" src=\"https:\/\/lavozdeltrubia.es\/wp-content\/uploads\/2025\/02\/WhatsApp-Image-2025-01-31-at-20.34.04-1-1320x990.jpeg\" width=\"643\" height=\"482\" \/><\/a><\/p>\n<ul>\n<li style=\"text-align: left\"><a href=\"https:\/\/www.facebook.com\/profile.php?id=61565809742351\">\u00a0perfil Asociaci\u00f3n en Facebook<\/a>\/ <span class=\"xt0psk2\"><span class=\"xjp7ctv\"><a class=\"x1i10hfl xjbqb8w x1ejq31n xd10rxx x1sy0etr x17r0tee x972fbf xcfux6l x1qhh985 xm0m39n x9f619 x1ypdohk xt0psk2 xe8uvvx xdj266r x11i5rnm xat24cr x1mh8g0r xexx8yu x4uap5 x18d9i69 xkhd6sd x16tdsg8 x1hl2dhg xggy1nq x1a2a7pz x1sur9pj xkrqix3 xzsf02u x1s688f\" role=\"link\" href=\"https:\/\/www.facebook.com\/lavozdeltrubia?__cft__[0]=AZWlC-w3xu10NzDEPFbEnnLkhOecCqUWzfYKWu1X_Sle0smKRIQAmbqbROqyxH87G88QOZfSXvPCQhnfp33f8B0WnVhb95bv1mHIdHBnRgHM6IA2MV7ZBvfvKRjKWj5RnIrnOrBnLNV26OWSIky9r_Mox632WiUUwC0YXMBwi483xXxsW4jXCCUV0yz7WTRN0QRgwO8jSV90LcjcM833YrDQuorEQbt6lte5YIjWMpp6eA&amp;__tn__=-UC%2CP-y-R\" aria-describedby=\":r77r:\"><strong class=\"html-strong xdj266r x11i5rnm xat24cr x1mh8g0r xexx8yu x4uap5 x18d9i69 xkhd6sd x1hl2dhg x16tdsg8 x1vvkbs x1s688f\"><span class=\"html-span xdj266r x11i5rnm xat24cr x1mh8g0r xexx8yu x4uap5 x18d9i69 xkhd6sd x1hl2dhg x16tdsg8 x1vvkbs\">La Voz del Trubia<\/span><\/strong><\/a><\/span><\/span><\/li>\n<\/ul>\n<\/div>\n<\/div>\n<\/div>\n<div class=\"html-div xdj266r x11i5rnm xat24cr x1mh8g0r xexx8yu x4uap5 x18d9i69 xkhd6sd x1iyjqo2\">\n<div class=\"x78zum5 xdt5ytf xz62fqu x16ldp7u\">\n<div class=\"xu06os2 x1ok221b\"><\/div>\n<\/div>\n<\/div>\n<div class=\"html-div xdj266r x11i5rnm xat24cr x1mh8g0r xexx8yu x4uap5 x18d9i69 xkhd6sd\" dir=\"auto\">\n<div class=\"html-div xdj266r x11i5rnm xat24cr x1mh8g0r xexx8yu x4uap5 x18d9i69 xkhd6sd\" dir=\"auto\">\n<div class=\"html-div xdj266r x11i5rnm xat24cr x1mh8g0r xexx8yu x4uap5 x18d9i69 xkhd6sd\" data-ad-rendering-role=\"story_message\">\n<div class=\"x1l90r2v x1iorvi4 x1ye3gou xn6708d\" data-ad-comet-preview=\"message\" data-ad-preview=\"message\">\n<div class=\"x78zum5 xdt5ytf xz62fqu x16ldp7u\">\n<div class=\"xu06os2 x1ok221b\">\n<div class=\"xdj266r x11i5rnm xat24cr x1mh8g0r x1vvkbs x126k92a\">\n<div dir=\"auto\">La nueva asociaci\u00f3n enllen\u00f3 ayeri la Capiya de Los Dolores na so presentaci\u00f3n p\u00fablica, na que Marta Canteli (presidenta) y Paz Gonz\u00e1lez Mesa (maestra de pandereta y baille de l&#8217;asociaci\u00f3n y miembru de la mesma) defendieron el so apueste por caltener la cultura asturiana al travi\u00e9s del folclore. Marta Canteli fal\u00f3 del <em><span style=\"color: #008080\"><strong>conceutu de folclor como patrimoniu vivu, para identificalo con aquello que nes comunidaes da sensaci\u00f3n de pertenencia, sentimientos que xunen a les persones, pero tami\u00e9n esperiencia personal y comu\u00f1al, aprendizaxe, sabidur\u00eda y memoria viva.<\/strong><\/span><\/em><\/div>\n<div dir=\"auto\">\n<p><!--more-->Tou ello tan necesariu na d\u00f3mina en que vivimos d&#8217;individualismu. N&#8217;una comunid\u00e1, Asturies, na que los raiga\u00f1os fundinse nun ricu folclor y na qu&#8217;esisten m\u00faltiples estudios qu&#8217;ayuden a llevar alantre&#8217;l deber moral de caltener esti pas\u00e1u.<\/p>\n<p>Canteli fal\u00f3 del papel dinamizador de l&#8217;asociaci\u00f3n, nacida a finales del a\u00f1u 2024 que naz para xunir lo rural cola vida de la villa, xuna asociaci\u00f3n entornada nel folclor que, a pesar de la so curtia trayectoria, y\u00e1 vien realizando actividaes consolidaes y collaboraciones con otres asociaciones <em>\u201ctr\u00e1tase d&#8217;apurrir el nuesu gran\u00edn d&#8217;arena a la vida de la villa que se va materializar nuna serie d&#8217;actividaes, unes con calter permanente y otres de forma puntual\u201d.<\/em><\/p>\n<p>Toc\u00f3-y el vez de palabra a l&#8217;artesana Paz Gonz\u00e1lez Mesa, profesora de pandereta y baille tradicional que s&#8217;imparten na Panera que fal\u00f3 d&#8217;activismu cultural, comparando con humor a estos activistes (entre los que s&#8217;atopen los miembros de la nueva asociaci\u00f3n) como cabres que tiren al monte a buscar xuntes el meyor alimento aquel que \u201cenllena l&#8217;esp\u00edritu \u201d y que nesti casu esi conxuntu de persones inquietes atop\u00f3 nel formatu d&#8217;asociaci\u00f3n la meyor forma para alimentase xuntes y que esi alimentu s\u00eda a partir d&#8217;unes actividaes nun formatu abiertu que-yos dexen crecer en conocencia del folclor.<\/p>\n<p>Pero tambien hubo tiempu para ponese seria y aprovech\u00f3 la ocasi\u00f3n para llamentar la inesistencia d&#8217;un grau universitariu d&#8217;Antropoloxia y Etnograf\u00eda na Universid\u00e1 d&#8217;Uvi\u00e9u lo que conduz al desconocimientu y la perda irreparable del nuesu patrimoniu inmaterial si nun fuera porque munchos lleven a\u00f1u \u201cpicando piedra\u201d para referise a los esfuerzos individuales de tantos investigadores que nos dexen tener grabaciones orixinales y estudios importantes sobre la materia\u201d estos trabayos son la fonte de la que beben estos activistes y militantes culturales \u201ccon ganes de faer coses por y dende el territoriu, con ganes de sumar nesti proyectu comu\u00f1al, sobremanera pa la xente que vien detr\u00e1s\u201d.<\/p>\n<p>Nel \u00e1nimu de l&#8217;asociaci\u00f3n \u201cque trespasa les fronteres del conceyu\u201d el compromisu y la dedicaci\u00f3n para establecer llazos con otres asociaciones. Nel horizonte tami\u00e9n, tresmitir la idea de que&#8217;l folclor tambi\u00e9n componse de la indumentaria y pola recuperaci\u00f3n y la so conocencia tami\u00e9n hai que trabayar. Na presentaci\u00f3n d&#8217;ayeri pudieron contemplase distintos traxes tradicionales pertenecientes a los integrantes de l&#8217;asociaci\u00f3n, ganadores nes sos ediciones del Concursu Indumentaria que se celebra en Grau l&#8217;\u00faltimu domingu de setiembre.<\/p>\n<p style=\"text-align: center\"><a href=\"https:\/\/lavozdeltrubia.es\/wp-content\/uploads\/2025\/02\/WhatsApp-Image-2025-01-31-at-19.55.42-1320x990.jpeg\"><img loading=\"lazy\" decoding=\"async\" class=\"aligncenter size-large\" src=\"https:\/\/lavozdeltrubia.es\/wp-content\/uploads\/2025\/02\/WhatsApp-Image-2025-01-31-at-19.55.42-1320x990.jpeg\" width=\"1320\" height=\"990\" \/><\/a><\/p>\n<p>Remat\u00f3 l&#8217;actu la vicepresidenta qu&#8217;estim\u00f3 la presencia de los asistentes y fixo un curtiu resume de les actividaes que s&#8217;entamaron hasta la fecha como un taller d&#8217;acercamientu a la gaita y de les que s&#8217;entamaren a futuru. Nel horizonte inmediatu un taller de \u201ctex\u00edu de medies\u201d para indumentaria tradicional. Cerraron l&#8217;actu interpretando tr\u00e9s pieces con panderu, acordi\u00f3n y gaita, \u201cgarr\u00e1ivos de Tresmonte\u201d, una jota de Cangas y \u201cpedretes de Babia\u201d, de sigu\u00edo tresllad\u00e1ronse a una sidrer\u00eda de la zona onde compartieron una espicha con amigos y familiares.<\/p>\n<p>&nbsp;<\/p>\n<\/div>\n<\/div>\n<\/div>\n<\/div>\n<\/div>\n<\/div>\n<\/div>\n<\/div>\n<p>&nbsp;<\/p>\n","protected":false},"excerpt":{"rendered":"<p>\u00a0perfil Asociaci\u00f3n en Facebook\/ La Voz del Trubia La nueva asociaci\u00f3n enllen\u00f3 ayeri la Capiya de Los Dolores na so presentaci\u00f3n p\u00fablica, na que Marta Canteli (presidenta) y Paz Gonz\u00e1lez Mesa (maestra de pandereta y baille de l&#8217;asociaci\u00f3n y miembru de la mesma) defendieron el so apueste por caltener la cultura asturiana al travi\u00e9s del [&hellip;]<\/p>\n","protected":false},"author":117,"featured_media":0,"comment_status":"open","ping_status":"open","sticky":false,"template":"","format":"standard","meta":{"footnotes":""},"categories":[53,283,35],"tags":[],"class_list":["post-41258","post","type-post","status-publish","format-standard","hentry","category-asociaciones","category-folclore","category-musica"],"_links":{"self":[{"href":"https:\/\/edublog.educastur.es\/ixuxu\/wp-json\/wp\/v2\/posts\/41258","targetHints":{"allow":["GET"]}}],"collection":[{"href":"https:\/\/edublog.educastur.es\/ixuxu\/wp-json\/wp\/v2\/posts"}],"about":[{"href":"https:\/\/edublog.educastur.es\/ixuxu\/wp-json\/wp\/v2\/types\/post"}],"author":[{"embeddable":true,"href":"https:\/\/edublog.educastur.es\/ixuxu\/wp-json\/wp\/v2\/users\/117"}],"replies":[{"embeddable":true,"href":"https:\/\/edublog.educastur.es\/ixuxu\/wp-json\/wp\/v2\/comments?post=41258"}],"version-history":[{"count":6,"href":"https:\/\/edublog.educastur.es\/ixuxu\/wp-json\/wp\/v2\/posts\/41258\/revisions"}],"predecessor-version":[{"id":41290,"href":"https:\/\/edublog.educastur.es\/ixuxu\/wp-json\/wp\/v2\/posts\/41258\/revisions\/41290"}],"wp:attachment":[{"href":"https:\/\/edublog.educastur.es\/ixuxu\/wp-json\/wp\/v2\/media?parent=41258"}],"wp:term":[{"taxonomy":"category","embeddable":true,"href":"https:\/\/edublog.educastur.es\/ixuxu\/wp-json\/wp\/v2\/categories?post=41258"},{"taxonomy":"post_tag","embeddable":true,"href":"https:\/\/edublog.educastur.es\/ixuxu\/wp-json\/wp\/v2\/tags?post=41258"}],"curies":[{"name":"wp","href":"https:\/\/api.w.org\/{rel}","templated":true}]}}