{"id":41306,"date":"2025-02-02T09:05:03","date_gmt":"2025-02-02T07:05:03","guid":{"rendered":"https:\/\/edublog.educastur.es\/ixuxu\/?p=41306"},"modified":"2025-08-02T12:28:23","modified_gmt":"2025-08-02T10:28:23","slug":"dia-mundial-de-los-humedales-3","status":"publish","type":"post","link":"https:\/\/edublog.educastur.es\/ixuxu\/2025\/02\/dia-mundial-de-los-humedales-3\/","title":{"rendered":"D\u00eda mundial de los humedales"},"content":{"rendered":"<div class=\"html-div xdj266r xat24cr x1mh8g0r xexx8yu x4uap5 x18d9i69 xkhd6sd x78zum5 x2lah0s xqtp20y x1emribx\">\n<div class=\"xc9qbxq x14qfxbe x6s0dn4 x78zum5 xl56j7k\">\n<div class=\"\" style=\"text-align: center\">\n<!-- iframe plugin v.6.0 wordpress.org\/plugins\/iframe\/ -->\n<iframe loading=\"lazy\" src=\"https:\/\/www.facebook.com\/plugins\/post.php?href=https%3A%2F%2Fwww.facebook.com%2Ffundacionbiodiversidad%2Fposts%2Fpfbid023KcbuM5ydWGgot77PvG7umuhGybNaMykmcQGmZM9Ad5vVHqXDJ3GuxkzopMb8axwl&#038;show_text=false&#038;width=500\" width=\"500\" height=\"498\" style=\"border:none;overflow:hidden\" scrolling=\"no\" frameborder=\"0\" allowfullscreen=\"true\" allow=\"autoplay; clipboard-write; encrypted-media; picture-in-picture; web-share\" 0=\"\/iframe\" class=\"iframe-class\"><\/iframe>\n<\/div>\n<\/div>\n<\/div>\n<div class=\"x78zum5 xdt5ytf xz62fqu x16ldp7u\">\n<div class=\"xu06os2 x1ok221b\">\n<div class=\"html-div xdj266r x11i5rnm xat24cr x1mh8g0r xexx8yu x4uap5 x18d9i69 xkhd6sd\" data-ad-rendering-role=\"profile_name\">\n<ul>\n<li class=\"html-h3 x11i5rnm xat24cr x1mh8g0r xexx8yu x4uap5 x18d9i69 xkhd6sd x1vvkbs x1heor9g x1qlqyl8 x1pd3egz x1a2a7pz x1gslohp x1yc453h\"><span class=\"x1lliihq x6ikm8r x10wlt62 x1n2onr6\"><span class=\"xt0psk2\"><span class=\"xjp7ctv\"><a class=\"x1i10hfl xjbqb8w x1ejq31n xd10rxx x1sy0etr x17r0tee x972fbf xcfux6l x1qhh985 xm0m39n x9f619 x1ypdohk xt0psk2 xe8uvvx xdj266r x11i5rnm xat24cr x1mh8g0r xexx8yu x4uap5 x18d9i69 xkhd6sd x16tdsg8 x1hl2dhg xggy1nq x1a2a7pz x1sur9pj xkrqix3 xzsf02u x1s688f\" role=\"link\" href=\"https:\/\/www.facebook.com\/fundacionbiodiversidad?__cft__[0]=AZVJp9BdbvUdCwKpBig2jV5Pou7PM5V98N4EGI4IilDQiZsId4HausXuZ3pQeJv-7a8aqPOA4fLmlOPaWPxBI8BYVSG4RAIvRHIGHgdcPdVHbgEgBoQu5tJEqlK63ZYN6o8XwPvDewiSL7jHyDZxRmjnbI3l_oRY9kHkLoSi5rntFhGCR6DCcMVN6vsWgx0RTHTUSNV-gv29KdER-J3iLE3-1IsZOX2tFUJS8_UPTU_AtA&amp;__tn__=-UC%2CP-y-R\" aria-describedby=\":r359:\"><strong class=\"html-strong xdj266r x11i5rnm xat24cr x1mh8g0r xexx8yu x4uap5 x18d9i69 xkhd6sd x1hl2dhg x16tdsg8 x1vvkbs x1s688f\"><span class=\"html-span xdj266r x11i5rnm xat24cr x1mh8g0r xexx8yu x4uap5 x18d9i69 xkhd6sd x1hl2dhg x16tdsg8 x1vvkbs\">Fundaci\u00f3n Biodiversidad<\/span><\/strong><\/a><\/span><\/span><\/span><span class=\"html-span xdj266r x11i5rnm xat24cr x1mh8g0r xexx8yu x4uap5 x18d9i69 xkhd6sd x1hl2dhg x16tdsg8 x1vvkbs\"><span class=\"x4k7w5x x1h91t0o x1h9r5lt x1jfb8zj xv2umb2 x1beo9mf xaigb6o x12ejxvf x3igimt xarpa2k xedcshv x1lytzrv x1t2pt76 x7ja8zs x1qrby5j\"><span class=\"x1rg5ohu x6ikm8r x10wlt62 x16dsc37 xt0b8zv\" aria-labelledby=\":r35b:\"><span class=\"xmper1u xt0psk2 xjb2p0i x1qlqyl8 x15bjb6t x1n2onr6 x17ihmo5 x1g77sc7\"><span class=\"xt0psk2 x1qlqyl8 x1n2onr6 x17ihmo5 xsmz2so urhKlDzu vrhKlDzv krhKlDzk lrhKlDzl gdrM hdrN sdry tdrz\">\/<a href=\"https:\/\/scontent-bcn1-1.xx.fbcdn.net\/v\/t39.30808-6\/475301878_1032373185594494_4928892830981777295_n.jpg?_nc_cat=104&amp;ccb=1-7&amp;_nc_sid=127cfc&amp;_nc_ohc=6V9jDZwiTKkQ7kNvgHG5V9S&amp;_nc_oc=Adj45yv3J79O2IutPtxVlX9YlMdNjr3cmqbiM9Or8klRhkG0vbCumFmpYI1B00fplweXQYRKfpRuTXnsChWyVcCy&amp;_nc_zt=23&amp;_nc_ht=scontent-bcn1-1.xx&amp;_nc_gid=AT5iLvgLCCCc4GqkwUaWgrL&amp;oh=00_AYBAdjhlNWaBVqSYDE-6_xJE3h0Qe0x9EUlMMIpoJC_Npg&amp;oe=67A53C59\"> imaxe<\/a><\/span><\/span><\/span><\/span><\/span><\/li>\n<\/ul>\n<\/div>\n<\/div>\n<\/div>\n<div class=\"html-div xdj266r x11i5rnm xat24cr x1mh8g0r xexx8yu x4uap5 x18d9i69 xkhd6sd\" dir=\"auto\">\n<div class=\"html-div xdj266r x11i5rnm xat24cr x1mh8g0r xexx8yu x4uap5 x18d9i69 xkhd6sd\" dir=\"auto\">\n<div class=\"html-div xdj266r x11i5rnm xat24cr x1mh8g0r xexx8yu x4uap5 x18d9i69 xkhd6sd\" data-ad-rendering-role=\"story_message\">\n<div class=\"x1l90r2v x1iorvi4 x1ye3gou xn6708d\" data-ad-comet-preview=\"message\" data-ad-preview=\"message\">\n<div class=\"x78zum5 xdt5ytf xz62fqu x16ldp7u\">\n<div class=\"xu06os2 x1ok221b\">\n<div class=\"x11i5rnm xat24cr x1mh8g0r x1vvkbs xtlvy1s x126k92a\">\n<div dir=\"auto\"><em><span style=\"text-decoration: underline;color: #008080\">Les g\u00fcelgues o humedales dannos vida:<\/span><\/em><\/div>\n<ul>\n<li dir=\"auto\"><em><span style=\"color: #008080\">Abelugu de biodiversid\u00e1 <\/span><\/em><\/li>\n<li dir=\"auto\"><em><span style=\"color: #008080\">Regulen el clima <\/span><\/em><\/li>\n<li dir=\"auto\"><em><span style=\"color: #008080\">Filtren l&#8217;agua <\/span><\/em><\/li>\n<li dir=\"auto\"><em><span style=\"color: #008080\">Protexen contra inundaciones<\/span><\/em><\/li>\n<li dir=\"auto\"><em><span style=\"color: #008080\">Apurren alimentos<\/span><\/em><\/li>\n<li dir=\"auto\"><em><span style=\"color: #008080\">Brinden materies primes<\/span><\/em><br \/>\nA pesar de la so importancia, t\u00e1n sumiendo. \u00a1Ye hora de protexelos!<\/li>\n<\/ul>\n<p><!--more--><\/p>\n<p>Les g\u00fcelgues\/humedales non solo protexen la biodiversid\u00e1: pueden retener hasta&#8217;l 90 % de los sedimentos, frenando la erosi\u00f3n y curiando les nueses riberes y mari\u00f1es. Perdelos ye dexar el suelu ensin defensa.\u00a0Ensin g\u00fcelgues \ud83c\udfde\ufe0f nun hai vida \ud83d\udc99.<\/p>\n<p style=\"text-align: center\"><span class=\"x193iq5w xeuugli x13faqbe x1vvkbs xt0psk2 x1i0vuye xvs91rp xo1l8bm x5n08af x10wh9bi xpm28yp x8viiok x1o7cslx x126k92a\"><span class=\"html-span xexx8yu x4uap5 x18d9i69 xkhd6sd x1hl2dhg x16tdsg8 x1vvkbs x3nfvp2 x1j61x8r x1fcty0u xdj266r xat24cr xgzva0m xhhsvwb xxymvpz xlup9mm x1kky2od\">\n<!-- iframe plugin v.6.0 wordpress.org\/plugins\/iframe\/ -->\n<iframe loading=\"lazy\" src=\"https:\/\/www.instagram.com\/reel\/DLmYKhjvPAg\/embed\" width=\"360\" height=\"600\" 0=\"\/iframe\" scrolling=\"yes\" class=\"iframe-class\" frameborder=\"0\"><\/iframe>\n<\/span><\/span><\/p>\n<ul>\n<li>Humedal:<em><span style=\"color: #008080\"> Terr\u00e9n d&#8217;ag\u00fces superficiales o soterra\u00f1es de poca fondura. Una g\u00fcelga ye una zona de tierra, xeneralmente plana, que la so superficie anubrise de manera permanente o intermitente.\u200b Al cubrise regularmente d&#8217;agua, el suelu ench\u00e1rcase, quedando desprovistu d&#8217;os\u00edxenu y da llugar a un ecosistema h\u00edbridu ente los puramente acu\u00e1ticos y los terrestres.<\/span><a href=\"https:\/\/es.wikipedia.org\/wiki\/Humedal\">Wikipedia<\/a><\/em><\/li>\n<li><a href=\"https:\/\/naturalezadeasturias.es\/espacios\/accede\/ramsar\/\">Red de Humedales n&#8217;Asturies<\/a>: <a href=\"https:\/\/naturalezadeasturias.es\/espacios\/accede\/ramsar\/\"><strong><em>RAMSAR<\/em><\/strong><\/a>\/<\/li>\n<li>G\u00fcelgues RAMSAR n&#8217;Asturies: <a href=\"https:\/\/naturalezadeasturias.es\/espacios\/accede\/ramsar\/ES705RIS.html\">R\u00eda del EO<\/a> y <a href=\"https:\/\/naturalezadeasturias.es\/espacios\/accede\/ramsar\/ES2037RIS.html\">R\u00eda de Vilaviciosa<\/a><\/li>\n<\/ul>\n<p>Asturies cunta con dos espacios incluy\u00edos nesa rede: la R\u00eda del Eo, incorporada en 1994, y la R\u00eda de Villaviciosa, en xineru de 2011. Dambos estuarios t\u00e1n consideraos como<span style=\"color: #008080\"><strong> llugares de gran inter\u00e9s para la migraci\u00f3n ya ivernada de les aves nel Princip\u00e1u d&#8217;Asturies.<\/strong><\/span><\/p>\n<ul>\n<li><a href=\"https:\/\/naturalezadeasturias.es\/espacios\/accede\/ramsar\/ES705RIS.html\"><span style=\"color: #008080\"><strong>La R\u00eda del Eo<\/strong><\/span><\/a> foi escoyida fundamentalmente por acoyer una poblaci\u00f3n importante d&#8217;\u00e1nade rabudu (Anas acuta). Ye&#8217;l mayor de los estuarios asturianos, actuando de llende occidental de la rex\u00f3n cola vecina Galicia. Ye un estuariu de valle anubiertu que recibe un importante caudal d&#8217;ag\u00fces duces que provien del R\u00edu Eo.<\/li>\n<li><a href=\"https:\/\/naturalezadeasturias.es\/upload\/ES705RIS.pdf\">Ficha Oficial RAMSAR R\u00eda del Eo (PDF)<\/a><\/li>\n<\/ul>\n<p style=\"text-align: center\"><a href=\"https:\/\/naturalezadeasturias.es\/upload\/1499428863.jpg\"><img loading=\"lazy\" decoding=\"async\" class=\"aligncenter \" src=\"https:\/\/naturalezadeasturias.es\/upload\/1499428863.jpg\" width=\"692\" height=\"453\" \/><\/a><\/p>\n<ul>\n<li><a href=\"https:\/\/naturalezadeasturias.es\/espacios\/accede\/ramsar\/ES2037RIS.html\"><span style=\"color: #008080\"><strong>La R\u00eda de Villaviciosa<\/strong><\/span><\/a> foi escoyida por allugar dellos h\u00e1bitats vulnerables o en peligru, seg\u00fan por dar abellu a numberoses especies de lim\u00edcolas, dalgunes d&#8217;elles importantes para&#8217;l caltenimientu de la diversid\u00e1 biol\u00f3xica de la Rex\u00f3n Biogeogr\u00e1fica Atl\u00e1ntica. At\u00f3pase \u00edntegramente nel conceyu del mesmu nome.<\/li>\n<li><a href=\"https:\/\/naturalezadeasturias.es\/upload\/ES2037RIS.pdf\">Ficha oficial RAMSAR R\u00eda de Villaviciosa (PDF)<\/a><\/li>\n<\/ul>\n<p style=\"text-align: center\"><a href=\"https:\/\/naturalezadeasturias.es\/upload\/1499429073.jpg\"><img loading=\"lazy\" decoding=\"async\" class=\"aligncenter \" src=\"https:\/\/naturalezadeasturias.es\/upload\/1499429073.jpg\" width=\"762\" height=\"508\" \/><\/a><\/p>\n<p style=\"text-align: center\">\n<!-- iframe plugin v.6.0 wordpress.org\/plugins\/iframe\/ -->\n<iframe loading=\"lazy\" src=\"https:\/\/www.facebook.com\/plugins\/post.php?href=https%3A%2F%2Fwww.facebook.com%2Fphoto.php%3Ffbid%3D1196323872064837%26set%3Da.822999869397241%26type%3D3&#038;show_text=false&#038;width=500\" width=\"500\" height=\"250\" style=\"border:none;overflow:hidden\" scrolling=\"no\" frameborder=\"0\" allowfullscreen=\"true\" allow=\"autoplay; clipboard-write; encrypted-media; picture-in-picture; web-share\" 0=\"\/iframe\" class=\"iframe-class\"><\/iframe>\n<\/p>\n<\/div>\n<div class=\"x78zum5 xdt5ytf xz62fqu x16ldp7u\">\n<div class=\"xu06os2 x1ok221b\">\n<div class=\"html-div xdj266r x11i5rnm xat24cr x1mh8g0r xexx8yu x4uap5 x18d9i69 xkhd6sd\" data-ad-rendering-role=\"profile_name\">\n<h3 class=\"html-h3 x11i5rnm xat24cr x1mh8g0r xexx8yu x4uap5 x18d9i69 xkhd6sd x1vvkbs x1heor9g x1qlqyl8 x1pd3egz x1a2a7pz x1gslohp x1yc453h\"><span class=\"x1lliihq x6ikm8r x10wlt62 x1n2onr6\"><span class=\"xt0psk2\"><span class=\"xjp7ctv\"><a class=\"x1i10hfl xjbqb8w x1ejq31n xd10rxx x1sy0etr x17r0tee x972fbf xcfux6l x1qhh985 xm0m39n x9f619 x1ypdohk xt0psk2 xe8uvvx xdj266r x11i5rnm xat24cr x1mh8g0r xexx8yu x4uap5 x18d9i69 xkhd6sd x16tdsg8 x1hl2dhg xggy1nq x1a2a7pz x1sur9pj xkrqix3 xzsf02u x1s688f\" role=\"link\" href=\"https:\/\/www.facebook.com\/fundacionbiodiversidad?__cft__[0]=AZX-pDKzNWcTJEhE6r8ZtWQEbnnwQfn_Y9xoeOUZmeUUKI9W0IjTel1HL7cnROlblV6PvPLAVxPbAYA2P1QBpKKJuFmugSlyqlgiici8y-hSzhTQIdkskb2yntA_rHm1dKFte7xWPAxmdvoCnqlheKOlL7jjrVxJIltChyRvw6yjEZJ_FznZiuzLU8sIGV1Tdju7a4ePldQK97cPrnDS3B4ehhp8CtATUxiylsrU6ySlWg&amp;__tn__=-UC%2CP-y-R\" aria-describedby=\":r32i:\"><strong class=\"html-strong xdj266r x11i5rnm xat24cr x1mh8g0r xexx8yu x4uap5 x18d9i69 xkhd6sd x1hl2dhg x16tdsg8 x1vvkbs x1s688f\"><span class=\"html-span xdj266r x11i5rnm xat24cr x1mh8g0r xexx8yu x4uap5 x18d9i69 xkhd6sd x1hl2dhg x16tdsg8 x1vvkbs\">Fundaci\u00f3n Biodiversidad<\/span><\/strong><\/a><\/span><\/span><\/span><\/h3>\n<\/div>\n<\/div>\n<div class=\"xu06os2 x1ok221b\">\n<div class=\"html-div xdj266r x11i5rnm xat24cr x1mh8g0r xexx8yu x4uap5 x18d9i69 xkhd6sd x1q0g3np\" style=\"text-align: center\"><span class=\"html-span xdj266r x11i5rnm xat24cr x1mh8g0r xexx8yu x4uap5 x18d9i69 xkhd6sd x1hl2dhg x16tdsg8 x1vvkbs\"><span class=\"x4k7w5x x1h91t0o x1h9r5lt x1jfb8zj xv2umb2 x1beo9mf xaigb6o x12ejxvf x3igimt xarpa2k xedcshv x1lytzrv x1t2pt76 x7ja8zs x1qrby5j\"><a class=\"x1i10hfl xjbqb8w x1ejq31n xd10rxx x1sy0etr x17r0tee x972fbf xcfux6l x1qhh985 xm0m39n x9f619 x1ypdohk xt0psk2 xe8uvvx xdj266r x11i5rnm xat24cr x1mh8g0r xexx8yu x4uap5 x18d9i69 xkhd6sd x16tdsg8 x1hl2dhg xggy1nq x1a2a7pz x1sur9pj xkrqix3 xi81zsa x1s688f\" role=\"link\" href=\"https:\/\/www.facebook.com\/fundacionbiodiversidad\/videos\/1633920943888983\/?__cft__[0]=AZX-pDKzNWcTJEhE6r8ZtWQEbnnwQfn_Y9xoeOUZmeUUKI9W0IjTel1HL7cnROlblV6PvPLAVxPbAYA2P1QBpKKJuFmugSlyqlgiici8y-hSzhTQIdkskb2yntA_rHm1dKFte7xWPAxmdvoCnqlheKOlL7jjrVxJIltChyRvw6yjEZJ_FznZiuzLU8sIGV1Tdju7a4ePldQK97cPrnDS3B4ehhp8CtATUxiylsrU6ySlWg&amp;__tn__=%2CO%2CP-y-R\"><span class=\"x1rg5ohu x6ikm8r x10wlt62 x16dsc37 xt0b8zv\" aria-labelledby=\":r32k:\"><span class=\"xmper1u xt0psk2 xjb2p0i x1qlqyl8 x15bjb6t x1n2onr6 x17ihmo5 x1g77sc7\"><span class=\"x1r8a4m5 x1n2onr6 x17ihmo5 x1ihsnu5 rrhKlDzr wrhKlDzw xrhKlDzx urhKlDzu ddrJ edrK fdrL gdrM\"><br \/>\n<\/span><\/span><\/span><\/a><\/span><\/span>\n<!-- iframe plugin v.6.0 wordpress.org\/plugins\/iframe\/ -->\n<iframe loading=\"lazy\" src=\"https:\/\/www.facebook.com\/plugins\/video.php?height=476&#038;href=https%3A%2F%2Fwww.facebook.com%2Ffundacionbiodiversidad%2Fvideos%2F1633920943888983%2F&#038;show_text=false&#038;width=476&#038;t=0\" width=\"476\" height=\"476\" style=\"border:none;overflow:hidden\" scrolling=\"no\" frameborder=\"0\" allowfullscreen=\"true\" allow=\"autoplay; clipboard-write; encrypted-media; picture-in-picture; web-share\" 0=\"\/iframe\" class=\"iframe-class\"><\/iframe>\n<\/div>\n<div><\/div>\n<\/div>\n<\/div>\n<div class=\"html-div xdj266r x11i5rnm xat24cr x1mh8g0r xexx8yu x4uap5 x18d9i69 xkhd6sd\" dir=\"auto\">\n<div class=\"html-div xdj266r x11i5rnm xat24cr x1mh8g0r xexx8yu x4uap5 x18d9i69 xkhd6sd\" dir=\"auto\">\n<div class=\"html-div xdj266r x11i5rnm xat24cr x1mh8g0r xexx8yu x4uap5 x18d9i69 xkhd6sd\" data-ad-rendering-role=\"story_message\">\n<div class=\"x1l90r2v x1iorvi4 x1ye3gou xn6708d\" data-ad-comet-preview=\"message\" data-ad-preview=\"message\">\n<div class=\"x78zum5 xdt5ytf xz62fqu x16ldp7u\">\n<div class=\"xu06os2 x1ok221b\">\n<div class=\"xdj266r x11i5rnm xat24cr x1mh8g0r x1vvkbs x126k92a\">\n<blockquote>\n<div dir=\"auto\">\n<p><span style=\"color: #008080\"><em>Les g\u00fcelgues\/humedales sumen m\u00e1s r\u00e1pidu que cualesquier otru ecosistema: dende 1700 perdimos casi&#8217;l 90 % de les zones h\u00famedes del mundu. El so bon est\u00e1u ye clave para la biodiversid\u00e1 y nuesa mesma supervivencia. Ensin ellos nun hai vida.<\/em> <\/span><\/p>\n<\/div>\n<\/blockquote>\n<\/div>\n<div class=\"x11i5rnm xat24cr x1mh8g0r x1vvkbs xtlvy1s x126k92a\"><\/div>\n<div class=\"x11i5rnm xat24cr x1mh8g0r x1vvkbs xtlvy1s x126k92a\">\n<div dir=\"auto\"><\/div>\n<\/div>\n<\/div>\n<\/div>\n<\/div>\n<\/div>\n<\/div>\n<\/div>\n<\/div>\n<\/div>\n<\/div>\n<\/div>\n<\/div>\n<\/div>\n","protected":false},"excerpt":{"rendered":"<p>Fundaci\u00f3n Biodiversidad\/ imaxe Les g\u00fcelgues o humedales dannos vida: Abelugu de biodiversid\u00e1 Regulen el clima Filtren l&#8217;agua Protexen contra inundaciones Apurren alimentos Brinden materies primes A pesar de la so importancia, t\u00e1n sumiendo. \u00a1Ye hora de protexelos!<\/p>\n","protected":false},"author":117,"featured_media":0,"comment_status":"open","ping_status":"open","sticky":false,"template":"","format":"standard","meta":{"footnotes":""},"categories":[6],"tags":[],"class_list":["post-41306","post","type-post","status-publish","format-standard","hentry","category-dia-de"],"_links":{"self":[{"href":"https:\/\/edublog.educastur.es\/ixuxu\/wp-json\/wp\/v2\/posts\/41306","targetHints":{"allow":["GET"]}}],"collection":[{"href":"https:\/\/edublog.educastur.es\/ixuxu\/wp-json\/wp\/v2\/posts"}],"about":[{"href":"https:\/\/edublog.educastur.es\/ixuxu\/wp-json\/wp\/v2\/types\/post"}],"author":[{"embeddable":true,"href":"https:\/\/edublog.educastur.es\/ixuxu\/wp-json\/wp\/v2\/users\/117"}],"replies":[{"embeddable":true,"href":"https:\/\/edublog.educastur.es\/ixuxu\/wp-json\/wp\/v2\/comments?post=41306"}],"version-history":[{"count":9,"href":"https:\/\/edublog.educastur.es\/ixuxu\/wp-json\/wp\/v2\/posts\/41306\/revisions"}],"predecessor-version":[{"id":41308,"href":"https:\/\/edublog.educastur.es\/ixuxu\/wp-json\/wp\/v2\/posts\/41306\/revisions\/41308"}],"wp:attachment":[{"href":"https:\/\/edublog.educastur.es\/ixuxu\/wp-json\/wp\/v2\/media?parent=41306"}],"wp:term":[{"taxonomy":"category","embeddable":true,"href":"https:\/\/edublog.educastur.es\/ixuxu\/wp-json\/wp\/v2\/categories?post=41306"},{"taxonomy":"post_tag","embeddable":true,"href":"https:\/\/edublog.educastur.es\/ixuxu\/wp-json\/wp\/v2\/tags?post=41306"}],"curies":[{"name":"wp","href":"https:\/\/api.w.org\/{rel}","templated":true}]}}