{"id":41310,"date":"2025-02-02T13:25:14","date_gmt":"2025-02-02T11:25:14","guid":{"rendered":"https:\/\/edublog.educastur.es\/ixuxu\/?p=41310"},"modified":"2025-02-02T13:26:21","modified_gmt":"2025-02-02T11:26:21","slug":"tematica-del-antroxu-2025-en-llanera-la-eda-media","status":"publish","type":"post","link":"https:\/\/edublog.educastur.es\/ixuxu\/2025\/02\/tematica-del-antroxu-2025-en-llanera-la-eda-media\/","title":{"rendered":"Tem\u00e1tica del Antroxu 2025 en Llanera: La Ed\u00e1 Media"},"content":{"rendered":"<div class=\"html-div xdj266r xat24cr x1mh8g0r xexx8yu x4uap5 x18d9i69 xkhd6sd x78zum5 x2lah0s xqtp20y x1emribx\">\n<div class=\"xc9qbxq x1td3qas x6s0dn4 x78zum5 xl56j7k\">\n<div class=\"\" style=\"text-align: center\"><\/div>\n<div style=\"text-align: center\"><a href=\"https:\/\/substackcdn.com\/image\/fetch\/f_auto,q_auto:good,fl_progressive:steep\/https%3A%2F%2Fsubstack-post-media.s3.amazonaws.com%2Fpublic%2Fimages%2F7e68df54-0283-4236-aae9-1c460904cf74_1920x1080.jpeg\"><img loading=\"lazy\" decoding=\"async\" class=\"aligncenter size-large\" src=\"https:\/\/substackcdn.com\/image\/fetch\/f_auto,q_auto:good,fl_progressive:steep\/https%3A%2F%2Fsubstack-post-media.s3.amazonaws.com%2Fpublic%2Fimages%2F7e68df54-0283-4236-aae9-1c460904cf74_1920x1080.jpeg\" width=\"1920\" height=\"1080\" \/><\/a><\/div>\n<\/div>\n<\/div>\n<div class=\"x78zum5 xdt5ytf xz62fqu x16ldp7u\">\n<div class=\"xu06os2 x1ok221b\">\n<div class=\"html-div xdj266r x11i5rnm xat24cr x1mh8g0r xexx8yu x4uap5 x18d9i69 xkhd6sd\" data-ad-rendering-role=\"profile_name\">\n<ul>\n<li class=\"html-h3 x11i5rnm xat24cr x1mh8g0r xexx8yu x4uap5 x18d9i69 xkhd6sd x1vvkbs x1heor9g x1qlqyl8 x1pd3egz x1a2a7pz x1gslohp x1yc453h\"><span class=\"x1lliihq x6ikm8r x10wlt62 x1n2onr6\"><span class=\"xt0psk2\"><span class=\"xjp7ctv\"><a class=\"x1i10hfl xjbqb8w x1ejq31n xd10rxx x1sy0etr x17r0tee x972fbf xcfux6l x1qhh985 xm0m39n x9f619 x1ypdohk xt0psk2 xe8uvvx xdj266r x11i5rnm xat24cr x1mh8g0r xexx8yu x4uap5 x18d9i69 xkhd6sd x16tdsg8 x1hl2dhg xggy1nq x1a2a7pz x1sur9pj xkrqix3 xzsf02u x1s688f\" role=\"link\" href=\"https:\/\/www.facebook.com\/OIJ.Llanera?__cft__[0]=AZW-i-zVujASEICi5lhD3G7AAR-ZJVnY4C6LP5JiA3XCR5iQ92xFXoYBxwN1yPLOrADjqrfKVPpcuaEop9EV0nyues6wyXE8r9x65HATiJmUKVXyPW1Elb2Tgk69FLJtdkLxI_lMozcsK2DFbmgUkd0nEgpN_Jydi1aAX_WEzAVV3VgjJsfaGFZVRvlyXLzfDN2-7v1mkVdKR1qx6sqhJ4C6pfThAQ77DtWUskkQKoWt2w&amp;__tn__=-UC%2CP-y-R\" aria-describedby=\":r36p:\"><strong class=\"html-strong xdj266r x11i5rnm xat24cr x1mh8g0r xexx8yu x4uap5 x18d9i69 xkhd6sd x1hl2dhg x16tdsg8 x1vvkbs x1s688f\"><span class=\"html-span xdj266r x11i5rnm xat24cr x1mh8g0r xexx8yu x4uap5 x18d9i69 xkhd6sd x1hl2dhg x16tdsg8 x1vvkbs\">Oficina Xoven de Llanera<\/span><\/strong><\/a><\/span><\/span><\/span>\/@ayuntamientollanera \/ <a href=\"https:\/\/scontent-bcn1-1.xx.fbcdn.net\/v\/t39.30808-6\/474763310_954203080144785_2185658077567008725_n.jpg?_nc_cat=110&amp;ccb=1-7&amp;_nc_sid=127cfc&amp;_nc_ohc=engY2DYX5-kQ7kNvgHEeDqF&amp;_nc_oc=AdhUY9pvTLH5wkhKSNLwm3uj6G6_-D7aoFtsCax1jEdd3xXX48TTZQRE71GTA1YCQqRG2yYXScgd-Ozfbh5P84oq&amp;_nc_zt=23&amp;_nc_ht=scontent-bcn1-1.xx&amp;_nc_gid=AyAvjewNmMebFEflyR_FxK9&amp;oh=00_AYDfDkGP5GccC5SOW8xE7UrZS_NXGkX3PQJTl7DGZ0Vpkg&amp;oe=67A5336D\">cartelu<\/a> \/<\/li>\n<\/ul>\n<p>La ED\u00c1 MEDIA va ser la tema central de les celebraciones&#8230; Tamos \u00e9nte unu de los periodos de la hestoria que mayor inter\u00e9s espierta, sin\u00f3n qu&#8217;escoyendo esta d\u00f3mina, tami\u00e9n faemos un chisgo a los Exconxuraos, qu&#8217;angua\u00f1o celebra&#8217;l so 25 aniversariu&#8230; nun nos asocede meyor manera d&#8217;homenaxar a la nuesa fiesta grande, que convirtiendo esta d\u00f3mina en protagonista d&#8217;otra celebraci\u00f3n bien enraigonada nel conceyu como ye l&#8217;Antroxu . Del 1 al 4 de marzu, LLANERA va vese\u00a0 medieval.<\/p>\n<p><!--more--><\/p>\n<p><span style=\"color: #008080\"><em><strong>La Ed\u00e1 Media o&#8217;l Medievu<\/strong>\u200b ye&#8217;l per\u00edodu hist\u00f3ricu de la civilizaci\u00f3n occidental entend\u00edu ente los sieglos V y XV, sucesor de la Ed\u00e1 Antigua y predecesor de la Ed\u00e1 Moderna. <\/em><\/span><em>La Ed\u00e1 Media empez\u00f3 l&#8217;a\u00f1u 476 cola cayida del Imperiu Romanu d&#8217;Occidente y termin\u00f3 el 1492 cola llegada de Col\u00f3n a Am\u00e9rica -o, m\u00e1s concretamente, al Caribe, y\u00e1 que nun tri\u00f3&#8217;l continente hasta&#8217;l so tercer viaxe.<\/em><\/p>\n<p style=\"text-align: center\">\n<!-- iframe plugin v.6.0 wordpress.org\/plugins\/iframe\/ -->\n<iframe loading=\"lazy\" width=\"100%\" height=\"383\" src=\"https:\/\/www.youtube.com\/embed\/HYYYUv908G0\" title=\"Edad Media | V\u00eddeos Educativos para Ni\u00f1os\" frameborder=\"0\" allow=\"accelerometer; autoplay; clipboard-write; encrypted-media; gyroscope; picture-in-picture; web-share\" referrerpolicy=\"strict-origin-when-cross-origin\" 0=\"allowfullscreen\" 1=\"\/iframe\" scrolling=\"yes\" class=\"iframe-class\"><\/iframe>\n<\/p>\n<p style=\"text-align: center\">\n<\/div>\n<\/div>\n<\/div>\n<p>&nbsp;<\/p>\n","protected":false},"excerpt":{"rendered":"<p>Oficina Xoven de Llanera\/@ayuntamientollanera \/ cartelu \/ La ED\u00c1 MEDIA va ser la tema central de les celebraciones&#8230; Tamos \u00e9nte unu de los periodos de la hestoria que mayor inter\u00e9s espierta, sin\u00f3n qu&#8217;escoyendo esta d\u00f3mina, tami\u00e9n faemos un chisgo a los Exconxuraos, qu&#8217;angua\u00f1o celebra&#8217;l so 25 aniversariu&#8230; nun nos asocede meyor manera d&#8217;homenaxar a la [&hellip;]<\/p>\n","protected":false},"author":117,"featured_media":0,"comment_status":"open","ping_status":"open","sticky":false,"template":"","format":"standard","meta":{"footnotes":""},"categories":[262],"tags":[],"class_list":["post-41310","post","type-post","status-publish","format-standard","hentry","category-antroxu"],"_links":{"self":[{"href":"https:\/\/edublog.educastur.es\/ixuxu\/wp-json\/wp\/v2\/posts\/41310","targetHints":{"allow":["GET"]}}],"collection":[{"href":"https:\/\/edublog.educastur.es\/ixuxu\/wp-json\/wp\/v2\/posts"}],"about":[{"href":"https:\/\/edublog.educastur.es\/ixuxu\/wp-json\/wp\/v2\/types\/post"}],"author":[{"embeddable":true,"href":"https:\/\/edublog.educastur.es\/ixuxu\/wp-json\/wp\/v2\/users\/117"}],"replies":[{"embeddable":true,"href":"https:\/\/edublog.educastur.es\/ixuxu\/wp-json\/wp\/v2\/comments?post=41310"}],"version-history":[{"count":4,"href":"https:\/\/edublog.educastur.es\/ixuxu\/wp-json\/wp\/v2\/posts\/41310\/revisions"}],"predecessor-version":[{"id":41314,"href":"https:\/\/edublog.educastur.es\/ixuxu\/wp-json\/wp\/v2\/posts\/41310\/revisions\/41314"}],"wp:attachment":[{"href":"https:\/\/edublog.educastur.es\/ixuxu\/wp-json\/wp\/v2\/media?parent=41310"}],"wp:term":[{"taxonomy":"category","embeddable":true,"href":"https:\/\/edublog.educastur.es\/ixuxu\/wp-json\/wp\/v2\/categories?post=41310"},{"taxonomy":"post_tag","embeddable":true,"href":"https:\/\/edublog.educastur.es\/ixuxu\/wp-json\/wp\/v2\/tags?post=41310"}],"curies":[{"name":"wp","href":"https:\/\/api.w.org\/{rel}","templated":true}]}}