{"id":41337,"date":"2025-02-21T09:00:26","date_gmt":"2025-02-21T07:00:26","guid":{"rendered":"https:\/\/edublog.educastur.es\/ixuxu\/?p=41337"},"modified":"2025-02-26T11:34:10","modified_gmt":"2025-02-26T09:34:10","slug":"dia-de-la-llingua-materna-3","status":"publish","type":"post","link":"https:\/\/edublog.educastur.es\/ixuxu\/2025\/02\/dia-de-la-llingua-materna-3\/","title":{"rendered":"D\u00eda de la llingua materna"},"content":{"rendered":"<div class=\"html-div xdj266r x11i5rnm xat24cr x1mh8g0r xexx8yu x1a8lsjc x1swvt13 x1pi30zi\">\n<div class=\"html-div xdj266r x11i5rnm xat24cr x1mh8g0r xexx8yu x4uap5 x18d9i69 xkhd6sd x1jx94hy x78zum5 x1q0g3np\">\n<div class=\"x78zum5 xdt5ytf xz62fqu x16ldp7u\">\n<div class=\"xu06os2 x1ok221b\">\n<div class=\"html-div xdj266r x11i5rnm xat24cr x1mh8g0r xexx8yu x4uap5 x18d9i69 xkhd6sd\" data-ad-rendering-role=\"profile_name\">\n<ul>\n<li class=\"html-h3 x11i5rnm xat24cr x1mh8g0r xexx8yu x4uap5 x18d9i69 xkhd6sd x1vvkbs x1heor9g x1qlqyl8 x1pd3egz x1a2a7pz x1gslohp x1yc453h\"><span class=\"x1lliihq x6ikm8r x10wlt62 x1n2onr6\"><span class=\"xt0psk2\"><a class=\"x1i10hfl xjbqb8w x1ejq31n xd10rxx x1sy0etr x17r0tee x972fbf xcfux6l x1qhh985 xm0m39n x9f619 x1ypdohk xt0psk2 xe8uvvx xdj266r x11i5rnm xat24cr x1mh8g0r xexx8yu x4uap5 x18d9i69 xkhd6sd x16tdsg8 x1hl2dhg xggy1nq x1a2a7pz x1sur9pj xkrqix3 xzsf02u x1s688f\" role=\"link\" href=\"https:\/\/www.facebook.com\/LligaCeltaAsturies?__cft__[0]=AZVjy-T2UJZszggHCy-Z3-ZmhkJLE4blxI_pVA3KQj7G-Q8364aPzgjLei95WSQQqzzRV-4hKRezbeXK07qlYiKeb0woplph8V-KMmOJ0hrs0kYOPMg2S_-4D8TQ8BRO3RGgcS8tt0lYIk3VWPFDu3QYgwr_K1ergpwB1fMCkFQUGzh9vnEwyQ6U6Q9kfpatgik&amp;__tn__=-UC%2CP-y-R\" aria-describedby=\":R2taikpqkdqllajaillkqismipapd5aq:\"><strong class=\"html-strong xdj266r x11i5rnm xat24cr x1mh8g0r xexx8yu x4uap5 x18d9i69 xkhd6sd x1hl2dhg x16tdsg8 x1vvkbs x1s688f\"><span class=\"html-span xdj266r x11i5rnm xat24cr x1mh8g0r xexx8yu x4uap5 x18d9i69 xkhd6sd x1hl2dhg x16tdsg8 x1vvkbs\">Lliga Celta d&#8217;Asturies<\/span><\/strong><\/a><\/span><\/span><\/li>\n<\/ul>\n<\/div>\n<\/div>\n<\/div>\n<\/div>\n<\/div>\n<div class=\"html-div xdj266r x11i5rnm xat24cr x1mh8g0r xexx8yu x4uap5 x18d9i69 xkhd6sd\" dir=\"auto\">\n<div class=\"html-div xdj266r x11i5rnm xat24cr x1mh8g0r xexx8yu x4uap5 x18d9i69 xkhd6sd\" dir=\"auto\">\n<div class=\"html-div xdj266r x11i5rnm xat24cr x1mh8g0r xexx8yu x4uap5 x18d9i69 xkhd6sd\" data-ad-rendering-role=\"story_message\">\n<div class=\"x1l90r2v x1iorvi4 x1ye3gou xn6708d\" data-ad-comet-preview=\"message\" data-ad-preview=\"message\">\n<div class=\"x78zum5 xdt5ytf xz62fqu x16ldp7u\">\n<div class=\"xu06os2 x1ok221b\">\n<div class=\"xdj266r x11i5rnm xat24cr x1mh8g0r x1vvkbs x126k92a\">\n<blockquote>\n<div dir=\"auto\" style=\"text-align: center\"><strong><span style=\"color: #008080;font-size: 24px\">Fala n&#8217;asturianu o eonaviegu&#8230;. ye lo nueso<\/span><\/strong><\/div>\n<\/blockquote>\n<\/div>\n<\/div>\n<\/div>\n<\/div>\n<\/div>\n<\/div>\n<\/div>\n<p style=\"text-align: center\">\n<!-- iframe plugin v.6.0 wordpress.org\/plugins\/iframe\/ -->\n<iframe loading=\"lazy\" src=\"https:\/\/www.facebook.com\/plugins\/post.php?href=https%3A%2F%2Fwww.facebook.com%2Fphoto%2F%3Ffbid%3D764357122392154%26set%3Da.458970922930777&#038;show_text=false&#038;width=500\" width=\"500\" height=\"517\" style=\"border:none;overflow:hidden\" scrolling=\"no\" frameborder=\"0\" allowfullscreen=\"true\" allow=\"autoplay; clipboard-write; encrypted-media; picture-in-picture; web-share\" 0=\"\/iframe\" class=\"iframe-class\"><\/iframe>\n<\/p>\n<p style=\"text-align: center\"><span style=\"color: #008080;font-size: 24px\"><strong><em>Cuando se deixa testimoniu de dignid\u00e1,<\/em><\/strong><\/span><br \/>\n<span style=\"color: #008080;font-size: 24px\"><strong><em>nunca nun se fracasa.<\/em><\/strong><\/span><\/p>\n<p style=\"text-align: center\">Xulio Viejo<\/p>\n<p><!--more--><\/p>\n<div class=\"x1iyjqo2\">\n<div class=\"x78zum5 xdt5ytf xz62fqu x16ldp7u\">\n<div class=\"xu06os2 x1ok221b\">\n<div class=\"x1gslohp\">\n<ul>\n<li class=\"html-h2 x11i5rnm xat24cr x1mh8g0r xexx8yu x4uap5 x18d9i69 xkhd6sd x1vvkbs x1heor9g x1qlqyl8 x1pd3egz x1a2a7pz x1gslohp\"><span class=\"x193iq5w xeuugli x13faqbe x1vvkbs x1xmvt09 x1f6kntn xvq8zen xo1l8bm xi81zsa\"><span class=\"xt0psk2\"><span class=\"xjp7ctv\"><a class=\"x1i10hfl xjbqb8w x1ejq31n xd10rxx x1sy0etr x17r0tee x972fbf xcfux6l x1qhh985 xm0m39n x9f619 x1ypdohk xt0psk2 xe8uvvx xdj266r x11i5rnm xat24cr x1mh8g0r xexx8yu x4uap5 x18d9i69 xkhd6sd x16tdsg8 x1hl2dhg xggy1nq x1a2a7pz x1sur9pj xkrqix3 xzsf02u x1s688f\" role=\"link\" href=\"https:\/\/www.facebook.com\/profile.php?id=100064536198079&amp;__tn__=-UC*F\" aria-describedby=\":R1oqbl96taillkqismipapd5aq:\">Serviciu Normalizaci\u00f3n \u1e36\u1e37ing\u00fc\u00edstica &#8211; Conceyu Cangas del Narcea<\/a><\/span><\/span><\/span><\/li>\n<\/ul>\n<p style=\"text-align: center\">\n<!-- iframe plugin v.6.0 wordpress.org\/plugins\/iframe\/ -->\n<iframe loading=\"lazy\" src=\"https:\/\/www.facebook.com\/plugins\/post.php?href=https%3A%2F%2Fwww.facebook.com%2Floqueleosantillanaspain%2Fposts%2Fpfbid02323SaqCszLeti59uHuq91iAW45zExHfhyDAXGWEHDz1bPTTT5syAaM1XqtGhjbcRl&#038;show_text=false&#038;width=500\" width=\"500\" height=\"497\" style=\"border:none;overflow:hidden\" scrolling=\"no\" frameborder=\"0\" allowfullscreen=\"true\" allow=\"autoplay; clipboard-write; encrypted-media; picture-in-picture; web-share\" 0=\"\/iframe\" class=\"iframe-class\"><\/iframe>\n<\/p>\n<p>&nbsp;<\/p>\n<p>La idea de celebrar esti d\u00eda foi una iniciativa de Bangladesh. Foi aprob\u00e1u na Conferencia Xeneral de la UNESCO de 1999 y ll\u00e9vase a cabu en tol mundu dende l&#8217;a\u00f1u 2000.<\/p>\n<p>La UNESCO cree na importancia de la diversid\u00e1 cultural y lling\u00fc\u00edstico para les sociedaes sostenibles. Nel marcu del so mandatu en pro de la paz, trabaya para caltener les diferencies de cultures ya idiomes que fomenten la tolerancia y el respetu de los dem\u00e1s.<\/p>\n<p>La Unesco recu\u00e9rdanos que <em>\u00abla diversid\u00e1 lling\u00fc\u00edstica at\u00f3pase cada vez m\u00e1s amenaciada con un mayor n\u00famberu de lling\u00fces que sumen. Cada dos selmanes, como promediu, una llingua sume, llev\u00e1ndose cola so desapaici\u00f3n tou un patrimoniu cultural ya intelectual. Les sociedaes multiling\u00fces y multiculturales esisten al travi\u00e9s de les sos lling\u00fces, que tresmiten y caltienen les conocencies y les cultures tradicionales de manera sostenible.\u00bb<\/em><\/p>\n<div dir=\"auto\">Nel<span class=\"html-span xdj266r x11i5rnm xat24cr x1mh8g0r xexx8yu x4uap5 x18d9i69 xkhd6sd x1hl2dhg x16tdsg8 x1vvkbs\"><a class=\"x1i10hfl xjbqb8w x1ejq31n xd10rxx x1sy0etr x17r0tee x972fbf xcfux6l x1qhh985 xm0m39n x9f619 x1ypdohk xt0psk2 xe8uvvx xdj266r x11i5rnm xat24cr x1mh8g0r xexx8yu x4uap5 x18d9i69 xkhd6sd x16tdsg8 x1hl2dhg xggy1nq x1a2a7pz xkrqix3 x1sur9pj x1fey0fg x1s688f\" role=\"link\" href=\"https:\/\/www.facebook.com\/hashtag\/d%C3%ADadelalenguamaterna?__eep__=6&amp;__cft__[0]=AZX6OhwdsdI9pZ16G3opVCH3Z49vLW2hUuq35MKYseUeFKaiNbKoPyvTBV6-FPfOcZMxWXDNZMUYGfz7RDdk5yWZ92mHAK2j6xlo3183DZA238dpQ1rdYCpleEnmL7NT6G0HQi3Z6Ck6j85xqBCtN-JG7PJ1dDpGHjnGKViPDTFghB6k9bdSekV0nnKs2jSZaOGqgoBfXQkvFIZyAtKGmIGKQxTmmm6bsRbdjNcmeHs13qo5i85BRXh8rYUwd0tR-Ew&amp;__tn__=*NK-R\">#D\u00edaDeLaLenguaMaterna<\/a><\/span>recordamos qu&#8217;esisten m\u00e1s de 8,000 lling\u00fces nel mundu. Les sociedaes multiling\u00fces y multiculturales esisten gracies a les sos lling\u00fces, qu&#8217;abeluguen conocencies y tradiciones invaluables. Tenemos de garantizar l&#8217;accesu a una educaci\u00f3n multiling\u00fce, respetando&#8217;l derechu de les ne\u00f1es, ne\u00f1os y adolescentes a aprender, xugar y compartir na so llingua materna.<\/div>\n<div dir=\"auto\"><\/div>\n<\/div>\n<\/div>\n<\/div>\n<\/div>\n","protected":false},"excerpt":{"rendered":"<p>Lliga Celta d&#8217;Asturies Fala n&#8217;asturianu o eonaviegu&#8230;. ye lo nueso Cuando se deixa testimoniu de dignid\u00e1, nunca nun se fracasa. Xulio Viejo<\/p>\n","protected":false},"author":117,"featured_media":0,"comment_status":"open","ping_status":"open","sticky":false,"template":"","format":"standard","meta":{"footnotes":""},"categories":[6],"tags":[],"class_list":["post-41337","post","type-post","status-publish","format-standard","hentry","category-dia-de"],"_links":{"self":[{"href":"https:\/\/edublog.educastur.es\/ixuxu\/wp-json\/wp\/v2\/posts\/41337","targetHints":{"allow":["GET"]}}],"collection":[{"href":"https:\/\/edublog.educastur.es\/ixuxu\/wp-json\/wp\/v2\/posts"}],"about":[{"href":"https:\/\/edublog.educastur.es\/ixuxu\/wp-json\/wp\/v2\/types\/post"}],"author":[{"embeddable":true,"href":"https:\/\/edublog.educastur.es\/ixuxu\/wp-json\/wp\/v2\/users\/117"}],"replies":[{"embeddable":true,"href":"https:\/\/edublog.educastur.es\/ixuxu\/wp-json\/wp\/v2\/comments?post=41337"}],"version-history":[{"count":7,"href":"https:\/\/edublog.educastur.es\/ixuxu\/wp-json\/wp\/v2\/posts\/41337\/revisions"}],"predecessor-version":[{"id":42680,"href":"https:\/\/edublog.educastur.es\/ixuxu\/wp-json\/wp\/v2\/posts\/41337\/revisions\/42680"}],"wp:attachment":[{"href":"https:\/\/edublog.educastur.es\/ixuxu\/wp-json\/wp\/v2\/media?parent=41337"}],"wp:term":[{"taxonomy":"category","embeddable":true,"href":"https:\/\/edublog.educastur.es\/ixuxu\/wp-json\/wp\/v2\/categories?post=41337"},{"taxonomy":"post_tag","embeddable":true,"href":"https:\/\/edublog.educastur.es\/ixuxu\/wp-json\/wp\/v2\/tags?post=41337"}],"curies":[{"name":"wp","href":"https:\/\/api.w.org\/{rel}","templated":true}]}}