{"id":4134,"date":"2021-03-12T20:00:23","date_gmt":"2021-03-12T18:00:23","guid":{"rendered":"https:\/\/edublog.educastur.es\/ixuxu\/?p=4134"},"modified":"2021-03-13T13:28:01","modified_gmt":"2021-03-13T11:28:01","slug":"entama-la-vacuna-de-los-profes","status":"publish","type":"post","link":"https:\/\/edublog.educastur.es\/ixuxu\/2021\/03\/entama-la-vacuna-de-los-profes\/","title":{"rendered":"Entama la vacuna de los profes"},"content":{"rendered":"<ul>\n<li><a href=\"https:\/\/www.rtpa.es\/noticias-asturias-ast:-Comienza-la-vacunacion-de-los-profesores_111615578343.html\">Noticia RTPA<\/a><\/li>\n<li><a href=\"https:\/\/twitter.com\/HUCA_Asturias\/status\/1370498974776487940?s=20\">Ver videu, min. 0.40<\/a><\/li>\n<\/ul>\n<h4 class=\"font-size-l padding-b-20\" style=\"text-align: center\"><span style=\"font-size: 20px\"><em><span style=\"color: #008080\">A los menores de 55 a\u00f1os p\u00fanxose-yos la vacuna AstraZeneca<\/span><\/em><\/span><\/h4>\n<p style=\"text-align: center\"><a href=\"https:\/\/stgcdnvod.shooowit.net\/ondemand\/a4cddea6-ded3-40dd-9d14-fd6102bdd736\/3236dd0b-4298-4214-8de8-ad3332651df1_Fast_H,500,1200,.mp4.m3u8\"><img loading=\"lazy\" decoding=\"async\" class=\"alignnone\" src=\"https:\/\/www.rtpa.es\/fotos\/\/21\/03\/20210312203216_RTPA535744.jpg\" alt=\"\" width=\"602\" height=\"339\" \/><\/a><\/p>\n<p>Un total de 850 persones vacun\u00e1ronse esta tarde nel AutoVAC del HUCA, 750 d\u2019ellos profesores d\u2019Infantil, d\u2019Educaci\u00f3n Especial y personal del sector docente qu\u2019entamen dende g\u00fcei a recibir les dosis frente al COVID-19.<code class=\"language-html\"><br \/>\n<\/code><\/p>\n","protected":false},"excerpt":{"rendered":"<p>Noticia RTPA Ver videu, min. 0.40 A los menores de 55 a\u00f1os p\u00fanxose-yos la vacuna AstraZeneca Un total de 850 persones vacun\u00e1ronse esta tarde nel AutoVAC del HUCA, 750 d\u2019ellos profesores d\u2019Infantil, d\u2019Educaci\u00f3n Especial y personal del sector docente qu\u2019entamen dende g\u00fcei a recibir les dosis frente al COVID-19.<\/p>\n","protected":false},"author":117,"featured_media":0,"comment_status":"open","ping_status":"open","sticky":false,"template":"","format":"standard","meta":{"footnotes":""},"categories":[64,140],"tags":[],"class_list":["post-4134","post","type-post","status-publish","format-standard","hentry","category-carmen-ruiz-tilve","category-covid-19"],"_links":{"self":[{"href":"https:\/\/edublog.educastur.es\/ixuxu\/wp-json\/wp\/v2\/posts\/4134","targetHints":{"allow":["GET"]}}],"collection":[{"href":"https:\/\/edublog.educastur.es\/ixuxu\/wp-json\/wp\/v2\/posts"}],"about":[{"href":"https:\/\/edublog.educastur.es\/ixuxu\/wp-json\/wp\/v2\/types\/post"}],"author":[{"embeddable":true,"href":"https:\/\/edublog.educastur.es\/ixuxu\/wp-json\/wp\/v2\/users\/117"}],"replies":[{"embeddable":true,"href":"https:\/\/edublog.educastur.es\/ixuxu\/wp-json\/wp\/v2\/comments?post=4134"}],"version-history":[{"count":14,"href":"https:\/\/edublog.educastur.es\/ixuxu\/wp-json\/wp\/v2\/posts\/4134\/revisions"}],"predecessor-version":[{"id":4158,"href":"https:\/\/edublog.educastur.es\/ixuxu\/wp-json\/wp\/v2\/posts\/4134\/revisions\/4158"}],"wp:attachment":[{"href":"https:\/\/edublog.educastur.es\/ixuxu\/wp-json\/wp\/v2\/media?parent=4134"}],"wp:term":[{"taxonomy":"category","embeddable":true,"href":"https:\/\/edublog.educastur.es\/ixuxu\/wp-json\/wp\/v2\/categories?post=4134"},{"taxonomy":"post_tag","embeddable":true,"href":"https:\/\/edublog.educastur.es\/ixuxu\/wp-json\/wp\/v2\/tags?post=4134"}],"curies":[{"name":"wp","href":"https:\/\/api.w.org\/{rel}","templated":true}]}}