{"id":41351,"date":"2025-02-04T08:15:58","date_gmt":"2025-02-04T06:15:58","guid":{"rendered":"https:\/\/edublog.educastur.es\/ixuxu\/?p=41351"},"modified":"2025-02-04T10:19:48","modified_gmt":"2025-02-04T08:19:48","slug":"estau-del-tiempu-martes-4-de-febreru-2025","status":"publish","type":"post","link":"https:\/\/edublog.educastur.es\/ixuxu\/2025\/02\/estau-del-tiempu-martes-4-de-febreru-2025\/","title":{"rendered":"Est\u00e1u del tiempu: martes 4 de febreru 2025"},"content":{"rendered":"<div class=\"html-div xdj266r x11i5rnm xat24cr x1mh8g0r xexx8yu x1a8lsjc x1swvt13 x1pi30zi\">\n<div class=\"html-div xdj266r x11i5rnm xat24cr x1mh8g0r xexx8yu x4uap5 x18d9i69 xkhd6sd x1jx94hy x78zum5 x1q0g3np\">\n<div class=\"x78zum5 xdt5ytf xz62fqu x16ldp7u\">\n<div class=\"xu06os2 x1ok221b\">\n<div class=\"html-div xdj266r x11i5rnm xat24cr x1mh8g0r xexx8yu x4uap5 x18d9i69 xkhd6sd\" data-ad-rendering-role=\"profile_name\">\n<ul>\n<li class=\"html-h3 x11i5rnm xat24cr x1mh8g0r xexx8yu x4uap5 x18d9i69 xkhd6sd x1vvkbs x1heor9g x1qlqyl8 x1pd3egz x1a2a7pz x1gslohp x1yc453h\"><span class=\"x1lliihq x6ikm8r x10wlt62 x1n2onr6\"><span class=\"xt0psk2\"><a class=\"x1i10hfl xjbqb8w x1ejq31n xd10rxx x1sy0etr x17r0tee x972fbf xcfux6l x1qhh985 xm0m39n x9f619 x1ypdohk xt0psk2 xe8uvvx xdj266r x11i5rnm xat24cr x1mh8g0r xexx8yu x4uap5 x18d9i69 xkhd6sd x16tdsg8 x1hl2dhg xggy1nq x1a2a7pz x1sur9pj xkrqix3 xzsf02u x1s688f\" role=\"link\" href=\"https:\/\/www.facebook.com\/eltiempuenasturies?__cft__[0]=AZU-Ip0J2eSOD0lRZd5w8cN__TMFI7_pR6oQKJ_uMoIgD4JggnnRP8_1VvteP5-YaOz2nDKSfz-1kG-812Zz7RMnzhRlFcJy8BHmbdLIFsecPf7ncDL0ZJViJG-RaPtVa3h2VIUk4A7GyKkZjSg6x6V1o4Oq-viH0eyMRsaPMP9g4kJMMbrr9jC7JDrjJ-WKKgsVyYvoPIxWIEucDI6iPJ54lvZZOH-4yCZ2iZrR_rVf3g&amp;__tn__=-UC%2CP-y-R\" aria-describedby=\":R2taikpqkdqllajaillkqismipapd5aq:\"><strong class=\"html-strong xdj266r x11i5rnm xat24cr x1mh8g0r xexx8yu x4uap5 x18d9i69 xkhd6sd x1hl2dhg x16tdsg8 x1vvkbs x1s688f\"><span class=\"html-span xdj266r x11i5rnm xat24cr x1mh8g0r xexx8yu x4uap5 x18d9i69 xkhd6sd x1hl2dhg x16tdsg8 x1vvkbs\">El Tiempu n&#8217;Asturies.<\/span><\/strong><\/a><\/span><\/span><\/li>\n<\/ul>\n<\/div>\n<\/div>\n<div class=\"xu06os2 x1ok221b\" style=\"text-align: center\"><a href=\"http:\/\/edublog.educastur.es\/ixuxu\/files\/2024\/11\/467747825_894074599540617_1227988172354431857_n.jpg\"><img loading=\"lazy\" decoding=\"async\" class=\"aligncenter wp-image-36071\" src=\"http:\/\/edublog.educastur.es\/ixuxu\/files\/2024\/11\/467747825_894074599540617_1227988172354431857_n.jpg\" alt=\"\" width=\"320\" height=\"222\" srcset=\"https:\/\/edublog.educastur.es\/ixuxu\/files\/2024\/11\/467747825_894074599540617_1227988172354431857_n.jpg 450w, https:\/\/edublog.educastur.es\/ixuxu\/files\/2024\/11\/467747825_894074599540617_1227988172354431857_n-300x208.jpg 300w, https:\/\/edublog.educastur.es\/ixuxu\/files\/2024\/11\/467747825_894074599540617_1227988172354431857_n-433x300.jpg 433w\" sizes=\"auto, (max-width: 320px) 100vw, 320px\" \/><\/a><\/div>\n<\/div>\n<\/div>\n<\/div>\n<div class=\"html-div xdj266r x11i5rnm xat24cr x1mh8g0r xexx8yu x4uap5 x18d9i69 xkhd6sd\" dir=\"auto\">\n<div class=\"html-div xdj266r x11i5rnm xat24cr x1mh8g0r xexx8yu x4uap5 x18d9i69 xkhd6sd\" dir=\"auto\">\n<div class=\"html-div xdj266r x11i5rnm xat24cr x1mh8g0r xexx8yu x4uap5 x18d9i69 xkhd6sd\" data-ad-rendering-role=\"story_message\">\n<div class=\"x1l90r2v x1iorvi4 x1ye3gou xn6708d\" data-ad-comet-preview=\"message\" data-ad-preview=\"message\">\n<div class=\"x78zum5 xdt5ytf xz62fqu x16ldp7u\">\n<div class=\"xu06os2 x1ok221b\">\n<div class=\"x11i5rnm xat24cr x1mh8g0r x1vvkbs xtlvy1s x126k92a\">\n<div dir=\"auto\" style=\"text-align: center\"><\/div>\n<\/div>\n<div class=\"x11i5rnm xat24cr x1mh8g0r x1vvkbs xtlvy1s x126k92a\">\n<ul>\n<li dir=\"auto\"><strong><span style=\"color: #008080\">Alborecemos<\/span> <\/strong>col cielu poco nuboso o escampla\u00fa ya con unes temperatures que tan alrodiu de los 5\u00baC, rexistr\u00e1ndose nel puirtu Payares 0,5\u00baC.<\/li>\n<\/ul>\n<\/div>\n<div class=\"x11i5rnm xat24cr x1mh8g0r x1vvkbs xtlvy1s x126k92a\">\n<ul>\n<li dir=\"auto\"><strong><span style=\"color: #008080\">G\u00fcei<\/span><\/strong> va dir n&#8217;aumentu la nubosid\u00e1 media-alta pa dexanos el d\u00eda nuble al atapecer con unes temperatures m\u00e1simes n&#8217;ascensu ya col aire que sedr\u00e1 sele ya variable.<\/li>\n<\/ul>\n<p><!--more--><\/p>\n<\/div>\n<div class=\"x11i5rnm xat24cr x1mh8g0r x1vvkbs xtlvy1s x126k92a\">\n<ul>\n<li dir=\"auto\"><strong><span style=\"color: #008080\">Ma\u00f1ana mi\u00e9rcoles<\/span><\/strong> tendremos intervalos nubosos entemecios ente dellos claros o abancios. La nubosid\u00e1 sedr\u00e1 estratificada y afeutar\u00e1 sobre too a la fastera central d&#8217;Asturies, tando m\u00e1s escampl\u00e1u hacia la cordelera con unes temperatures que van camudar poco. L&#8217;aire sedr\u00e1 del nord\u00e9s con dalguna racha molesta nel llitoral.<\/li>\n<\/ul>\n<\/div>\n<div class=\"x11i5rnm xat24cr x1mh8g0r x1vvkbs xtlvy1s x126k92a\">\n<ul>\n<li dir=\"auto\"><strong><span style=\"color: #008080\">El xueves<\/span><\/strong> alboreceremos ente&#8217;l borr\u00edn y la nublina y asina taremos la mayor parte la ma\u00f1ana, tendiendo, a partir del mediud\u00eda, a llevartar dalgu con unes temperatures m\u00ednimes n&#8217;ascensu, mentantu que les m\u00e1simes anicien un descensu. L&#8217;aire sedr\u00e1 de componente norte sele en xeneral.<\/li>\n<\/ul>\n<\/div>\n<div class=\"x11i5rnm xat24cr x1mh8g0r x1vvkbs xtlvy1s x126k92a\">\n<ul>\n<li dir=\"auto\"><strong><span style=\"color: #008080\">Paez que&#8217;l vienres vamos tener precipitaciones<\/span><\/strong>, un descensu de les temperatures y nieve na cordelera perriba de los 700m, pero esto y\u00e1 lu diremos viendo y nun vos fies de los titulares sensacionalistes que y\u00e1 tan saliendo porque tien tola pinta a que la cosa va quedar ah\u00ed, un vienres con tintes ivernales y poco m\u00e1s. Como suele ser vezu l&#8217;atl\u00e1nticu emburria muncho y nos corta la circulaci\u00f3n retrograda cuando xusto mos llega a nosotros.<\/li>\n<\/ul>\n<\/div>\n<\/div>\n<\/div>\n<\/div>\n<\/div>\n<\/div>\n<\/div>\n<p>&nbsp;<\/p>\n","protected":false},"excerpt":{"rendered":"<p>El Tiempu n&#8217;Asturies. Alborecemos col cielu poco nuboso o escampla\u00fa ya con unes temperatures que tan alrodiu de los 5\u00baC, rexistr\u00e1ndose nel puirtu Payares 0,5\u00baC. G\u00fcei va dir n&#8217;aumentu la nubosid\u00e1 media-alta pa dexanos el d\u00eda nuble al atapecer con unes temperatures m\u00e1simes n&#8217;ascensu ya col aire que sedr\u00e1 sele ya variable.<\/p>\n","protected":false},"author":117,"featured_media":0,"comment_status":"open","ping_status":"open","sticky":false,"template":"","format":"standard","meta":{"footnotes":""},"categories":[5],"tags":[],"class_list":["post-41351","post","type-post","status-publish","format-standard","hentry","category-tiempu"],"_links":{"self":[{"href":"https:\/\/edublog.educastur.es\/ixuxu\/wp-json\/wp\/v2\/posts\/41351","targetHints":{"allow":["GET"]}}],"collection":[{"href":"https:\/\/edublog.educastur.es\/ixuxu\/wp-json\/wp\/v2\/posts"}],"about":[{"href":"https:\/\/edublog.educastur.es\/ixuxu\/wp-json\/wp\/v2\/types\/post"}],"author":[{"embeddable":true,"href":"https:\/\/edublog.educastur.es\/ixuxu\/wp-json\/wp\/v2\/users\/117"}],"replies":[{"embeddable":true,"href":"https:\/\/edublog.educastur.es\/ixuxu\/wp-json\/wp\/v2\/comments?post=41351"}],"version-history":[{"count":2,"href":"https:\/\/edublog.educastur.es\/ixuxu\/wp-json\/wp\/v2\/posts\/41351\/revisions"}],"predecessor-version":[{"id":41353,"href":"https:\/\/edublog.educastur.es\/ixuxu\/wp-json\/wp\/v2\/posts\/41351\/revisions\/41353"}],"wp:attachment":[{"href":"https:\/\/edublog.educastur.es\/ixuxu\/wp-json\/wp\/v2\/media?parent=41351"}],"wp:term":[{"taxonomy":"category","embeddable":true,"href":"https:\/\/edublog.educastur.es\/ixuxu\/wp-json\/wp\/v2\/categories?post=41351"},{"taxonomy":"post_tag","embeddable":true,"href":"https:\/\/edublog.educastur.es\/ixuxu\/wp-json\/wp\/v2\/tags?post=41351"}],"curies":[{"name":"wp","href":"https:\/\/api.w.org\/{rel}","templated":true}]}}