{"id":41359,"date":"2025-02-04T11:23:55","date_gmt":"2025-02-04T09:23:55","guid":{"rendered":"https:\/\/edublog.educastur.es\/ixuxu\/?p=41359"},"modified":"2025-02-04T11:41:49","modified_gmt":"2025-02-04T09:41:49","slug":"la-matriculacion-en-llingua-asturiana-y-lliteratura-aumenta-un-12","status":"publish","type":"post","link":"https:\/\/edublog.educastur.es\/ixuxu\/2025\/02\/la-matriculacion-en-llingua-asturiana-y-lliteratura-aumenta-un-12\/","title":{"rendered":"La matriculaci\u00f3n en Llingua Asturiana y Lliteratura aumenta un 1,2%"},"content":{"rendered":"<p><strong>La matriculaci\u00f3n en Llingua Asturiana y Lliteratura aumenta un 1,2% y algama la meyor cifra de los \u00faltimos a\u00f1os, con 22.909 estudiantes. <em><span style=\"text-decoration: underline\"><a href=\"https:\/\/actualidad.asturias.es\/-\/educaci%C3%B3n-aumenta-un-1-2%25-la-matriculaci%C3%B3n-en-lengua-asturiana-y-literatura-y-alcanza-la-mejor-cifra-de-los-%C3%BAltimos-a%C3%B1os-con-22.909-estudiantes?redirect=%2Fnoticias\">Fonte: Actualidad Asturies<\/a><\/span><\/em><\/strong><\/p>\n<p style=\"text-align: center\"><a href=\"https:\/\/actualidad.asturias.es\/documents\/537115\/2361135\/2025_02_03+consejera+con+presidente+Academia+de+la+Llingua.jpg\/34d9dc20-37cc-3d3d-53ca-9b4aa2cdc5b4?t=1738581339281\"><img loading=\"lazy\" decoding=\"async\" class=\"aligncenter \" src=\"https:\/\/actualidad.asturias.es\/documents\/537115\/2361135\/2025_02_03+consejera+con+presidente+Academia+de+la+Llingua.jpg\/34d9dc20-37cc-3d3d-53ca-9b4aa2cdc5b4?t=1738581339281\" width=\"582\" height=\"437\" \/><\/a><\/p>\n<p>La conseyera Lydia Escayu repas\u00f3 col presidente de l&#8217;Academia de la Llingua, Xos\u00e9 Ant\u00f3n Gonz\u00e1lez, les meyores na promoci\u00f3n de los idiomes aut\u00f3ctonos. La introducci\u00f3n de la ense\u00f1anza voluntaria nel segundu ciclu d&#8217;Infantil va ser la gran noved\u00e1 a partir de setiembre. La Conseyer\u00eda d&#8217;Educaci\u00f3n rexistra<strong> la cifra m\u00e1s alta de los \u00faltimos a\u00f1os d&#8217;alumn\u00e1u de Llingua Asturiana y Lliteratura.<\/strong><\/p>\n<p><!--more--><\/p>\n<p>El cursu 2024-2025 empez\u00f3 con 22.909 estudiantes, lo que supon<strong> una medr\u00eda del 1,2% respectu al a\u00f1u pas\u00e1u.<\/strong> Am\u00e1s, a esta cantid\u00e1 suman otres 31 matr\u00edcules contabilizaes mientres el primer trimestre.<\/p>\n<p>La conseyera, Lydia Espina, facilit\u00f3 g\u00fcei estos datos al presidente de l&#8217;Academia de la Llingua Asturiana, Xos\u00e9 Ant\u00f3n Gonz\u00e1lez Ria\u00f1o, mientres una xunta na que repasaron les principales ll\u00ednees de trabayu y les meyores na promoci\u00f3n de les lling\u00fces aut\u00f3ctones nel sistema educativu del Princip\u00e1u. Al alcuentru tami\u00e9n asisti\u00f3&#8217;l director xeneral d&#8217;Inclusi\u00f3n Educativa y Ordenaci\u00f3n, David Artime.<\/p>\n<p>Nel apart\u00e1u normativu, la gran noved\u00e1 va producise en septiembre, coincidiendo col <strong>entamu del pr\u00f3ximu cursu escolar, cola introducci\u00f3n de la ense\u00f1anza de llingua asturiana y eonaviego en tol segundu ciclu d&#8217;Infantil (3 a 6 a\u00f1os).<\/strong> Esa iniciativa va suponer la creaci\u00f3n d&#8217;un centenar de nueves places de docentes.<\/p>\n<p>Esti novedosu acercamientu a la llingua va realizase en <strong>Comunicaci\u00f3n y representaci\u00f3n<\/strong> de la realid\u00e1, una de les tr\u00e9s \u00e1rees d&#8217;aprendizaxe esistentes nesa etapa educativa. Va Tener un calter voluntariu para l&#8217;alumn\u00e1u -tal que preve la Llei 1\/1998, de 23 de marzu, d&#8217;usu y promoci\u00f3n del bable asturianu-, magar tolos centros qu&#8217;impartan el segundu ciclu d&#8217;Infantil van tar obligaos a ufiertalo.<\/p>\n<p>Espina anunci\u00f3 que&#8217;l camb\u00e9u del decretu d&#8217;Infantil para incluyir esti conten\u00edu y\u00e1 cunta con un borrador, que va salir llueu a informaci\u00f3n p\u00fablica.<\/p>\n","protected":false},"excerpt":{"rendered":"<p>La matriculaci\u00f3n en Llingua Asturiana y Lliteratura aumenta un 1,2% y algama la meyor cifra de los \u00faltimos a\u00f1os, con 22.909 estudiantes. Fonte: Actualidad Asturies La conseyera Lydia Escayu repas\u00f3 col presidente de l&#8217;Academia de la Llingua, Xos\u00e9 Ant\u00f3n Gonz\u00e1lez, les meyores na promoci\u00f3n de los idiomes aut\u00f3ctonos. La introducci\u00f3n de la ense\u00f1anza voluntaria nel [&hellip;]<\/p>\n","protected":false},"author":117,"featured_media":0,"comment_status":"open","ping_status":"open","sticky":false,"template":"","format":"standard","meta":{"footnotes":""},"categories":[44],"tags":[],"class_list":["post-41359","post","type-post","status-publish","format-standard","hentry","category-asturianu"],"_links":{"self":[{"href":"https:\/\/edublog.educastur.es\/ixuxu\/wp-json\/wp\/v2\/posts\/41359","targetHints":{"allow":["GET"]}}],"collection":[{"href":"https:\/\/edublog.educastur.es\/ixuxu\/wp-json\/wp\/v2\/posts"}],"about":[{"href":"https:\/\/edublog.educastur.es\/ixuxu\/wp-json\/wp\/v2\/types\/post"}],"author":[{"embeddable":true,"href":"https:\/\/edublog.educastur.es\/ixuxu\/wp-json\/wp\/v2\/users\/117"}],"replies":[{"embeddable":true,"href":"https:\/\/edublog.educastur.es\/ixuxu\/wp-json\/wp\/v2\/comments?post=41359"}],"version-history":[{"count":4,"href":"https:\/\/edublog.educastur.es\/ixuxu\/wp-json\/wp\/v2\/posts\/41359\/revisions"}],"predecessor-version":[{"id":41363,"href":"https:\/\/edublog.educastur.es\/ixuxu\/wp-json\/wp\/v2\/posts\/41359\/revisions\/41363"}],"wp:attachment":[{"href":"https:\/\/edublog.educastur.es\/ixuxu\/wp-json\/wp\/v2\/media?parent=41359"}],"wp:term":[{"taxonomy":"category","embeddable":true,"href":"https:\/\/edublog.educastur.es\/ixuxu\/wp-json\/wp\/v2\/categories?post=41359"},{"taxonomy":"post_tag","embeddable":true,"href":"https:\/\/edublog.educastur.es\/ixuxu\/wp-json\/wp\/v2\/tags?post=41359"}],"curies":[{"name":"wp","href":"https:\/\/api.w.org\/{rel}","templated":true}]}}