{"id":41364,"date":"2025-02-04T14:55:13","date_gmt":"2025-02-04T12:55:13","guid":{"rendered":"https:\/\/edublog.educastur.es\/ixuxu\/?p=41364"},"modified":"2025-02-04T14:59:04","modified_gmt":"2025-02-04T12:59:04","slug":"la-verdadera-asturias-ye-llion","status":"publish","type":"post","link":"https:\/\/edublog.educastur.es\/ixuxu\/2025\/02\/la-verdadera-asturias-ye-llion\/","title":{"rendered":"La verdadera Asturia(s) ye Lli\u00f3n"},"content":{"rendered":"<ul>\n<li><a href=\"https:\/\/ileon.eldiario.es\/opinion\/la-verdadera-asturias-es-leon-columna-historias-de-leon-jesus-maria-lopez-de-uribe_129_12023212.html?fbclid=IwY2xjawIO7E1leHRuA2FlbQIxMQABHcofnDs6-v7cknWlxB4gDlc6VrVV-xTcKEDv9oM4vQiwL_0qS-6pqExv8Q_aem_yg_2w3ydpWrPVUt9S8lE_Q\">Art\u00edculu Ile\u00f3n<\/a> \/<\/li>\n<\/ul>\n<p>Magar lo que pudiera paecer Lli\u00f3n ye&#8217;l territoriu de l&#8217;Asturies orixinal. Cuando entr\u00f3 na Hestoria, la Asturia nombrose a partir d&#8217;un r\u00edu que nun pasa pol territoriu alministrativu de lo que g\u00fcei ye la Comunid\u00e1 Aut\u00f3noma del Princip\u00e1u. Y con los romanos la capital del conventu \u00e1stur foi lo que g\u00fcei ye Astorga.<\/p>\n<p style=\"text-align: center\"><a href=\"https:\/\/static.eldiario.es\/clip\/aba386df-45a4-47e0-8df2-b349db7d34ed_16-9-discover-aspect-ratio_default_0_x717y224.webp\"><img loading=\"lazy\" decoding=\"async\" class=\"aligncenter size-large\" src=\"https:\/\/static.eldiario.es\/clip\/aba386df-45a4-47e0-8df2-b349db7d34ed_16-9-discover-aspect-ratio_default_0_x717y224.webp\" width=\"1200\" height=\"675\" \/><\/a><\/p>\n<p>&nbsp;<\/p>\n<p>&nbsp;<\/p>\n","protected":false},"excerpt":{"rendered":"<p>Art\u00edculu Ile\u00f3n \/ Magar lo que pudiera paecer Lli\u00f3n ye&#8217;l territoriu de l&#8217;Asturies orixinal. Cuando entr\u00f3 na Hestoria, la Asturia nombrose a partir d&#8217;un r\u00edu que nun pasa pol territoriu alministrativu de lo que g\u00fcei ye la Comunid\u00e1 Aut\u00f3noma del Princip\u00e1u. Y con los romanos la capital del conventu \u00e1stur foi lo que g\u00fcei ye [&hellip;]<\/p>\n","protected":false},"author":117,"featured_media":0,"comment_status":"open","ping_status":"open","sticky":false,"template":"","format":"standard","meta":{"footnotes":""},"categories":[29],"tags":[],"class_list":["post-41364","post","type-post","status-publish","format-standard","hentry","category-articulos"],"_links":{"self":[{"href":"https:\/\/edublog.educastur.es\/ixuxu\/wp-json\/wp\/v2\/posts\/41364","targetHints":{"allow":["GET"]}}],"collection":[{"href":"https:\/\/edublog.educastur.es\/ixuxu\/wp-json\/wp\/v2\/posts"}],"about":[{"href":"https:\/\/edublog.educastur.es\/ixuxu\/wp-json\/wp\/v2\/types\/post"}],"author":[{"embeddable":true,"href":"https:\/\/edublog.educastur.es\/ixuxu\/wp-json\/wp\/v2\/users\/117"}],"replies":[{"embeddable":true,"href":"https:\/\/edublog.educastur.es\/ixuxu\/wp-json\/wp\/v2\/comments?post=41364"}],"version-history":[{"count":3,"href":"https:\/\/edublog.educastur.es\/ixuxu\/wp-json\/wp\/v2\/posts\/41364\/revisions"}],"predecessor-version":[{"id":41367,"href":"https:\/\/edublog.educastur.es\/ixuxu\/wp-json\/wp\/v2\/posts\/41364\/revisions\/41367"}],"wp:attachment":[{"href":"https:\/\/edublog.educastur.es\/ixuxu\/wp-json\/wp\/v2\/media?parent=41364"}],"wp:term":[{"taxonomy":"category","embeddable":true,"href":"https:\/\/edublog.educastur.es\/ixuxu\/wp-json\/wp\/v2\/categories?post=41364"},{"taxonomy":"post_tag","embeddable":true,"href":"https:\/\/edublog.educastur.es\/ixuxu\/wp-json\/wp\/v2\/tags?post=41364"}],"curies":[{"name":"wp","href":"https:\/\/api.w.org\/{rel}","templated":true}]}}